{"id":10005,"date":"2021-07-26T16:52:09","date_gmt":"2021-07-26T16:52:09","guid":{"rendered":"http:\/\/www.pasadenahoy.com\/primero\/?p=10005"},"modified":"2021-07-26T16:52:11","modified_gmt":"2021-07-26T16:52:11","slug":"defensores-de-la-planificacion-del-2-de-agosto-manifestacion-en-el-ayuntamiento-para-exigir-inclusiones-en-el-borrador-del-elemento-de-vivienda-del-plan-general","status":"publish","type":"post","link":"http:\/\/www.pasadenahoy.com\/primero\/la-comunidad\/defensores-de-la-planificacion-del-2-de-agosto-manifestacion-en-el-ayuntamiento-para-exigir-inclusiones-en-el-borrador-del-elemento-de-vivienda-del-plan-general\/","title":{"rendered":"Defensores de la planificaci\u00f3n del 2 de agosto manifestaci\u00f3n en el ayuntamiento para exigir inclusiones en el borrador del elemento de vivienda del plan general"},"content":{"rendered":"\n<figure class=\"wp-block-image alignnone size-large\"><figure class=\"alignnone\"><img loading=\"lazy\" width=\"740\" height=\"400\" src=\"http:\/\/www.pasadenahoy.com\/primero\/wp-content\/uploads\/2021\/07\/pic-9-4.jpg\" alt=\"\" class=\"wp-image-10006\" srcset=\"http:\/\/www.pasadenahoy.com\/primero\/wp-content\/uploads\/2021\/07\/pic-9-4.jpg 740w, http:\/\/www.pasadenahoy.com\/primero\/wp-content\/uploads\/2021\/07\/pic-9-4-300x162.jpg 300w, http:\/\/www.pasadenahoy.com\/primero\/wp-content\/uploads\/2021\/07\/pic-9-4-241x130.jpg 241w, http:\/\/www.pasadenahoy.com\/primero\/wp-content\/uploads\/2021\/07\/pic-9-4-333x180.jpg 333w, http:\/\/www.pasadenahoy.com\/primero\/wp-content\/uploads\/2021\/07\/pic-9-4-700x378.jpg 700w, http:\/\/www.pasadenahoy.com\/primero\/wp-content\/uploads\/2021\/07\/pic-9-4-360x195.jpg 360w, http:\/\/www.pasadenahoy.com\/primero\/wp-content\/uploads\/2021\/07\/pic-9-4-720x389.jpg 720w\" sizes=\"100vw\" \/><\/figure><\/figure>\n\n\n\n<p>Una coalici\u00f3n de defensores de la vivienda locales se reunir\u00e1 a las 3 p.m. El lunes frente al Ayuntamiento de Pasadena para anunciar los planes de una manifestaci\u00f3n comunitaria antes de la pr\u00f3xima reuni\u00f3n del Ayuntamiento programada para el 2 de agosto.<\/p>\n\n\n\n<p>Nueve organizaciones c\u00edvicas: All Saints Church, Making Housing and Community Happen, NAACP, League of Women Voters-Pasadena Area, Pasadena For All, Pasadena Organizing for Progress (POP!), Democrats of Pasadena Foothills, Safe Streets Coalition y Abundant Vivienda LA &#8211; planifica la manifestaci\u00f3n a las 3 pm del 2 de agosto, antes de las 4:30 pm Reuni\u00f3n del Concejo Municipal donde los funcionarios electos est\u00e1n programados para revisar el Borrador del Elemento de Vivienda del Plan General.<\/p>\n\n\n\n<p>\u201cLos concejales, los comisionados de planificaci\u00f3n, los miembros del Grupo de Trabajo de Vivienda e incluso el personal de la ciudad han admitido que el borrador es vago y principalmente una continuaci\u00f3n del status quo en un momento en que miles de inquilinos de Pasadena enfrentan el desalojo, decenas de miles luchan con el alquiler y a las familias j\u00f3venes se les excluye la propiedad de la vivienda \u201d, dijo Ed Washatka, uno de los l\u00edderes de la coalici\u00f3n y un POP! miembro de la Junta.<\/p>\n\n\n\n<p>La manifestaci\u00f3n contar\u00e1 con un pergamino de dos metros y medio firmado por miembros de la coalici\u00f3n y simpatizantes que destacan 25 pol\u00edticas espec\u00edficas que los miembros de la coalici\u00f3n exigen que el Concejo Municipal los incorpore al Elemento de Vivienda antes de presentarlo al Departamento de Vivienda y Desarrollo Comunitario del Estado para su revisi\u00f3n.<\/p>\n\n\n\n<p>Las 25 demandas incluyen:<\/p>\n\n\n\n<p>Protecciones de inquilinos contra el acoso y el desalojo por causa justa.<br>Control de alquiler para dejar de poner precio a los inquilinos para que abandonen sus hogares.<br>Registro de alquiler de todas las propiedades de alquiler para garantizar la transparencia.<br>Garantizar el derecho del inquilino a recibir asesoramiento legal.<br>Enmendar el c\u00f3digo de zonificaci\u00f3n para permitir que las iglesias y las casas de fe construyan viviendas asequibles en terrenos sobrantes.<br>Incentivar la construcci\u00f3n de unidades de vivienda accesorias asequibles (ADU) y ADU junior mediante la eliminaci\u00f3n de restricciones y tarifas.<br>Eliminar los m\u00ednimos de estacionamiento en toda la ciudad para reducir el costo de la vivienda.<br>Crear una zona de superposici\u00f3n de viviendas asequibles.<br>Proporcionar un programa de bonificaci\u00f3n por densidad local cerca del tr\u00e1nsito.<br>Permitir viviendas en \u00e1reas zonificadas comercialmente y reutilizaci\u00f3n adaptativa de edificios comerciales.<br>Agilizar el engorroso proceso de aprobaci\u00f3n para todas las viviendas asequibles con escrituras restringidas y viviendas de apoyo permanente.<br>Promulgar un c\u00f3digo basado en formularios para centrarse en la construcci\u00f3n de formularios, no en el n\u00famero de unidades.<br>Eliminar las barreras reglamentarias para promover &#8220;Vivienda intermedia faltante&#8221;.<br>Dedicar terrenos p\u00fablicos desocupados y subutilizados (ciudad, distrito escolar, etc.) para viviendas asequibles.<br>Promulgar una fuente de financiamiento dedicada para un fondo de vivienda asequible (tarifas de impacto, bono de vivienda, un impuesto de vacante, impuesto de transferencia de propiedad y \/ o impuesto de vacante).<br>Separaci\u00f3n del costo del estacionamiento del costo del alquiler.<br>Aumentar los fondos generales para el departamento de vivienda para que tenga todo el personal para estar abierto al p\u00fablico durante todos los d\u00edas h\u00e1biles de la Ciudad.<br>Perdonar rentas \/ reembolsar p\u00e9rdidas econ\u00f3micas debido a la pandemia de COVID-19.<br>Poner fin a la falta de vivienda<br>Proporcionar &#8220;viviendas puente&#8221; o &#8220;casas diminutas&#8221; y servicios de apoyo a los que no tienen vivienda.<br>Ampliar la oferta de viviendas de apoyo permanente y viviendas provisionales \/ de transici\u00f3n.<br>Creaci\u00f3n de fideicomisos de tierras comunitarias para garantizar viviendas asequibles y propiedad de la tierra.<br>Establecer mecanismos y convenios de compra de la ciudad (preservar la vivienda asequible de origen natural y prevenir el desplazamiento de hogares de bajos ingresos).<br>Hacer cumplir los c\u00f3digos existentes. (La aplicaci\u00f3n laxa del c\u00f3digo resulta en malas condiciones de vida).<br>Obligar viviendas asequibles en el lugar en la ordenanza de vivienda inclusiva.<br>Asegurar que se construyan nuevas viviendas asequibles en toda la comunidad.<br>Los funcionarios de la iglesia ya pueden construir en su propiedad siempre que sigan las pautas de la ciudad, y terminar con la falta de vivienda ha sido un objetivo de la ciudad durante d\u00e9cadas. La ciudad tambi\u00e9n ha iniciado varios programas para ayudar a los propietarios a construir unidades de vivienda accesorias (ADU).<\/p>\n","protected":false},"excerpt":{"rendered":"<p>Una coalici\u00f3n de defensores de la vivienda locales se reunir\u00e1 a las 3 p.m. El lunes frente al Ayuntamiento de Pasadena para anunciar los planes de una manifestaci\u00f3n comunitaria antes de la pr\u00f3xima reuni\u00f3n del Ayuntamiento programada para el 2 de agosto. Nueve organizaciones c\u00edvicas: All Saints Church, Making Housing and Community Happen, NAACP, League of Women Voters-Pasadena Area, Pasadena For All, Pasadena Organizing for Progress (POP!), Democrats of Pasadena Foothills, Safe Streets Coalition y Abundant Vivienda LA &#8211; planifica [&hellip;]<\/p>\n","protected":false},"author":4,"featured_media":0,"comment_status":"open","ping_status":"closed","sticky":false,"template":"","format":"standard","meta":[],"categories":[4],"tags":[],"acf":[],"_links":{"self":[{"href":"http:\/\/www.pasadenahoy.com\/primero\/wp-json\/wp\/v2\/posts\/10005"}],"collection":[{"href":"http:\/\/www.pasadenahoy.com\/primero\/wp-json\/wp\/v2\/posts"}],"about":[{"href":"http:\/\/www.pasadenahoy.com\/primero\/wp-json\/wp\/v2\/types\/post"}],"author":[{"embeddable":true,"href":"http:\/\/www.pasadenahoy.com\/primero\/wp-json\/wp\/v2\/users\/4"}],"replies":[{"embeddable":true,"href":"http:\/\/www.pasadenahoy.com\/primero\/wp-json\/wp\/v2\/comments?post=10005"}],"version-history":[{"count":2,"href":"http:\/\/www.pasadenahoy.com\/primero\/wp-json\/wp\/v2\/posts\/10005\/revisions"}],"predecessor-version":[{"id":10008,"href":"http:\/\/www.pasadenahoy.com\/primero\/wp-json\/wp\/v2\/posts\/10005\/revisions\/10008"}],"wp:attachment":[{"href":"http:\/\/www.pasadenahoy.com\/primero\/wp-json\/wp\/v2\/media?parent=10005"}],"wp:term":[{"taxonomy":"category","embeddable":true,"href":"http:\/\/www.pasadenahoy.com\/primero\/wp-json\/wp\/v2\/categories?post=10005"},{"taxonomy":"post_tag","embeddable":true,"href":"http:\/\/www.pasadenahoy.com\/primero\/wp-json\/wp\/v2\/tags?post=10005"}],"curies":[{"name":"wp","href":"https:\/\/api.w.org\/{rel}","templated":true}]}}