{"id":10016,"date":"2021-07-28T15:06:49","date_gmt":"2021-07-28T15:06:49","guid":{"rendered":"http:\/\/www.pasadenahoy.com\/primero\/?p=10016"},"modified":"2021-07-28T15:06:52","modified_gmt":"2021-07-28T15:06:52","slug":"a-medida-que-los-funcionarios-de-pasadena-desarrollan-planes-similares-el-concejal-de-los-angeles-presentara-una-mocion-sobre-el-mandato-de-vacunas-para-los-empleados-de-la-ciudad","status":"publish","type":"post","link":"http:\/\/www.pasadenahoy.com\/primero\/la-comunidad\/a-medida-que-los-funcionarios-de-pasadena-desarrollan-planes-similares-el-concejal-de-los-angeles-presentara-una-mocion-sobre-el-mandato-de-vacunas-para-los-empleados-de-la-ciudad\/","title":{"rendered":"A medida que los funcionarios de Pasadena desarrollan planes similares, el concejal de Los \u00c1ngeles presentar\u00e1 una moci\u00f3n sobre el mandato de vacunas para los empleados de la ciudad"},"content":{"rendered":"\n<figure class=\"wp-block-image alignnone size-large\"><figure class=\"alignnone\"><img loading=\"lazy\" width=\"740\" height=\"400\" src=\"http:\/\/www.pasadenahoy.com\/primero\/wp-content\/uploads\/2021\/07\/pic-1-14.jpg\" alt=\"\" class=\"wp-image-10017\" srcset=\"http:\/\/www.pasadenahoy.com\/primero\/wp-content\/uploads\/2021\/07\/pic-1-14.jpg 740w, http:\/\/www.pasadenahoy.com\/primero\/wp-content\/uploads\/2021\/07\/pic-1-14-300x162.jpg 300w, http:\/\/www.pasadenahoy.com\/primero\/wp-content\/uploads\/2021\/07\/pic-1-14-241x130.jpg 241w, http:\/\/www.pasadenahoy.com\/primero\/wp-content\/uploads\/2021\/07\/pic-1-14-333x180.jpg 333w, http:\/\/www.pasadenahoy.com\/primero\/wp-content\/uploads\/2021\/07\/pic-1-14-700x378.jpg 700w, http:\/\/www.pasadenahoy.com\/primero\/wp-content\/uploads\/2021\/07\/pic-1-14-360x195.jpg 360w, http:\/\/www.pasadenahoy.com\/primero\/wp-content\/uploads\/2021\/07\/pic-1-14-720x389.jpg 720w\" sizes=\"100vw\" \/><figcaption><span class=\"caption-text\">Mark Ridley-Thomas<\/span><\/figcaption><\/figure><\/figure>\n\n\n\n<p>En un esfuerzo por alinear a Los \u00c1ngeles con Pasadena y otras ciudades que han tomado medidas para implementar un mandato de vacuna, el concejal de la ciudad de Los \u00c1ngeles, Mark Ridley-Thomas, planea presentar una moci\u00f3n el mi\u00e9rcoles para desarrollar una pol\u00edtica que requiera que todos los empleados de la ciudad est\u00e9n completamente vacunados contra COVID-19 e informar su estado de vacunaci\u00f3n al departamento correspondiente de la ciudad.<\/p>\n\n\n\n<p>San Francisco y la ciudad de Nueva York han anunciado planes similares, y el lunes los funcionarios de California anunciaron que todos los empleados estatales y todos los trabajadores en hospitales e instalaciones de atenci\u00f3n m\u00e9dica deber\u00e1n mostrar prueba de la vacuna COVID-19 o hacerse la prueba al menos una vez a la semana.<\/p>\n\n\n\n<p>En Pasadena, el alcalde V\u00edctor Gordo pidi\u00f3 la semana pasada a los alcaldes y funcionarios del condado que desarrollen pol\u00edticas para vacunar a los empleados del gobierno en toda la regi\u00f3n.<\/p>\n\n\n\n<p>El administrador de la ciudad, Steve Mermell, est\u00e1 desarrollando una pol\u00edtica que requerir\u00eda que todos los trabajadores de la ciudad sean vacunados contra COVID-19.<\/p>\n\n\n\n<p>\u201cSeg\u00fan las autocertificaciones proporcionadas voluntariamente por los empleados de la ciudad, aproximadamente el 55% declar\u00f3 que est\u00e1n completamente vacunados contra COVID-19\u201d, escribi\u00f3 Mermell en su bolet\u00edn semanal.<\/p>\n\n\n\n<p>&#8220;La ciudad de Los \u00c1ngeles debe predicar con el ejemplo&#8221;, dijo Ridley-Thomas en un comunicado emitido el lunes por la noche.<\/p>\n\n\n\n<p>\u201cSimple y llanamente\u201d, dijo, \u201clas vacunas son la \u00fanica forma de salir de esta pandemia. Son la forma m\u00e1s eficaz de prevenir la transmisi\u00f3n y limitar las hospitalizaciones y muertes por COVID-19.<\/p>\n\n\n\n<p>\u201cSi queremos que nuestra econom\u00eda se recupere por completo, si queremos que nuestros hijos puedan ir a la escuela sin m\u00e1scaras y si queremos que los miembros m\u00e1s vulnerables de nuestra comunidad no acaben en el hospital, todos debemos hacer nuestro parte y este movimiento es un paso en la direcci\u00f3n correcta &#8220;.<\/p>\n\n\n\n<p>Con la variante Delta del coronavirus que contin\u00faa aumentando las tasas de infecci\u00f3n y hospitalizaciones en el condado de Los \u00c1ngeles, Ridley-Thomas agreg\u00f3: &#8220;Creo que ahora es el momento de ampliar nuestras precauciones contra el COVID-19&#8221;.<\/p>\n\n\n\n<p>El lunes, el condado de Los \u00c1ngeles inform\u00f3 cuatro muertes m\u00e1s y 1.966 nuevas infecciones por COVID-19, mientras que las hospitalizaciones aumentaron a 825, m\u00e1s del doble que hace solo dos semanas.<\/p>\n\n\n\n<p>&#8220;Es hora de hacerlo&#8221;, dijo Ridley-Thomas, con respecto a un mandato de vacuna.<\/p>\n\n\n\n<p>Es probable que reciba el apoyo de otros miembros del consejo, varios de los cuales ya han apoyado p\u00fablicamente que la ciudad avance en la direcci\u00f3n del mandato de la vacuna.<\/p>\n\n\n\n<p>&#8220;Apoyo la vacunaci\u00f3n de todos los trabajadores de la ciudad&#8221;, dijo el presidente del consejo, Nury, a Los Angeles Times.<\/p>\n\n\n\n<p>Mientras tanto, despu\u00e9s de un anuncio del estado el lunes, todos los empleados estatales y todos los trabajadores en hospitales e instalaciones de atenci\u00f3n m\u00e9dica en todo California deber\u00e1n mostrar prueba de la vacuna COVID-19, mientras que aquellos que no puedan o se nieguen a hacerlo tendr\u00e1n que hacerse la prueba. al menos una vez por semana.<\/p>\n\n\n\n<p>Se espera que el programa de verificaci\u00f3n de vacunas para empleados estatales comience la pr\u00f3xima semana.<\/p>\n\n\n\n<p>El sistema para los trabajadores de la salud se implementar\u00e1 en las pr\u00f3ximas semanas y se espera que se cumpla para el 23 de agosto. Se aplicar\u00e1 a todos los entornos de atenci\u00f3n m\u00e9dica en todo el estado, p\u00fablicos y privados.<\/p>\n\n\n\n<p>La pol\u00edtica no cumple con un \u201cmandato\u201d de vacuna, ofreciendo a los empleados la opci\u00f3n de someterse a pruebas COVID regulares en lugar de proporcionar prueba de vacunaci\u00f3n. Se requerir\u00e1 que esos trabajadores se sometan a pruebas al menos una vez a la semana, posiblemente incluso dos veces por semana.<\/p>\n","protected":false},"excerpt":{"rendered":"<p>En un esfuerzo por alinear a Los \u00c1ngeles con Pasadena y otras ciudades que han tomado medidas para implementar un mandato de vacuna, el concejal de la ciudad de Los \u00c1ngeles, Mark Ridley-Thomas, planea presentar una moci\u00f3n el mi\u00e9rcoles para desarrollar una pol\u00edtica que requiera que todos los empleados de la ciudad est\u00e9n completamente vacunados contra COVID-19 e informar su estado de vacunaci\u00f3n al departamento correspondiente de la ciudad. San Francisco y la ciudad de Nueva York han anunciado planes [&hellip;]<\/p>\n","protected":false},"author":4,"featured_media":10017,"comment_status":"open","ping_status":"closed","sticky":false,"template":"","format":"standard","meta":[],"categories":[4],"tags":[],"acf":[],"_links":{"self":[{"href":"http:\/\/www.pasadenahoy.com\/primero\/wp-json\/wp\/v2\/posts\/10016"}],"collection":[{"href":"http:\/\/www.pasadenahoy.com\/primero\/wp-json\/wp\/v2\/posts"}],"about":[{"href":"http:\/\/www.pasadenahoy.com\/primero\/wp-json\/wp\/v2\/types\/post"}],"author":[{"embeddable":true,"href":"http:\/\/www.pasadenahoy.com\/primero\/wp-json\/wp\/v2\/users\/4"}],"replies":[{"embeddable":true,"href":"http:\/\/www.pasadenahoy.com\/primero\/wp-json\/wp\/v2\/comments?post=10016"}],"version-history":[{"count":2,"href":"http:\/\/www.pasadenahoy.com\/primero\/wp-json\/wp\/v2\/posts\/10016\/revisions"}],"predecessor-version":[{"id":10019,"href":"http:\/\/www.pasadenahoy.com\/primero\/wp-json\/wp\/v2\/posts\/10016\/revisions\/10019"}],"wp:featuredmedia":[{"embeddable":true,"href":"http:\/\/www.pasadenahoy.com\/primero\/wp-json\/wp\/v2\/media\/10017"}],"wp:attachment":[{"href":"http:\/\/www.pasadenahoy.com\/primero\/wp-json\/wp\/v2\/media?parent=10016"}],"wp:term":[{"taxonomy":"category","embeddable":true,"href":"http:\/\/www.pasadenahoy.com\/primero\/wp-json\/wp\/v2\/categories?post=10016"},{"taxonomy":"post_tag","embeddable":true,"href":"http:\/\/www.pasadenahoy.com\/primero\/wp-json\/wp\/v2\/tags?post=10016"}],"curies":[{"name":"wp","href":"https:\/\/api.w.org\/{rel}","templated":true}]}}