{"id":10024,"date":"2021-07-28T15:15:49","date_gmt":"2021-07-28T15:15:49","guid":{"rendered":"http:\/\/www.pasadenahoy.com\/primero\/?p=10024"},"modified":"2021-07-28T15:15:52","modified_gmt":"2021-07-28T15:15:52","slug":"la-tasa-de-vacunacion-contra-covid-19-de-pasadena-alcanza-el-812","status":"publish","type":"post","link":"http:\/\/www.pasadenahoy.com\/primero\/la-comunidad\/la-tasa-de-vacunacion-contra-covid-19-de-pasadena-alcanza-el-812\/","title":{"rendered":"La tasa de vacunaci\u00f3n contra COVID-19 de Pasadena alcanza el 81,2%"},"content":{"rendered":"\n<figure class=\"wp-block-image alignnone size-large\"><figure class=\"alignnone\"><img loading=\"lazy\" width=\"740\" height=\"400\" src=\"http:\/\/www.pasadenahoy.com\/primero\/wp-content\/uploads\/2021\/07\/pic-3-5.jpg\" alt=\"\" class=\"wp-image-10025\" srcset=\"http:\/\/www.pasadenahoy.com\/primero\/wp-content\/uploads\/2021\/07\/pic-3-5.jpg 740w, http:\/\/www.pasadenahoy.com\/primero\/wp-content\/uploads\/2021\/07\/pic-3-5-300x162.jpg 300w, http:\/\/www.pasadenahoy.com\/primero\/wp-content\/uploads\/2021\/07\/pic-3-5-241x130.jpg 241w, http:\/\/www.pasadenahoy.com\/primero\/wp-content\/uploads\/2021\/07\/pic-3-5-333x180.jpg 333w, http:\/\/www.pasadenahoy.com\/primero\/wp-content\/uploads\/2021\/07\/pic-3-5-700x378.jpg 700w, http:\/\/www.pasadenahoy.com\/primero\/wp-content\/uploads\/2021\/07\/pic-3-5-360x195.jpg 360w, http:\/\/www.pasadenahoy.com\/primero\/wp-content\/uploads\/2021\/07\/pic-3-5-720x389.jpg 720w\" sizes=\"100vw\" \/><\/figure><\/figure>\n\n\n\n<p>Los funcionarios de salud p\u00fablica de Pasadena informaron que el 81,2% de los residentes de la ciudad mayores de 12 a\u00f1os hab\u00edan sido vacunados.<\/p>\n\n\n\n<p>Otro 8.5% de los residentes de Pasadena elegibles hab\u00edan recibido dosis \u00fanicas de cursos de vacunas de dos dosis, seg\u00fan el Departamento de Salud P\u00fablica de Pasadena.<\/p>\n\n\n\n<p>Mientras tanto, el martes se detectaron 25 nuevas infecciones en la ciudad, pero no se documentaron nuevas muertes.<\/p>\n\n\n\n<p>En total, la ciudad hab\u00eda registrado 11,756 infecciones por COVID-19 y 352 muertes.<\/p>\n\n\n\n<p>En el Hospital Huntington, los funcionarios informaron haber tratado a 18 pacientes con COVID-19 hasta el martes, y tres de ellos en unidades de cuidados intensivos. La semana pasada, la instalaci\u00f3n inform\u00f3 haber tratado a 12 pacientes con COVID-19.<\/p>\n\n\n\n<p>Las cifras de hospitalizaciones por COVID-19 siguieron aumentando en el condado de Los \u00c1ngeles el martes, con las \u00faltimas cifras estatales que muestran que casi 900 personas est\u00e1n siendo tratadas por el virus, y las personas no vacunadas tienen una abrumadora mayor probabilidad de terminar ingresadas en centros m\u00e9dicos.<\/p>\n\n\n\n<p>Seg\u00fan las cifras estatales publicadas el martes, hab\u00eda 891 personas hospitalizadas debido a COVID en el condado, frente a las 825 del d\u00eda anterior. Ese es el n\u00famero m\u00e1s alto desde el 13 de marzo, y m\u00e1s del doble del n\u00famero del 12 de julio, cuando el condado report\u00f3 372 personas hospitalizadas.<\/p>\n\n\n\n<p>Hab\u00eda 195 personas en cuidados intensivos, frente a las 182 reportadas el lunes, seg\u00fan el estado.<\/p>\n\n\n\n<p>Las cifras, aunque aumentan, siguen estando muy por debajo de las m\u00e1s de 8.000 personas hospitalizadas durante el aumento repentino del invierno.<\/p>\n\n\n\n<p>El condado report\u00f3 otras 2,067 infecciones por COVID el martes, elevando el total acumulado del condado de toda la pandemia a 1,287,831.<\/p>\n\n\n\n<p>Tambi\u00e9n se informaron otras 15 muertes debido a COVID, lo que elev\u00f3 el n\u00famero de muertos del condado a 24,643.<\/p>\n\n\n\n<p>En declaraciones a la Junta de Supervisores del condado, la directora de salud p\u00fablica Barbara Ferrer dijo que el condado ha estado promediando nuevos casos diarios entre 2,000 y 2,500 durante la semana pasada.<\/p>\n\n\n\n<p>\u201cEstamos acostumbrados a que las hospitalizaciones aumenten como un indicador rezagado en comparaci\u00f3n con los casos, que generalmente aumentan de dos a tres semanas despu\u00e9s de que comenzamos a ver que nuestro n\u00famero de casos aumenta\u201d, dijo. &#8220;\u2026 Debido a este retraso, probablemente sea demasiado pronto para decir con certeza si el aumento que estamos viendo en las hospitalizaciones es el comienzo de una peque\u00f1a ola de hospitalizaciones o si es el comienzo de una oleada m\u00e1s devastadora&#8221;.<\/p>\n\n\n\n<p>Dijo que dada la cantidad de personas que est\u00e1n vacunadas en el condado, tiene la esperanza de que el condado no ver\u00e1 una repetici\u00f3n del aumento invernal de casos, que llev\u00f3 a m\u00e1s de 8,000 personas a ser hospitalizadas.<\/p>\n\n\n\n<p>Seg\u00fan Ferrer, de todas las personas hospitalizadas en el condado en junio, el 92% no estaban completamente vacunadas o no estaban completamente vacunadas. La cifra fue del 95% en mayo. Durante los primeros 10 d\u00edas de julio, la tasa es del 91%.<\/p>\n\n\n\n<p>Entre las personas que mueren a causa del virus, el 99,8% de las muertes por COVID en el condado durante los primeros seis meses del a\u00f1o ocurrieron entre los no vacunados, dijo Ferrer. La tasa fue del 96% del 1 de abril al 30 de junio, un per\u00edodo durante el cual las vacunas estuvieron m\u00e1s disponibles.<\/p>\n\n\n\n<p>El Departamento de Salud P\u00fablica de California report\u00f3 7.731 nuevas infecciones y cinco muertes, el martes, elevando los totales del estado a 3.815.702 casos del virus y 63.811 muertes.<\/p>\n\n\n\n<p>La tasa de positividad promedio en todo el estado durante la semana anterior se situ\u00f3 en 5.4%, seg\u00fan datos del Departamento de Salud P\u00fablica de California.<\/p>\n\n\n\n<p>Hasta el martes, el condado de Los \u00c1ngeles representaba el 34% de los casos de COVID-19 de California y el 39% de las muertes del estado.<\/p>\n","protected":false},"excerpt":{"rendered":"<p>Los funcionarios de salud p\u00fablica de Pasadena informaron que el 81,2% de los residentes de la ciudad mayores de 12 a\u00f1os hab\u00edan sido vacunados. Otro 8.5% de los residentes de Pasadena elegibles hab\u00edan recibido dosis \u00fanicas de cursos de vacunas de dos dosis, seg\u00fan el Departamento de Salud P\u00fablica de Pasadena. Mientras tanto, el martes se detectaron 25 nuevas infecciones en la ciudad, pero no se documentaron nuevas muertes. En total, la ciudad hab\u00eda registrado 11,756 infecciones por COVID-19 y [&hellip;]<\/p>\n","protected":false},"author":4,"featured_media":10025,"comment_status":"open","ping_status":"closed","sticky":false,"template":"","format":"standard","meta":[],"categories":[4],"tags":[],"acf":[],"_links":{"self":[{"href":"http:\/\/www.pasadenahoy.com\/primero\/wp-json\/wp\/v2\/posts\/10024"}],"collection":[{"href":"http:\/\/www.pasadenahoy.com\/primero\/wp-json\/wp\/v2\/posts"}],"about":[{"href":"http:\/\/www.pasadenahoy.com\/primero\/wp-json\/wp\/v2\/types\/post"}],"author":[{"embeddable":true,"href":"http:\/\/www.pasadenahoy.com\/primero\/wp-json\/wp\/v2\/users\/4"}],"replies":[{"embeddable":true,"href":"http:\/\/www.pasadenahoy.com\/primero\/wp-json\/wp\/v2\/comments?post=10024"}],"version-history":[{"count":2,"href":"http:\/\/www.pasadenahoy.com\/primero\/wp-json\/wp\/v2\/posts\/10024\/revisions"}],"predecessor-version":[{"id":10027,"href":"http:\/\/www.pasadenahoy.com\/primero\/wp-json\/wp\/v2\/posts\/10024\/revisions\/10027"}],"wp:featuredmedia":[{"embeddable":true,"href":"http:\/\/www.pasadenahoy.com\/primero\/wp-json\/wp\/v2\/media\/10025"}],"wp:attachment":[{"href":"http:\/\/www.pasadenahoy.com\/primero\/wp-json\/wp\/v2\/media?parent=10024"}],"wp:term":[{"taxonomy":"category","embeddable":true,"href":"http:\/\/www.pasadenahoy.com\/primero\/wp-json\/wp\/v2\/categories?post=10024"},{"taxonomy":"post_tag","embeddable":true,"href":"http:\/\/www.pasadenahoy.com\/primero\/wp-json\/wp\/v2\/tags?post=10024"}],"curies":[{"name":"wp","href":"https:\/\/api.w.org\/{rel}","templated":true}]}}