{"id":10032,"date":"2021-07-28T15:24:33","date_gmt":"2021-07-28T15:24:33","guid":{"rendered":"http:\/\/www.pasadenahoy.com\/primero\/?p=10032"},"modified":"2021-07-28T15:24:35","modified_gmt":"2021-07-28T15:24:35","slug":"audiencia-fijada-para-el-hombre-que-presuntamente-mato-y-desmembro-a-su-esposa-en-pasadena","status":"publish","type":"post","link":"http:\/\/www.pasadenahoy.com\/primero\/la-comunidad\/audiencia-fijada-para-el-hombre-que-presuntamente-mato-y-desmembro-a-su-esposa-en-pasadena\/","title":{"rendered":"Audiencia fijada para el hombre que presuntamente mat\u00f3 y desmembr\u00f3 a su esposa en Pasadena"},"content":{"rendered":"\n<figure class=\"wp-block-image alignnone size-large\"><figure class=\"alignnone\"><img loading=\"lazy\" width=\"740\" height=\"400\" src=\"http:\/\/www.pasadenahoy.com\/primero\/wp-content\/uploads\/2021\/07\/pic-5-10.jpg\" alt=\"\" class=\"wp-image-10033\" srcset=\"http:\/\/www.pasadenahoy.com\/primero\/wp-content\/uploads\/2021\/07\/pic-5-10.jpg 740w, http:\/\/www.pasadenahoy.com\/primero\/wp-content\/uploads\/2021\/07\/pic-5-10-300x162.jpg 300w, http:\/\/www.pasadenahoy.com\/primero\/wp-content\/uploads\/2021\/07\/pic-5-10-241x130.jpg 241w, http:\/\/www.pasadenahoy.com\/primero\/wp-content\/uploads\/2021\/07\/pic-5-10-333x180.jpg 333w, http:\/\/www.pasadenahoy.com\/primero\/wp-content\/uploads\/2021\/07\/pic-5-10-700x378.jpg 700w, http:\/\/www.pasadenahoy.com\/primero\/wp-content\/uploads\/2021\/07\/pic-5-10-360x195.jpg 360w, http:\/\/www.pasadenahoy.com\/primero\/wp-content\/uploads\/2021\/07\/pic-5-10-720x389.jpg 720w\" sizes=\"100vw\" \/><\/figure><\/figure>\n\n\n\n<p>Se program\u00f3 una audiencia a las 8:30 am del mi\u00e9rcoles para Valentino Guti\u00e9rrez, quien est\u00e1 acusado de asesinar a su esposa en enero de 2018 en Pasadena y luego tomar un tren a Los \u00c1ngeles, donde los restos de la mujer fueron incendiados en una maleta en un estacionamiento. . El prop\u00f3sito de la audiencia es fijar una fecha para la audiencia preliminar de Guti\u00e9rrez.<\/p>\n\n\n\n<p>Guti\u00e9rrez, quien est\u00e1 detenido con una fianza de $ 2 millones, enfrenta cargos de asesinato e incendio provocado en relaci\u00f3n con el crimen, seg\u00fan la Oficina del Fiscal de Distrito del Condado de Los \u00c1ngeles.<\/p>\n\n\n\n<p>Las autoridades dicen que la v\u00edctima, Tiana Alfred, de 31 a\u00f1os, y el acusado viv\u00edan en un refugio para personas sin hogar en Raymond Avenue en Pasadena en el momento en que ocurri\u00f3 el crimen.<\/p>\n\n\n\n<p>Las autoridades sostienen que Alfred fue asesinada en un restaurante abandonado en South Arroyo Parkway cerca de Colorado Boulevard, con sus restos cortados y metidos en una maleta antes de que Guti\u00e9rrez los llevara a un estacionamiento de Home Depot en Los \u00c1ngeles y los incendiara.<\/p>\n\n\n\n<p>Los bomberos que respondieron a lo que se inform\u00f3 como un incendio de basura encontraron los restos de la v\u00edctima.<\/p>\n\n\n\n<p>El video de vigilancia y otras pruebas forenses vincularon a Guti\u00e9rrez con el crimen. Fue arrestado el 2 de febrero de 2018.<\/p>\n\n\n\n<p><a href=\"Relacionado: Hombre sin hogar se declara inocente del asesinato de su esposa por desmembramiento en un restaurante abandonado de Pasadena\">Relacionado: Hombre sin hogar se declara inocente del asesinato de su esposa por desmembramiento en un restaurante abandonado de Pasadena<\/a><\/p>\n","protected":false},"excerpt":{"rendered":"<p>Se program\u00f3 una audiencia a las 8:30 am del mi\u00e9rcoles para Valentino Guti\u00e9rrez, quien est\u00e1 acusado de asesinar a su esposa en enero de 2018 en Pasadena y luego tomar un tren a Los \u00c1ngeles, donde los restos de la mujer fueron incendiados en una maleta en un estacionamiento. . El prop\u00f3sito de la audiencia es fijar una fecha para la audiencia preliminar de Guti\u00e9rrez. Guti\u00e9rrez, quien est\u00e1 detenido con una fianza de $ 2 millones, enfrenta cargos de asesinato [&hellip;]<\/p>\n","protected":false},"author":4,"featured_media":0,"comment_status":"open","ping_status":"closed","sticky":false,"template":"","format":"standard","meta":[],"categories":[4],"tags":[],"acf":[],"_links":{"self":[{"href":"http:\/\/www.pasadenahoy.com\/primero\/wp-json\/wp\/v2\/posts\/10032"}],"collection":[{"href":"http:\/\/www.pasadenahoy.com\/primero\/wp-json\/wp\/v2\/posts"}],"about":[{"href":"http:\/\/www.pasadenahoy.com\/primero\/wp-json\/wp\/v2\/types\/post"}],"author":[{"embeddable":true,"href":"http:\/\/www.pasadenahoy.com\/primero\/wp-json\/wp\/v2\/users\/4"}],"replies":[{"embeddable":true,"href":"http:\/\/www.pasadenahoy.com\/primero\/wp-json\/wp\/v2\/comments?post=10032"}],"version-history":[{"count":2,"href":"http:\/\/www.pasadenahoy.com\/primero\/wp-json\/wp\/v2\/posts\/10032\/revisions"}],"predecessor-version":[{"id":10035,"href":"http:\/\/www.pasadenahoy.com\/primero\/wp-json\/wp\/v2\/posts\/10032\/revisions\/10035"}],"wp:attachment":[{"href":"http:\/\/www.pasadenahoy.com\/primero\/wp-json\/wp\/v2\/media?parent=10032"}],"wp:term":[{"taxonomy":"category","embeddable":true,"href":"http:\/\/www.pasadenahoy.com\/primero\/wp-json\/wp\/v2\/categories?post=10032"},{"taxonomy":"post_tag","embeddable":true,"href":"http:\/\/www.pasadenahoy.com\/primero\/wp-json\/wp\/v2\/tags?post=10032"}],"curies":[{"name":"wp","href":"https:\/\/api.w.org\/{rel}","templated":true}]}}