{"id":10036,"date":"2021-07-28T15:28:51","date_gmt":"2021-07-28T15:28:51","guid":{"rendered":"http:\/\/www.pasadenahoy.com\/primero\/?p=10036"},"modified":"2021-07-28T15:29:39","modified_gmt":"2021-07-28T15:29:39","slug":"la-comision-de-diseno-continua-la-discusion-sobre-el-edificio-propuesto-para-el-hotel-de-ocho-pisos-plan-especifico-de-east-pasadena","status":"publish","type":"post","link":"http:\/\/www.pasadenahoy.com\/primero\/el-gobierno-local\/la-comision-de-diseno-continua-la-discusion-sobre-el-edificio-propuesto-para-el-hotel-de-ocho-pisos-plan-especifico-de-east-pasadena\/","title":{"rendered":"La Comisi\u00f3n de Dise\u00f1o contin\u00faa la discusi\u00f3n sobre el edificio propuesto para el hotel de ocho pisos, plan espec\u00edfico de East Pasadena"},"content":{"rendered":"\n<figure class=\"wp-block-image alignnone size-large\"><figure class=\"alignnone\"><img loading=\"lazy\" width=\"740\" height=\"400\" src=\"http:\/\/www.pasadenahoy.com\/primero\/wp-content\/uploads\/2021\/07\/pic-6-10.jpg\" alt=\"\" class=\"wp-image-10037\" srcset=\"http:\/\/www.pasadenahoy.com\/primero\/wp-content\/uploads\/2021\/07\/pic-6-10.jpg 740w, http:\/\/www.pasadenahoy.com\/primero\/wp-content\/uploads\/2021\/07\/pic-6-10-300x162.jpg 300w, http:\/\/www.pasadenahoy.com\/primero\/wp-content\/uploads\/2021\/07\/pic-6-10-241x130.jpg 241w, http:\/\/www.pasadenahoy.com\/primero\/wp-content\/uploads\/2021\/07\/pic-6-10-333x180.jpg 333w, http:\/\/www.pasadenahoy.com\/primero\/wp-content\/uploads\/2021\/07\/pic-6-10-700x378.jpg 700w, http:\/\/www.pasadenahoy.com\/primero\/wp-content\/uploads\/2021\/07\/pic-6-10-360x195.jpg 360w, http:\/\/www.pasadenahoy.com\/primero\/wp-content\/uploads\/2021\/07\/pic-6-10-720x389.jpg 720w\" sizes=\"100vw\" \/><\/figure><\/figure>\n\n\n\n<p>El martes, la Comisi\u00f3n de Dise\u00f1o continu\u00f3 su discusi\u00f3n sobre la propuesta de construir un complejo hotelero en el lado norte de Colorado Blvd. cerca de Hill Ave. y proyecto de uso mixto en la misma cuadra al sur, en Pasadena.<\/p>\n\n\n\n<p>El gran proyecto consta de un hotel de 8 pisos, 375 habitaciones y 335,560 pies cuadrados ubicado en 1347-1365 E. Colorado Blvd., 35-39 N. Hill Ave. y 36-56 N. Holliston Ave., conocido como North Parcel, y un proyecto de uso mixto de 5 pisos y 40,916 pies cuadrados de espacio comercial y 49 unidades residenciales en 1336-1350 E. Colorado Blvd., conocido como South Parcel.<\/p>\n\n\n\n<p>Durante su reuni\u00f3n, la Comisi\u00f3n decidi\u00f3 por unanimidad realizar una revisi\u00f3n adicional del proyecto despu\u00e9s de que algunos comisionados comentaron que el proyecto propuesto no cumpl\u00eda con los requisitos b\u00e1sicos del dise\u00f1o conceptual.<\/p>\n\n\n\n<p>\u201cEste proyecto deber\u00eda apuntar a la [excelencia]. No estoy seguro de que estemos [all\u00ed] todav\u00eda \u201d, dijo el comisionado Philip Chiao durante la reuni\u00f3n virtual de la comisi\u00f3n mientras expresaba su preocupaci\u00f3n por la altura de los edificios, su disposici\u00f3n masiva y proporcionalidad.<\/p>\n\n\n\n<p>&#8220;La escala y el juego de los elementos del edificio \u2026 no tiene la elegancia esperada&#8221;, dijo Chiao, y agreg\u00f3 que el edificio &#8220;no es un edificio atractivo&#8221;.<\/p>\n\n\n\n<p>El sitio del proyecto, que est\u00e1 cerca del campus principal de Pasadena City Colleged, se encuentra en la fase de dise\u00f1o de Revisi\u00f3n de conceptos del proceso de aprobaci\u00f3n de la comisi\u00f3n.<\/p>\n\n\n\n<p>El arquitecto del proyecto, ACRM Architects + Interiors, modific\u00f3 anteriormente su plan original despu\u00e9s de que los comisionados, el 8 de junio pasado, le recomendaran estudiar m\u00e1s a fondo su dise\u00f1o para asegurarse de que se ajustara al estilo federalista y Art Deco que se ve en los edificios de Pasadena City College.<\/p>\n\n\n\n<p>Por su parte, el presidente de la Comisi\u00f3n de Dise\u00f1o, el comisionado Srinivas Rao, dijo que el solicitante debe retroceder algunos pasos y revisar m\u00e1s el dise\u00f1o, ya que se\u00f1al\u00f3 que la masa general y el enfoque de la composici\u00f3n volum\u00e9trica del edificio deben prestarse al estilo que el el arquitecto est\u00e1 apuntando.<\/p>\n\n\n\n<p>\u201cActualmente, la forma en que est\u00e1 organizada es muy poco convincente\u201d, dijo Rao.<\/p>\n\n\n\n<p>\u201cDesde el punto de vista del dise\u00f1o conceptual, no estoy tan convencido como todos ustedes de que a partir de ahora podamos proporcionar informaci\u00f3n sobre la que el dise\u00f1o puede evolucionar hasta convertirse en un dise\u00f1o final\u201d, agreg\u00f3.<\/p>\n\n\n\n<p>Todos los comisionados presentes votaron a favor de la moci\u00f3n del comisionado Timothy Sales de dar al solicitante la discreci\u00f3n de comunicarse con un subcomit\u00e9 antes de que se enfrente a la comisi\u00f3n nuevamente por tercera vez, para presentar el dise\u00f1o revisado.<\/p>\n\n\n\n<p>Durante su reuni\u00f3n, la Comisi\u00f3n tambi\u00e9n llev\u00f3 a cabo una revisi\u00f3n consultiva del dise\u00f1o preliminar del Plan Espec\u00edfico de East Pasadena como parte de la Ronda 3 del proceso de participaci\u00f3n de la comunidad para el proyecto.<\/p>\n\n\n\n<p>Bajo el Programa de Implementaci\u00f3n del Plan General &#8220;Our Pasadena&#8221; de la ciudad, se requiere que el Departamento de Planificaci\u00f3n y Desarrollo Comunitario actualice las ocho \u00e1reas espec\u00edficas del plan en Pasadena.<\/p>\n\n\n\n<p>El Plan Espec\u00edfico de East Pasadena se enfoca en la expansi\u00f3n de negocios existentes y el desarrollo de nuevos negocios para brindar oportunidades de empleo a sus residentes.<\/p>\n\n\n\n<p>Se solicit\u00f3 la opini\u00f3n de la Comisi\u00f3n antes de que los proponentes prepararan un proyecto de plan para que lo examinara la Comisi\u00f3n de Planificaci\u00f3n, que se prev\u00e9 para el pr\u00f3ximo a\u00f1o.<\/p>\n\n\n\n<p>Martin Potter del Comit\u00e9 de Planificaci\u00f3n present\u00f3 ante la Comisi\u00f3n la descripci\u00f3n general del Plan Espec\u00edfico de East Pasadena, que fue la misma presentaci\u00f3n presentada ante la comunidad a trav\u00e9s de la jornada de puertas abiertas virtual que se puede ver en www.OurPasadena.org.<\/p>\n\n\n\n<p>Durante la reuni\u00f3n, el Comisionado de Ventas aplaudi\u00f3 el plan.<\/p>\n\n\n\n<p>&#8220;Creo que el plan es bueno y si miramos la historia de East Pasadena, ha cambiado con el tiempo y seguir\u00e1 cambiando&#8221;, dijo Sales.<\/p>\n\n\n\n<p>\u201cAplaudo el trabajo \u2026 Siempre hay un tira y afloja entre los intereses de la ciudad y del sector privado, pero creo que el mejor inter\u00e9s siempre es colaborar y encontrar la soluci\u00f3n com\u00fan, as\u00ed que espero que la Comisi\u00f3n de Planificaci\u00f3n tome en serio los comentarios tan detallados que recibimos \u201d, agreg\u00f3.<\/p>\n","protected":false},"excerpt":{"rendered":"<p>El martes, la Comisi\u00f3n de Dise\u00f1o continu\u00f3 su discusi\u00f3n sobre la propuesta de construir un complejo hotelero en el lado norte de Colorado Blvd. cerca de Hill Ave. y proyecto de uso mixto en la misma cuadra al sur, en Pasadena. El gran proyecto consta de un hotel de 8 pisos, 375 habitaciones y 335,560 pies cuadrados ubicado en 1347-1365 E. Colorado Blvd., 35-39 N. Hill Ave. y 36-56 N. Holliston Ave., conocido como North Parcel, y un proyecto de [&hellip;]<\/p>\n","protected":false},"author":4,"featured_media":0,"comment_status":"open","ping_status":"closed","sticky":false,"template":"","format":"standard","meta":[],"categories":[6],"tags":[],"acf":[],"_links":{"self":[{"href":"http:\/\/www.pasadenahoy.com\/primero\/wp-json\/wp\/v2\/posts\/10036"}],"collection":[{"href":"http:\/\/www.pasadenahoy.com\/primero\/wp-json\/wp\/v2\/posts"}],"about":[{"href":"http:\/\/www.pasadenahoy.com\/primero\/wp-json\/wp\/v2\/types\/post"}],"author":[{"embeddable":true,"href":"http:\/\/www.pasadenahoy.com\/primero\/wp-json\/wp\/v2\/users\/4"}],"replies":[{"embeddable":true,"href":"http:\/\/www.pasadenahoy.com\/primero\/wp-json\/wp\/v2\/comments?post=10036"}],"version-history":[{"count":2,"href":"http:\/\/www.pasadenahoy.com\/primero\/wp-json\/wp\/v2\/posts\/10036\/revisions"}],"predecessor-version":[{"id":10039,"href":"http:\/\/www.pasadenahoy.com\/primero\/wp-json\/wp\/v2\/posts\/10036\/revisions\/10039"}],"wp:attachment":[{"href":"http:\/\/www.pasadenahoy.com\/primero\/wp-json\/wp\/v2\/media?parent=10036"}],"wp:term":[{"taxonomy":"category","embeddable":true,"href":"http:\/\/www.pasadenahoy.com\/primero\/wp-json\/wp\/v2\/categories?post=10036"},{"taxonomy":"post_tag","embeddable":true,"href":"http:\/\/www.pasadenahoy.com\/primero\/wp-json\/wp\/v2\/tags?post=10036"}],"curies":[{"name":"wp","href":"https:\/\/api.w.org\/{rel}","templated":true}]}}