{"id":10043,"date":"2021-07-29T15:04:37","date_gmt":"2021-07-29T15:04:37","guid":{"rendered":"http:\/\/www.pasadenahoy.com\/primero\/?p=10043"},"modified":"2021-07-29T15:04:45","modified_gmt":"2021-07-29T15:04:45","slug":"long-beach-l-a-el-estado-sigue-el-liderazgo-de-pasadena-sobre-el-requisito-de-vacunas","status":"publish","type":"post","link":"http:\/\/www.pasadenahoy.com\/primero\/la-comunidad\/long-beach-l-a-el-estado-sigue-el-liderazgo-de-pasadena-sobre-el-requisito-de-vacunas\/","title":{"rendered":"Long Beach, L.A., el estado sigue el liderazgo de Pasadena sobre el requisito de vacunas"},"content":{"rendered":"\n<figure class=\"wp-block-image alignnone size-large\"><figure class=\"alignnone\"><img loading=\"lazy\" width=\"740\" height=\"400\" src=\"http:\/\/www.pasadenahoy.com\/primero\/wp-content\/uploads\/2021\/07\/pic-1-15.jpg\" alt=\"\" class=\"wp-image-10044\" srcset=\"http:\/\/www.pasadenahoy.com\/primero\/wp-content\/uploads\/2021\/07\/pic-1-15.jpg 740w, http:\/\/www.pasadenahoy.com\/primero\/wp-content\/uploads\/2021\/07\/pic-1-15-300x162.jpg 300w, http:\/\/www.pasadenahoy.com\/primero\/wp-content\/uploads\/2021\/07\/pic-1-15-241x130.jpg 241w, http:\/\/www.pasadenahoy.com\/primero\/wp-content\/uploads\/2021\/07\/pic-1-15-333x180.jpg 333w, http:\/\/www.pasadenahoy.com\/primero\/wp-content\/uploads\/2021\/07\/pic-1-15-700x378.jpg 700w, http:\/\/www.pasadenahoy.com\/primero\/wp-content\/uploads\/2021\/07\/pic-1-15-360x195.jpg 360w, http:\/\/www.pasadenahoy.com\/primero\/wp-content\/uploads\/2021\/07\/pic-1-15-720x389.jpg 720w\" sizes=\"100vw\" \/><\/figure><\/figure>\n\n\n\n<p>Mientras el presidente Joe Biden se prepara para revelar una pol\u00edtica el jueves que requiere que todos los empleados federales sean vacunados contra COVID-19, m\u00e1s ciudades parecen estar siguiendo una tendencia establecida por Pasadena, una que requiere que los empleados municipales est\u00e9n vacunados.<\/p>\n\n\n\n<p>El administrador de la ciudad de Pasadena, Steve Mermell, anunci\u00f3 el 19 de julio que estaba trabajando con el Departamento de Recursos Humanos para exigir que todos los empleados de la ciudad se vacunen.<\/p>\n\n\n\n<p>El anuncio fue noticia en toda la regi\u00f3n.<\/p>\n\n\n\n<p>\u201cEl administrador de la ciudad anunci\u00f3 que la ciudad implementar\u00e1 una pol\u00edtica para exigir las vacunas COVID-19 para 2,000 empleados\u201d, dijo la Oficial de Informaci\u00f3n P\u00fablica Lisa Derderian. \u201cActualmente, aproximadamente el 60% de los empleados de la ciudad han dado fe de estar completamente vacunados. Sin embargo, dado el riesgo continuo que representa el COVID-19, la tendencia al alza en los casos positivos y la variante Delta, una pol\u00edtica de vacuna es lo correcto para fomentar un ambiente de trabajo seguro y proteger la salud y seguridad de los empleados de la ciudad de Pasadena. y el p\u00fablico al que servimos. La pol\u00edtica de vacunas se est\u00e1 formalizando y esperamos implementarla en un futuro pr\u00f3ximo. La ciudad de Pasadena ser\u00eda la primera ciudad en iniciar esta pol\u00edtica en el sur de California y sigue anuncios similares del Sistema de la Universidad de California, Cal State System y la Ciudad y Condado de San Francisco, quienes recientemente anunciaron pol\u00edticas similares \u201d.<\/p>\n\n\n\n<p>Pasadena tambi\u00e9n ha restablecido un mandato enmascarado bajo techo.<\/p>\n\n\n\n<p>M\u00e1s del 81% de los residentes de la ciudad han sido vacunados, seg\u00fan su panel COVD.<\/p>\n\n\n\n<p>Seg\u00fan las cifras que informa el Departamento de Salud de Pasadena y la p\u00e1gina de salud p\u00fablica del condado, Pasadena tiene la tasa de vacunaci\u00f3n m\u00e1s alta de las ciudades del condado con poblaciones de m\u00e1s de 100,000 personas.<\/p>\n\n\n\n<p>El condado enumera incorrectamente la tasa de vacunaci\u00f3n de Pasadena en 77.8%.<\/p>\n\n\n\n<p>Los funcionarios de la ciudad de Los \u00c1ngeles el mi\u00e9rcoles comenzaron a discutir<br>detalles de una propuesta para requerir que todos los empleados municipales muestren prueba de vacunaci\u00f3n COVID-19 o se sometan a pruebas semanales de coronavirus, mientras que un miembro del Concejo Municipal present\u00f3 una moci\u00f3n pidiendo una regla m\u00e1s estricta que exigir\u00eda vacunas.<\/p>\n\n\n\n<p>Long Beach tambi\u00e9n requerir\u00e1 que los empleados de la ciudad confirmen el estado de vacunaci\u00f3n o se sometan a pruebas.<\/p>\n\n\n\n<p>El condado informa una extensi\u00f3n significativa de la variante Delta. Los funcionarios de salud ahora dicen que las personas vacunadas pueden tener la misma carga viral del virus que las no vacunadas.<\/p>\n\n\n\n<p>Los m\u00e9dicos del Huntington Hospital estaban tratando a 18 pacientes con COVID-19 hasta el mi\u00e9rcoles. Tres de ellos se encuentran en la unidad de cuidados intensivos del hospital.<\/p>\n\n\n\n<p>La nueva informaci\u00f3n condujo a nuevas pautas de los Centros para el Control y la Prevenci\u00f3n de Enfermedades (CDC) que aconsejan, no obligan, a las personas a usar m\u00e1scaras en interiores.<\/p>\n\n\n\n<p>&#8220;La cuarta ola est\u00e1 aqu\u00ed, y la elecci\u00f3n de los angelinos no podr\u00eda ser m\u00e1s clara: vacunarse o recibir COVID-19&#8221;, dijo el alcalde de Los \u00c1ngeles, Eric Garcetti, el martes por la noche. &#8220;Esta necesidad urgente significa que si usted es un empleado de la ciudad, ahora le exigiremos que demuestre que est\u00e1 vacunado o que se haga una prueba semanal&#8221;.<\/p>\n\n\n\n<p>La pol\u00edtica de Los \u00c1ngeles, si bien es similar a la pol\u00edtica estatal, no llega a ser un mandato.<\/p>\n\n\n\n<p>Sin embargo, Garcetti dijo que \u00e9l y el presidente del Concejo Municipal, Nury Martinez, est\u00e1n &#8220;comprometidos a perseguir un mandato de vacuna completo&#8221;.<\/p>\n\n\n\n<p>El concejal de la ciudad Mark Ridley-Thomas present\u00f3 una moci\u00f3n el mi\u00e9rcoles que impondr\u00eda un estricto mandato de vacunaci\u00f3n a los empleados municipales. La moci\u00f3n pide al funcionario administrativo de la ciudad, al analista legislativo jefe y al resto del personal que informen en 15 d\u00edas sobre una pol\u00edtica que requerir\u00eda que todos los empleados y contratistas de la ciudad est\u00e9n completamente vacunados e informen su estado de vacunaci\u00f3n al departamento de la ciudad correspondiente.<\/p>\n\n\n\n<p>Se espera que el presidente Joe Biden anuncie el jueves el requisito de que todos los empleados y contratistas federales est\u00e9n vacunados contra Covid-19, o se les exija que se sometan a pruebas regulares y requisitos de mitigaci\u00f3n, seg\u00fan CNN.<\/p>\n","protected":false},"excerpt":{"rendered":"<p>Mientras el presidente Joe Biden se prepara para revelar una pol\u00edtica el jueves que requiere que todos los empleados federales sean vacunados contra COVID-19, m\u00e1s ciudades parecen estar siguiendo una tendencia establecida por Pasadena, una que requiere que los empleados municipales est\u00e9n vacunados. El administrador de la ciudad de Pasadena, Steve Mermell, anunci\u00f3 el 19 de julio que estaba trabajando con el Departamento de Recursos Humanos para exigir que todos los empleados de la ciudad se vacunen. El anuncio fue [&hellip;]<\/p>\n","protected":false},"author":4,"featured_media":10044,"comment_status":"open","ping_status":"closed","sticky":false,"template":"","format":"standard","meta":[],"categories":[4],"tags":[],"acf":[],"_links":{"self":[{"href":"http:\/\/www.pasadenahoy.com\/primero\/wp-json\/wp\/v2\/posts\/10043"}],"collection":[{"href":"http:\/\/www.pasadenahoy.com\/primero\/wp-json\/wp\/v2\/posts"}],"about":[{"href":"http:\/\/www.pasadenahoy.com\/primero\/wp-json\/wp\/v2\/types\/post"}],"author":[{"embeddable":true,"href":"http:\/\/www.pasadenahoy.com\/primero\/wp-json\/wp\/v2\/users\/4"}],"replies":[{"embeddable":true,"href":"http:\/\/www.pasadenahoy.com\/primero\/wp-json\/wp\/v2\/comments?post=10043"}],"version-history":[{"count":2,"href":"http:\/\/www.pasadenahoy.com\/primero\/wp-json\/wp\/v2\/posts\/10043\/revisions"}],"predecessor-version":[{"id":10046,"href":"http:\/\/www.pasadenahoy.com\/primero\/wp-json\/wp\/v2\/posts\/10043\/revisions\/10046"}],"wp:featuredmedia":[{"embeddable":true,"href":"http:\/\/www.pasadenahoy.com\/primero\/wp-json\/wp\/v2\/media\/10044"}],"wp:attachment":[{"href":"http:\/\/www.pasadenahoy.com\/primero\/wp-json\/wp\/v2\/media?parent=10043"}],"wp:term":[{"taxonomy":"category","embeddable":true,"href":"http:\/\/www.pasadenahoy.com\/primero\/wp-json\/wp\/v2\/categories?post=10043"},{"taxonomy":"post_tag","embeddable":true,"href":"http:\/\/www.pasadenahoy.com\/primero\/wp-json\/wp\/v2\/tags?post=10043"}],"curies":[{"name":"wp","href":"https:\/\/api.w.org\/{rel}","templated":true}]}}