{"id":10047,"date":"2021-07-29T15:09:49","date_gmt":"2021-07-29T15:09:49","guid":{"rendered":"http:\/\/www.pasadenahoy.com\/primero\/?p=10047"},"modified":"2021-07-29T15:09:51","modified_gmt":"2021-07-29T15:09:51","slug":"las-29-nuevas-infecciones-por-covid-19-del-miercoles-llevan-el-recuento-de-7-dias-de-pasadena-a-casi-200-casos-nuevos","status":"publish","type":"post","link":"http:\/\/www.pasadenahoy.com\/primero\/la-comunidad\/las-29-nuevas-infecciones-por-covid-19-del-miercoles-llevan-el-recuento-de-7-dias-de-pasadena-a-casi-200-casos-nuevos\/","title":{"rendered":"Las 29 nuevas infecciones por COVID-19 del mi\u00e9rcoles llevan el recuento de 7 d\u00edas de Pasadena a casi 200 casos nuevos"},"content":{"rendered":"\n<figure class=\"wp-block-image alignnone size-large\"><figure class=\"alignnone\"><img loading=\"lazy\" width=\"700\" height=\"378\" src=\"http:\/\/www.pasadenahoy.com\/primero\/wp-content\/uploads\/2021\/04\/Covid-Update-1-1-1-700x378-1.jpg\" alt=\"\" class=\"wp-image-7899\" srcset=\"http:\/\/www.pasadenahoy.com\/primero\/wp-content\/uploads\/2021\/04\/Covid-Update-1-1-1-700x378-1.jpg 700w, http:\/\/www.pasadenahoy.com\/primero\/wp-content\/uploads\/2021\/04\/Covid-Update-1-1-1-700x378-1-300x162.jpg 300w, http:\/\/www.pasadenahoy.com\/primero\/wp-content\/uploads\/2021\/04\/Covid-Update-1-1-1-700x378-1-241x130.jpg 241w, http:\/\/www.pasadenahoy.com\/primero\/wp-content\/uploads\/2021\/04\/Covid-Update-1-1-1-700x378-1-333x180.jpg 333w, http:\/\/www.pasadenahoy.com\/primero\/wp-content\/uploads\/2021\/04\/Covid-Update-1-1-1-700x378-1-360x194.jpg 360w\" sizes=\"100vw\" \/><\/figure><\/figure>\n\n\n\n<p>La variante Delta del virus COVID-19 continu\u00f3 propag\u00e1ndose en Pasadena y en toda la regi\u00f3n el mi\u00e9rcoles, con 29 nuevas infecciones reportadas en la ciudad, dijeron las autoridades.<\/p>\n\n\n\n<p>La ciudad ha informado 192 casos nuevos en los \u00faltimos 7 d\u00edas.<\/p>\n\n\n\n<p>No se documentaron muertes y los totales pand\u00e9micos de la ciudad ascendieron a 11.785 infecciones confirmadas y 352 muertes.<\/p>\n\n\n\n<p>El n\u00famero promedio de infecciones diarias lleg\u00f3 a 27,4, seg\u00fan datos del Departamento de Salud P\u00fablica de Pasadena. El promedio se registr\u00f3 en 7 un mes antes y 1,4 dos meses antes.<\/p>\n\n\n\n<p>El Departamento de Salud P\u00fablica del Condado de Los \u00c1ngeles inform\u00f3 2,454 nuevas infecciones por COVID-19, junto con 15 muertes, elevando el total del condado a 1,290,226 casos del virus y 24,658 muertes.<\/p>\n\n\n\n<p>Un poco menos de 900 pacientes estaban siendo tratados por COVID-19 en los hospitales del condado, y el 22% de ellos estaban alojados en unidades de cuidados intensivos, seg\u00fan la agencia del condado.<\/p>\n\n\n\n<p>Con un 6,05%, &#8220;esta es la primera vez desde principios de febrero que la tasa de positividad de la prueba diaria super\u00f3 el 6%&#8221;, dijeron los funcionarios de salud del condado en una declaraci\u00f3n escrita.<\/p>\n\n\n\n<p>La directora de salud p\u00fablica del condado de Los \u00c1ngeles, Barbara Ferrer, inst\u00f3 a los empleados y empleadores a ser cautelosos en el trabajo.<\/p>\n\n\n\n<p>\u201cCon las tasas de casos m\u00e1s altas entre las personas de 18 a 49 a\u00f1os, que componen gran parte de nuestra fuerza laboral, los lugares de trabajo pueden contribuir f\u00e1cilmente a la propagaci\u00f3n del virus\u201d, dijo. &#8220;Los empleados no vacunados que interact\u00faan con otros trabajadores o con el p\u00fablico corren un riesgo elevado de contraer una infecci\u00f3n por COVID que luego puede propagarse f\u00e1cilmente del lugar de trabajo a los miembros de la familia y a los residentes de la comunidad&#8221;.<\/p>\n\n\n\n<p>A nivel estatal, el Departamento de Salud P\u00fablica de California anunci\u00f3 6,489 nuevas infecciones y 38 muertes el mi\u00e9rcoles, elevando los totales del estado a 3,822,551 casos de COVID-19 y 38 muertes.<\/p>\n\n\n\n<p>La tasa de positividad promedio en todo el estado durante la semana anterior continu\u00f3 subiendo constantemente, alcanzando el 5.9%, seg\u00fan los datos del CDPH.<\/p>\n\n\n\n<p>Hasta el mi\u00e9rcoles, el condado de Los \u00c1ngeles representaba el 34% de las infecciones por COVID-19 de California y el 39% de las muertes del estado.<\/p>\n","protected":false},"excerpt":{"rendered":"<p>La variante Delta del virus COVID-19 continu\u00f3 propag\u00e1ndose en Pasadena y en toda la regi\u00f3n el mi\u00e9rcoles, con 29 nuevas infecciones reportadas en la ciudad, dijeron las autoridades. La ciudad ha informado 192 casos nuevos en los \u00faltimos 7 d\u00edas. No se documentaron muertes y los totales pand\u00e9micos de la ciudad ascendieron a 11.785 infecciones confirmadas y 352 muertes. El n\u00famero promedio de infecciones diarias lleg\u00f3 a 27,4, seg\u00fan datos del Departamento de Salud P\u00fablica de Pasadena. El promedio se [&hellip;]<\/p>\n","protected":false},"author":4,"featured_media":7899,"comment_status":"open","ping_status":"closed","sticky":false,"template":"","format":"standard","meta":[],"categories":[4],"tags":[],"acf":[],"_links":{"self":[{"href":"http:\/\/www.pasadenahoy.com\/primero\/wp-json\/wp\/v2\/posts\/10047"}],"collection":[{"href":"http:\/\/www.pasadenahoy.com\/primero\/wp-json\/wp\/v2\/posts"}],"about":[{"href":"http:\/\/www.pasadenahoy.com\/primero\/wp-json\/wp\/v2\/types\/post"}],"author":[{"embeddable":true,"href":"http:\/\/www.pasadenahoy.com\/primero\/wp-json\/wp\/v2\/users\/4"}],"replies":[{"embeddable":true,"href":"http:\/\/www.pasadenahoy.com\/primero\/wp-json\/wp\/v2\/comments?post=10047"}],"version-history":[{"count":2,"href":"http:\/\/www.pasadenahoy.com\/primero\/wp-json\/wp\/v2\/posts\/10047\/revisions"}],"predecessor-version":[{"id":10049,"href":"http:\/\/www.pasadenahoy.com\/primero\/wp-json\/wp\/v2\/posts\/10047\/revisions\/10049"}],"wp:featuredmedia":[{"embeddable":true,"href":"http:\/\/www.pasadenahoy.com\/primero\/wp-json\/wp\/v2\/media\/7899"}],"wp:attachment":[{"href":"http:\/\/www.pasadenahoy.com\/primero\/wp-json\/wp\/v2\/media?parent=10047"}],"wp:term":[{"taxonomy":"category","embeddable":true,"href":"http:\/\/www.pasadenahoy.com\/primero\/wp-json\/wp\/v2\/categories?post=10047"},{"taxonomy":"post_tag","embeddable":true,"href":"http:\/\/www.pasadenahoy.com\/primero\/wp-json\/wp\/v2\/tags?post=10047"}],"curies":[{"name":"wp","href":"https:\/\/api.w.org\/{rel}","templated":true}]}}