{"id":10054,"date":"2021-07-29T15:21:12","date_gmt":"2021-07-29T15:21:12","guid":{"rendered":"http:\/\/www.pasadenahoy.com\/primero\/?p=10054"},"modified":"2021-07-29T15:21:14","modified_gmt":"2021-07-29T15:21:14","slug":"hombre-robado-a-punta-de-pistola-mientras-caminaba-al-trabajo-en-pasadena","status":"publish","type":"post","link":"http:\/\/www.pasadenahoy.com\/primero\/la-comunidad\/hombre-robado-a-punta-de-pistola-mientras-caminaba-al-trabajo-en-pasadena\/","title":{"rendered":"Hombre robado a punta de pistola mientras caminaba al trabajo en Pasadena"},"content":{"rendered":"\n<figure class=\"wp-block-image alignnone size-large\"><figure class=\"alignnone\"><img loading=\"lazy\" width=\"740\" height=\"400\" src=\"http:\/\/www.pasadenahoy.com\/primero\/wp-content\/uploads\/2021\/07\/pic-4-4.png\" alt=\"\" class=\"wp-image-10055\" srcset=\"http:\/\/www.pasadenahoy.com\/primero\/wp-content\/uploads\/2021\/07\/pic-4-4.png 740w, http:\/\/www.pasadenahoy.com\/primero\/wp-content\/uploads\/2021\/07\/pic-4-4-300x162.png 300w, http:\/\/www.pasadenahoy.com\/primero\/wp-content\/uploads\/2021\/07\/pic-4-4-241x130.png 241w, http:\/\/www.pasadenahoy.com\/primero\/wp-content\/uploads\/2021\/07\/pic-4-4-333x180.png 333w, http:\/\/www.pasadenahoy.com\/primero\/wp-content\/uploads\/2021\/07\/pic-4-4-700x378.png 700w, http:\/\/www.pasadenahoy.com\/primero\/wp-content\/uploads\/2021\/07\/pic-4-4-360x195.png 360w, http:\/\/www.pasadenahoy.com\/primero\/wp-content\/uploads\/2021\/07\/pic-4-4-720x389.png 720w\" sizes=\"100vw\" \/><figcaption><span class=\"caption-text\">\u00a9 Colaboradores de OpenStreetMap<\/span><\/figcaption><\/figure><\/figure>\n\n\n\n<p>Un hombre fue asaltado a punta de pistola mientras caminaba por Washington Boulevard en Pasadena el martes, dijo la polic\u00eda.<\/p>\n\n\n\n<p>Un vecino de unos 20 a\u00f1os se dirig\u00eda al trabajo alrededor de las 5:45 a.m. cuando un autom\u00f3vil se detuvo junto a \u00e9l, dijo el teniente de la polic\u00eda de Pasadena, Sean Dawkins.<\/p>\n\n\n\n<p>Un pasajero sali\u00f3 del autom\u00f3vil, blandi\u00f3 una pistola y orden\u00f3 a la v\u00edctima que se tumbara en el suelo, dijo Dawkins.<\/p>\n\n\n\n<p>El ladr\u00f3n luego exigi\u00f3 que la v\u00edctima entregara su propiedad, seg\u00fan el teniente. La v\u00edctima le entreg\u00f3 un tel\u00e9fono celular y un par de auriculares AirPods.<\/p>\n\n\n\n<p>El hombre armado regres\u00f3 al veh\u00edculo, que se alej\u00f3 r\u00e1pidamente hacia el este por Washington Boulevard, dijo la polic\u00eda. Fue descrito solo como un sed\u00e1n de cuatro puertas.<\/p>\n\n\n\n<p>La polic\u00eda describi\u00f3 al pistolero como un hombre latino de unos 20 a\u00f1os, que vest\u00eda pantalones deportivos grises, una sudadera negra y una mascarilla gris.<\/p>\n\n\n\n<p>No se dispon\u00eda de una descripci\u00f3n del aparente conductor de la fuga.<\/p>\n\n\n\n<p>Cualquier persona que tenga informaci\u00f3n puede comunicarse con el Departamento de Polic\u00eda de Pasadena al (626) 744-4501. Las pistas tambi\u00e9n se pueden enviar de forma an\u00f3nima a <a href=\"https:\/\/www.lacrimestoppers.org\/\">L.A. Regional Crime Stoppers <\/a>al (800) 222-8477.<\/p>\n","protected":false},"excerpt":{"rendered":"<p>Un hombre fue asaltado a punta de pistola mientras caminaba por Washington Boulevard en Pasadena el martes, dijo la polic\u00eda. Un vecino de unos 20 a\u00f1os se dirig\u00eda al trabajo alrededor de las 5:45 a.m. cuando un autom\u00f3vil se detuvo junto a \u00e9l, dijo el teniente de la polic\u00eda de Pasadena, Sean Dawkins. Un pasajero sali\u00f3 del autom\u00f3vil, blandi\u00f3 una pistola y orden\u00f3 a la v\u00edctima que se tumbara en el suelo, dijo Dawkins. El ladr\u00f3n luego exigi\u00f3 que la [&hellip;]<\/p>\n","protected":false},"author":4,"featured_media":0,"comment_status":"open","ping_status":"closed","sticky":false,"template":"","format":"standard","meta":[],"categories":[4],"tags":[],"acf":[],"_links":{"self":[{"href":"http:\/\/www.pasadenahoy.com\/primero\/wp-json\/wp\/v2\/posts\/10054"}],"collection":[{"href":"http:\/\/www.pasadenahoy.com\/primero\/wp-json\/wp\/v2\/posts"}],"about":[{"href":"http:\/\/www.pasadenahoy.com\/primero\/wp-json\/wp\/v2\/types\/post"}],"author":[{"embeddable":true,"href":"http:\/\/www.pasadenahoy.com\/primero\/wp-json\/wp\/v2\/users\/4"}],"replies":[{"embeddable":true,"href":"http:\/\/www.pasadenahoy.com\/primero\/wp-json\/wp\/v2\/comments?post=10054"}],"version-history":[{"count":2,"href":"http:\/\/www.pasadenahoy.com\/primero\/wp-json\/wp\/v2\/posts\/10054\/revisions"}],"predecessor-version":[{"id":10057,"href":"http:\/\/www.pasadenahoy.com\/primero\/wp-json\/wp\/v2\/posts\/10054\/revisions\/10057"}],"wp:attachment":[{"href":"http:\/\/www.pasadenahoy.com\/primero\/wp-json\/wp\/v2\/media?parent=10054"}],"wp:term":[{"taxonomy":"category","embeddable":true,"href":"http:\/\/www.pasadenahoy.com\/primero\/wp-json\/wp\/v2\/categories?post=10054"},{"taxonomy":"post_tag","embeddable":true,"href":"http:\/\/www.pasadenahoy.com\/primero\/wp-json\/wp\/v2\/tags?post=10054"}],"curies":[{"name":"wp","href":"https:\/\/api.w.org\/{rel}","templated":true}]}}