{"id":10058,"date":"2021-07-29T15:25:52","date_gmt":"2021-07-29T15:25:52","guid":{"rendered":"http:\/\/www.pasadenahoy.com\/primero\/?p=10058"},"modified":"2021-07-29T15:25:54","modified_gmt":"2021-07-29T15:25:54","slug":"dias-calidos-y-soleados-para-duplicar-todos-los-dias-hasta-la-proxima-semana","status":"publish","type":"post","link":"http:\/\/www.pasadenahoy.com\/primero\/la-comunidad\/dias-calidos-y-soleados-para-duplicar-todos-los-dias-hasta-la-proxima-semana\/","title":{"rendered":"D\u00edas c\u00e1lidos y soleados para duplicar todos los d\u00edas hasta la pr\u00f3xima semana"},"content":{"rendered":"\n<figure class=\"wp-block-image alignnone size-large\"><figure class=\"alignnone\"><img loading=\"lazy\" width=\"740\" height=\"400\" src=\"http:\/\/www.pasadenahoy.com\/primero\/wp-content\/uploads\/2021\/07\/pic-5-11.jpg\" alt=\"\" class=\"wp-image-10059\" srcset=\"http:\/\/www.pasadenahoy.com\/primero\/wp-content\/uploads\/2021\/07\/pic-5-11.jpg 740w, http:\/\/www.pasadenahoy.com\/primero\/wp-content\/uploads\/2021\/07\/pic-5-11-300x162.jpg 300w, http:\/\/www.pasadenahoy.com\/primero\/wp-content\/uploads\/2021\/07\/pic-5-11-241x130.jpg 241w, http:\/\/www.pasadenahoy.com\/primero\/wp-content\/uploads\/2021\/07\/pic-5-11-333x180.jpg 333w, http:\/\/www.pasadenahoy.com\/primero\/wp-content\/uploads\/2021\/07\/pic-5-11-700x378.jpg 700w, http:\/\/www.pasadenahoy.com\/primero\/wp-content\/uploads\/2021\/07\/pic-5-11-360x195.jpg 360w, http:\/\/www.pasadenahoy.com\/primero\/wp-content\/uploads\/2021\/07\/pic-5-11-720x389.jpg 720w\" sizes=\"100vw\" \/><\/figure><\/figure>\n\n\n\n<p>Se pronostica una alineaci\u00f3n de 90 grados, d\u00edas despejados y soleados para Pasadena despejados hasta mediados de la pr\u00f3xima semana.<\/p>\n\n\n\n<p>El Servicio Meteorol\u00f3gico Nacional dijo que hoy llegar\u00e1 a 91, estar\u00e1 soleado y tocar\u00e1 fondo a 64 grados y es probable que la mayor\u00eda de los d\u00edas hasta el pr\u00f3ximo mi\u00e9rcoles sean b\u00e1sicamente los mismos.<\/p>\n\n\n\n<p>Una masa de aire caliente permanecer\u00e1 en su lugar debido a un \u00e1rea de alta presi\u00f3n en el oeste. Se espera algo de enfriamiento durante el fin de semana ya que un \u00e1rea de baja presi\u00f3n roza el \u00e1rea, pero alta<\/p>\n\n\n\n<p>Es probable que la presi\u00f3n en el aire se recupere durante la pr\u00f3xima semana.<\/p>\n\n\n\n<p>Aqu\u00ed hay un vistazo m\u00e1s de cerca:<\/p>\n\n\n\n<p>Hoy: Soleado, la m\u00e1xima alrededor de 91. Viento en calma y llegar\u00e1 del suroeste alrededor de 5 mph.<\/p>\n\n\n\n<p>Esta Noche: Mayormente despejado, la m\u00ednima alrededor de 64. Viento del sur suroeste alrededor de 5 mph y se pondr\u00e1 en calma.<\/p>\n\n\n\n<p>Viernes: Mayormente soleado, la m\u00e1xima alrededor de 89. Viento en calma y llegar\u00e1 del sur suroeste alrededor de 5 mph. Vie.<\/p>\n\n\n\n<p>Vie. Por la Noche: Mayormente nublado, la m\u00ednima alrededor de 65. Viento del sur suroeste alrededor de 5 mph y se pondr\u00e1 en calma despu\u00e9s de medianoche.<\/p>\n\n\n\n<p>S\u00e1bado: Mayormente soleado, la m\u00e1xima alrededor de 90. Viento del suroeste de 5 a 15 mph.<\/p>\n\n\n\n<p>S\u00e1b. Por la Noche: Mayormente despejado, la m\u00ednima alrededor de 63.<\/p>\n\n\n\n<p>Domingo: Soleado, la m\u00e1xima alrededor de 90.<\/p>\n\n\n\n<p>Dom. Por la Noche: Despejado, la m\u00ednima alrededor de 62.<\/p>\n\n\n\n<p>Lunes: Soleado, la m\u00e1xima alrededor de 90.<\/p>\n\n\n\n<p>Por la Noche: Despejado, la m\u00ednima alrededor de 63.<\/p>\n\n\n\n<p>Martes: Soleado, la m\u00e1xima alrededor de 91.<\/p>\n\n\n\n<p>Mar. por la Noche: Mayormente despejado, la m\u00ednima alrededor de 64.<\/p>\n\n\n\n<p>Mi\u00e9rcoles: Soleado, la m\u00e1xima alrededor de 91.<\/p>\n","protected":false},"excerpt":{"rendered":"<p>Se pronostica una alineaci\u00f3n de 90 grados, d\u00edas despejados y soleados para Pasadena despejados hasta mediados de la pr\u00f3xima semana. El Servicio Meteorol\u00f3gico Nacional dijo que hoy llegar\u00e1 a 91, estar\u00e1 soleado y tocar\u00e1 fondo a 64 grados y es probable que la mayor\u00eda de los d\u00edas hasta el pr\u00f3ximo mi\u00e9rcoles sean b\u00e1sicamente los mismos. Una masa de aire caliente permanecer\u00e1 en su lugar debido a un \u00e1rea de alta presi\u00f3n en el oeste. Se espera algo de enfriamiento durante [&hellip;]<\/p>\n","protected":false},"author":4,"featured_media":0,"comment_status":"open","ping_status":"closed","sticky":false,"template":"","format":"standard","meta":[],"categories":[4],"tags":[],"acf":[],"_links":{"self":[{"href":"http:\/\/www.pasadenahoy.com\/primero\/wp-json\/wp\/v2\/posts\/10058"}],"collection":[{"href":"http:\/\/www.pasadenahoy.com\/primero\/wp-json\/wp\/v2\/posts"}],"about":[{"href":"http:\/\/www.pasadenahoy.com\/primero\/wp-json\/wp\/v2\/types\/post"}],"author":[{"embeddable":true,"href":"http:\/\/www.pasadenahoy.com\/primero\/wp-json\/wp\/v2\/users\/4"}],"replies":[{"embeddable":true,"href":"http:\/\/www.pasadenahoy.com\/primero\/wp-json\/wp\/v2\/comments?post=10058"}],"version-history":[{"count":2,"href":"http:\/\/www.pasadenahoy.com\/primero\/wp-json\/wp\/v2\/posts\/10058\/revisions"}],"predecessor-version":[{"id":10061,"href":"http:\/\/www.pasadenahoy.com\/primero\/wp-json\/wp\/v2\/posts\/10058\/revisions\/10061"}],"wp:attachment":[{"href":"http:\/\/www.pasadenahoy.com\/primero\/wp-json\/wp\/v2\/media?parent=10058"}],"wp:term":[{"taxonomy":"category","embeddable":true,"href":"http:\/\/www.pasadenahoy.com\/primero\/wp-json\/wp\/v2\/categories?post=10058"},{"taxonomy":"post_tag","embeddable":true,"href":"http:\/\/www.pasadenahoy.com\/primero\/wp-json\/wp\/v2\/tags?post=10058"}],"curies":[{"name":"wp","href":"https:\/\/api.w.org\/{rel}","templated":true}]}}