{"id":10062,"date":"2021-07-29T15:30:35","date_gmt":"2021-07-29T15:30:35","guid":{"rendered":"http:\/\/www.pasadenahoy.com\/primero\/?p=10062"},"modified":"2021-07-29T15:30:38","modified_gmt":"2021-07-29T15:30:38","slug":"la-organizacion-de-pasadena-ofrecera-talleres-gratuitos-para-ayudar-a-los-padres-con-la-tecnologia-y-los-suministros-escolares","status":"publish","type":"post","link":"http:\/\/www.pasadenahoy.com\/primero\/la-comunidad\/la-organizacion-de-pasadena-ofrecera-talleres-gratuitos-para-ayudar-a-los-padres-con-la-tecnologia-y-los-suministros-escolares\/","title":{"rendered":"La organizaci\u00f3n de Pasadena ofrecer\u00e1 talleres gratuitos para ayudar a los padres con la tecnolog\u00eda y los suministros escolares"},"content":{"rendered":"\n<div class=\"wp-block-image alignright\"><figure class=\"alignright size-large\"><img loading=\"lazy\" width=\"397\" height=\"514\" src=\"http:\/\/www.pasadenahoy.com\/primero\/wp-content\/uploads\/2021\/07\/pic6-2.png\" alt=\"\" class=\"wp-image-10063\" srcset=\"http:\/\/www.pasadenahoy.com\/primero\/wp-content\/uploads\/2021\/07\/pic6-2.png 397w, http:\/\/www.pasadenahoy.com\/primero\/wp-content\/uploads\/2021\/07\/pic6-2-232x300.png 232w, http:\/\/www.pasadenahoy.com\/primero\/wp-content\/uploads\/2021\/07\/pic6-2-100x130.png 100w, http:\/\/www.pasadenahoy.com\/primero\/wp-content\/uploads\/2021\/07\/pic6-2-139x180.png 139w, http:\/\/www.pasadenahoy.com\/primero\/wp-content\/uploads\/2021\/07\/pic6-2-360x466.png 360w\" sizes=\"100vw\" \/><\/figure><\/div>\n\n\n\n<p>Una organizaci\u00f3n con sede en Pasadena dedicada a la educaci\u00f3n est\u00e1 planeando dos talleres en las pr\u00f3ximas semanas en los que planean ayudar a los padres a asegurarse de que est\u00e9n al d\u00eda con las \u00faltimas tecnolog\u00edas que sus hijos usar\u00e1n en la escuela, as\u00ed como ofrecer \u00fatiles escolares gratuitos. para ayudar a las familias locales a comenzar el a\u00f1o escolar.<\/p>\n\n\n\n<p>Pasadena Family Engagement in Educational Opportunities, o FEEO, est\u00e1 organizando los talleres, que se presentar\u00e1n en ingl\u00e9s y espa\u00f1ol, en l\u00ednea el s\u00e1bado y nuevamente el 28 de agosto, seg\u00fan la organizaci\u00f3n. Ambos talleres se llevar\u00e1n a cabo desde el mediod\u00eda hasta las 13.00 horas.<\/p>\n\n\n\n<p>\u201cEquiparemos a los padres con habilidades relacionadas con la alfabetizaci\u00f3n digital, cubriendo temas desde la navegaci\u00f3n de aplicaciones educativas importantes hasta el uso de las redes sociales para los ni\u00f1os\u201d, dijo FEEO en una declaraci\u00f3n escrita.<\/p>\n\n\n\n<p>\u201cCon la pandemia y la creciente dependencia de la tecnolog\u00eda en nuestro mundo, es importante que los padres comprendan c\u00f3mo usar la tecnolog\u00eda, tanto para ellos como para sus hijos\u201d, agrega el comunicado.<\/p>\n\n\n\n<p>Los participantes tambi\u00e9n recibir\u00e1n una caja gratuita de \u00fatiles escolares, as\u00ed como tarjetas de regalo con un valor de hasta $ 25 por m\u00e1s \u00fatiles, dijo el Gerente del Programa FEEO, Joven Torres.<\/p>\n\n\n\n<p>El objetivo principal de FEEO es ayudar a que los padres sigan participando en la educaci\u00f3n de sus hijos, dijo.<\/p>\n\n\n\n<p>&#8220;Este es sobre tecnolog\u00eda&#8221;, agreg\u00f3.<\/p>\n\n\n\n<p>Aunque las escuelas est\u00e1n volviendo a la instrucci\u00f3n en persona este a\u00f1o escolar, despu\u00e9s de un a\u00f1o completo de aprendizaje a distancia, \u201cmuchos elementos tecnol\u00f3gicos similares de las escuelas llegaron para quedarse\u201d, seg\u00fan Torres.<\/p>\n\n\n\n<p>Y adem\u00e1s de algunos consejos t\u00e9cnicos, &#8220;tambi\u00e9n recibir\u00e1 una caja de regalo con \u00fatiles escolares, as\u00ed como una tarjeta de regalo de $ 25 que podr\u00eda usar para otras necesidades escolares antes de que comience el a\u00f1o escolar&#8221;, dijo.<\/p>\n\n\n\n<p>Los interesados \u200b\u200ben participar en los pr\u00f3ximos talleres pueden registrarse en l\u00ednea en <a href=\"https:\/\/docs.google.com\/forms\/d\/e\/1FAIpQLScs9obZun-34_cyxIMcfPiUABFyEGhAFRvGJ0Uac5b0Jya95A\/viewform\">docs.google.com\/forms\/d\/e\/1FAIpQLScs9obZun-34_cyxIMcfPiUABFyEGhAFRvGJ0Uac5b0Jya95A\/viewform.<\/a><\/p>\n\n\n\n<p>Puede encontrar m\u00e1s informaci\u00f3n sobre Pasadena FEEO en el sitio web de la organizaci\u00f3n <a href=\"https:\/\/www.pasadenafeeo.com\/\">pasadenafeeo.com.<\/a><\/p>\n","protected":false},"excerpt":{"rendered":"<p>Una organizaci\u00f3n con sede en Pasadena dedicada a la educaci\u00f3n est\u00e1 planeando dos talleres en las pr\u00f3ximas semanas en los que planean ayudar a los padres a asegurarse de que est\u00e9n al d\u00eda con las \u00faltimas tecnolog\u00edas que sus hijos usar\u00e1n en la escuela, as\u00ed como ofrecer \u00fatiles escolares gratuitos. para ayudar a las familias locales a comenzar el a\u00f1o escolar. Pasadena Family Engagement in Educational Opportunities, o FEEO, est\u00e1 organizando los talleres, que se presentar\u00e1n en ingl\u00e9s y espa\u00f1ol, [&hellip;]<\/p>\n","protected":false},"author":4,"featured_media":0,"comment_status":"open","ping_status":"closed","sticky":false,"template":"","format":"standard","meta":[],"categories":[4],"tags":[],"acf":[],"_links":{"self":[{"href":"http:\/\/www.pasadenahoy.com\/primero\/wp-json\/wp\/v2\/posts\/10062"}],"collection":[{"href":"http:\/\/www.pasadenahoy.com\/primero\/wp-json\/wp\/v2\/posts"}],"about":[{"href":"http:\/\/www.pasadenahoy.com\/primero\/wp-json\/wp\/v2\/types\/post"}],"author":[{"embeddable":true,"href":"http:\/\/www.pasadenahoy.com\/primero\/wp-json\/wp\/v2\/users\/4"}],"replies":[{"embeddable":true,"href":"http:\/\/www.pasadenahoy.com\/primero\/wp-json\/wp\/v2\/comments?post=10062"}],"version-history":[{"count":2,"href":"http:\/\/www.pasadenahoy.com\/primero\/wp-json\/wp\/v2\/posts\/10062\/revisions"}],"predecessor-version":[{"id":10065,"href":"http:\/\/www.pasadenahoy.com\/primero\/wp-json\/wp\/v2\/posts\/10062\/revisions\/10065"}],"wp:attachment":[{"href":"http:\/\/www.pasadenahoy.com\/primero\/wp-json\/wp\/v2\/media?parent=10062"}],"wp:term":[{"taxonomy":"category","embeddable":true,"href":"http:\/\/www.pasadenahoy.com\/primero\/wp-json\/wp\/v2\/categories?post=10062"},{"taxonomy":"post_tag","embeddable":true,"href":"http:\/\/www.pasadenahoy.com\/primero\/wp-json\/wp\/v2\/tags?post=10062"}],"curies":[{"name":"wp","href":"https:\/\/api.w.org\/{rel}","templated":true}]}}