{"id":10075,"date":"2021-07-30T15:20:57","date_gmt":"2021-07-30T15:20:57","guid":{"rendered":"http:\/\/www.pasadenahoy.com\/primero\/?p=10075"},"modified":"2021-07-30T15:20:59","modified_gmt":"2021-07-30T15:20:59","slug":"el-director-de-salud-de-pasadena-recomienda-las-pruebas-covid-19-semanales-para-los-estudiantes-del-pusd","status":"publish","type":"post","link":"http:\/\/www.pasadenahoy.com\/primero\/la-comunidad\/el-director-de-salud-de-pasadena-recomienda-las-pruebas-covid-19-semanales-para-los-estudiantes-del-pusd\/","title":{"rendered":"El director de salud de Pasadena recomienda las pruebas COVID-19 semanales para los estudiantes del PUSD"},"content":{"rendered":"\n<figure class=\"wp-block-image alignnone size-large\"><figure class=\"alignnone\"><img loading=\"lazy\" width=\"740\" height=\"400\" src=\"http:\/\/www.pasadenahoy.com\/primero\/wp-content\/uploads\/2021\/07\/pic-2-10.jpg\" alt=\"\" class=\"wp-image-10076\" srcset=\"http:\/\/www.pasadenahoy.com\/primero\/wp-content\/uploads\/2021\/07\/pic-2-10.jpg 740w, http:\/\/www.pasadenahoy.com\/primero\/wp-content\/uploads\/2021\/07\/pic-2-10-300x162.jpg 300w, http:\/\/www.pasadenahoy.com\/primero\/wp-content\/uploads\/2021\/07\/pic-2-10-241x130.jpg 241w, http:\/\/www.pasadenahoy.com\/primero\/wp-content\/uploads\/2021\/07\/pic-2-10-333x180.jpg 333w, http:\/\/www.pasadenahoy.com\/primero\/wp-content\/uploads\/2021\/07\/pic-2-10-700x378.jpg 700w, http:\/\/www.pasadenahoy.com\/primero\/wp-content\/uploads\/2021\/07\/pic-2-10-360x195.jpg 360w, http:\/\/www.pasadenahoy.com\/primero\/wp-content\/uploads\/2021\/07\/pic-2-10-720x389.jpg 720w\" sizes=\"100vw\" \/><\/figure><\/figure>\n\n\n\n<p>El director de Salud P\u00fablica de Pasadena, el Dr. Ying-Ying Goh, recomienda la prueba COVID-19 semanal para los estudiantes del Distrito Escolar Unificado de Pasadena, independientemente del estado de vacunaci\u00f3n.<\/p>\n\n\n\n<p>Hizo la recomendaci\u00f3n durante la reuni\u00f3n de la Junta de Educaci\u00f3n del Distrito Escolar Unificado de Pasadena el jueves cuando la miembro de la Junta Tina Wu Fredericks le pregunt\u00f3 con qu\u00e9 frecuencia los estudiantes deben hacerse la prueba de COVID-19, a la luz de la pr\u00f3xima reanudaci\u00f3n de las clases en persona en agosto. .<\/p>\n\n\n\n<p>Goh dijo que dado que la categor\u00eda de la ciudad est\u00e1 en el nivel m\u00e1s alto en el marco de los Centros para el Control y la Prevenci\u00f3n de Enfermedades (CDC), las pruebas de vigilancia asintom\u00e1ticas deben realizarse semanalmente.<\/p>\n\n\n\n<p>&#8220;Para las pruebas de vigilancia asintom\u00e1ticas, depende de la tasa de transmisi\u00f3n en nuestra comunidad&#8221;.<\/p>\n\n\n\n<p>\u201cEn este momento, estamos en el nivel m\u00e1s alto en el marco de los CDC. Es rojo. Se llama transmisi\u00f3n comunitaria alta. &#8220;<\/p>\n\n\n\n<p>&#8220;Cuando nos encontramos en esas situaciones, hay un marco de prueba disponible por el estado donde se recomienda la prueba de PCR semanal cuando estamos en alta transmisi\u00f3n&#8221;, dijo.<\/p>\n\n\n\n<p>Mientras tanto, dijo que las personas con s\u00edntomas deben hacerse la prueba de inmediato, independientemente del estado de vacunaci\u00f3n.<\/p>\n\n\n\n<p>&#8220;Tenemos pruebas disponibles que son gratuitas, sin costo para el individuo&#8221;, dijo.<\/p>\n\n\n\n<p>El jueves, el Distrito Escolar Unificado de Los \u00c1ngeles anunci\u00f3 que requerir\u00e1 que los estudiantes y empleados del distrito que regresen a las actividades en persona se sometan a &#8220;pruebas de COVID semanales de referencia y en curso&#8221; independientemente de su estado de vacunaci\u00f3n, de acuerdo con la gu\u00eda del Condado de Los \u00c1ngeles. Departamento de Salud P\u00fablica.<\/p>\n\n\n\n<p>El cambio de pol\u00edtica se realiz\u00f3 despu\u00e9s de que el condado de Los \u00c1ngeles experiment\u00f3 un aumento en los casos de COVID-19 y las hospitalizaciones.<\/p>\n\n\n\n<p>La miembro de la Junta Escolar de Pasadena, Kimberly Kenne, dijo que estaba buscando m\u00e1s informaci\u00f3n sobre la nueva pol\u00edtica.<\/p>\n\n\n\n<p>\u201cEl personal tendr\u00eda que ayudarnos a comprender si es razonable realizar pruebas semanales a cualquier n\u00famero de personas que resulte ser. No quiero aprobar algo que no podamos hacer &#8220;, dijo.<\/p>\n\n\n\n<p>El miembro de la junta Patrick Cahalan, por su parte, dijo que la junta deber\u00eda considerar implementar la pol\u00edtica.<\/p>\n\n\n\n<p>&#8220;Si las tendencias contin\u00faan como est\u00e1n ahora, creo que al menos un programa de prueba semanal ser\u00e1 algo que tendremos que considerar&#8221;, dijo Cahalan.<\/p>\n\n\n\n<p>Haciendo eco del comentario de Kenne, agreg\u00f3: &#8220;No quiero aprobar algo que no podamos hacer, pero por otro lado, si no lo hacemos, [podr\u00edamos] tener problemas adicionales&#8221;.<\/p>\n\n\n\n<p>La junta decidi\u00f3 mantener una discusi\u00f3n formal sobre la pol\u00edtica en su pr\u00f3xima reuni\u00f3n el 5 de agosto.<\/p>\n","protected":false},"excerpt":{"rendered":"<p>El director de Salud P\u00fablica de Pasadena, el Dr. Ying-Ying Goh, recomienda la prueba COVID-19 semanal para los estudiantes del Distrito Escolar Unificado de Pasadena, independientemente del estado de vacunaci\u00f3n. Hizo la recomendaci\u00f3n durante la reuni\u00f3n de la Junta de Educaci\u00f3n del Distrito Escolar Unificado de Pasadena el jueves cuando la miembro de la Junta Tina Wu Fredericks le pregunt\u00f3 con qu\u00e9 frecuencia los estudiantes deben hacerse la prueba de COVID-19, a la luz de la pr\u00f3xima reanudaci\u00f3n de las [&hellip;]<\/p>\n","protected":false},"author":4,"featured_media":10076,"comment_status":"open","ping_status":"closed","sticky":false,"template":"","format":"standard","meta":[],"categories":[4],"tags":[],"acf":[],"_links":{"self":[{"href":"http:\/\/www.pasadenahoy.com\/primero\/wp-json\/wp\/v2\/posts\/10075"}],"collection":[{"href":"http:\/\/www.pasadenahoy.com\/primero\/wp-json\/wp\/v2\/posts"}],"about":[{"href":"http:\/\/www.pasadenahoy.com\/primero\/wp-json\/wp\/v2\/types\/post"}],"author":[{"embeddable":true,"href":"http:\/\/www.pasadenahoy.com\/primero\/wp-json\/wp\/v2\/users\/4"}],"replies":[{"embeddable":true,"href":"http:\/\/www.pasadenahoy.com\/primero\/wp-json\/wp\/v2\/comments?post=10075"}],"version-history":[{"count":2,"href":"http:\/\/www.pasadenahoy.com\/primero\/wp-json\/wp\/v2\/posts\/10075\/revisions"}],"predecessor-version":[{"id":10078,"href":"http:\/\/www.pasadenahoy.com\/primero\/wp-json\/wp\/v2\/posts\/10075\/revisions\/10078"}],"wp:featuredmedia":[{"embeddable":true,"href":"http:\/\/www.pasadenahoy.com\/primero\/wp-json\/wp\/v2\/media\/10076"}],"wp:attachment":[{"href":"http:\/\/www.pasadenahoy.com\/primero\/wp-json\/wp\/v2\/media?parent=10075"}],"wp:term":[{"taxonomy":"category","embeddable":true,"href":"http:\/\/www.pasadenahoy.com\/primero\/wp-json\/wp\/v2\/categories?post=10075"},{"taxonomy":"post_tag","embeddable":true,"href":"http:\/\/www.pasadenahoy.com\/primero\/wp-json\/wp\/v2\/tags?post=10075"}],"curies":[{"name":"wp","href":"https:\/\/api.w.org\/{rel}","templated":true}]}}