{"id":10079,"date":"2021-07-30T15:28:05","date_gmt":"2021-07-30T15:28:05","guid":{"rendered":"http:\/\/www.pasadenahoy.com\/primero\/?p=10079"},"modified":"2021-07-30T15:28:07","modified_gmt":"2021-07-30T15:28:07","slug":"la-transmision-de-covid-19-en-pasadena-aumenta-a-niveles-no-vistos-desde-febrero-37-nuevos-casos-reportados-el-jueves","status":"publish","type":"post","link":"http:\/\/www.pasadenahoy.com\/primero\/la-comunidad\/la-transmision-de-covid-19-en-pasadena-aumenta-a-niveles-no-vistos-desde-febrero-37-nuevos-casos-reportados-el-jueves\/","title":{"rendered":"La transmisi\u00f3n de COVID-19 en Pasadena aumenta a niveles no vistos desde febrero 37 nuevos casos reportados el jueves"},"content":{"rendered":"\n<figure class=\"wp-block-image alignnone size-large\"><figure class=\"alignnone\"><img loading=\"lazy\" width=\"700\" height=\"378\" src=\"http:\/\/www.pasadenahoy.com\/primero\/wp-content\/uploads\/2021\/04\/Covid-Update-1-1-1-700x378-1.jpg\" alt=\"\" class=\"wp-image-7899\" srcset=\"http:\/\/www.pasadenahoy.com\/primero\/wp-content\/uploads\/2021\/04\/Covid-Update-1-1-1-700x378-1.jpg 700w, http:\/\/www.pasadenahoy.com\/primero\/wp-content\/uploads\/2021\/04\/Covid-Update-1-1-1-700x378-1-300x162.jpg 300w, http:\/\/www.pasadenahoy.com\/primero\/wp-content\/uploads\/2021\/04\/Covid-Update-1-1-1-700x378-1-241x130.jpg 241w, http:\/\/www.pasadenahoy.com\/primero\/wp-content\/uploads\/2021\/04\/Covid-Update-1-1-1-700x378-1-333x180.jpg 333w, http:\/\/www.pasadenahoy.com\/primero\/wp-content\/uploads\/2021\/04\/Covid-Update-1-1-1-700x378-1-360x194.jpg 360w\" sizes=\"100vw\" \/><\/figure><\/figure>\n\n\n\n<p>La transmisi\u00f3n de COVID-19 en Pasadena ha aumentado a niveles no vistos en casi cinco meses, con 37 nuevos casos documentados el jueves, seg\u00fan funcionarios de salud p\u00fablica.<\/p>\n\n\n\n<p>La ciudad no hab\u00eda registrado un mayor recuento de casos en un solo d\u00eda desde el 3 de febrero, seg\u00fan los registros del Departamento de Salud P\u00fablica de Pasadena.<\/p>\n\n\n\n<p>En total, los funcionarios de Pasadena han registrado 11,822 infecciones confirmadas. Desde el inicio de la pandemia, se han reportado 352 muertes en la ciudad.<\/p>\n\n\n\n<p>El n\u00famero promedio de infecciones diarias durante la semana anterior subi\u00f3 a 27,9, un nivel que no se super\u00f3 desde el 13 de febrero.<\/p>\n\n\n\n<p>El Hospital Huntington inform\u00f3 haber tratado a 16 pacientes con COVID-19 hasta el jueves, y tres de ellos fueron atendidos en unidades de cuidados intensivos.<\/p>\n\n\n\n<p>El condado de Los \u00c1ngeles tambi\u00e9n report\u00f3 su mayor n\u00famero de nuevos casos diarios de COVID-19 desde febrero el jueves, mientras que el n\u00famero de personas hospitalizadas se acerc\u00f3 a la marca de 1,000, pero la tasa de personas que dieron positivo por el virus parece estar estabiliz\u00e1ndose despu\u00e9s de un aumento vertiginoso. .<\/p>\n\n\n\n<p>\u201cEsto nos sugiere que tal vez la tasa de aumento se est\u00e9 estabilizando\u201d, dijo la Dra. Barbara Ferrer, directora de Salud P\u00fablica del condado.<\/p>\n\n\n\n<p>El condado ha experimentado fuertes aumentos en el n\u00famero de casos diarios, las hospitalizaciones y las tasas de positividad de las pruebas durante las \u00faltimas semanas, y los aumentos se atribuyen a la variante Delta altamente infecciosa del coronavirus.<\/p>\n\n\n\n<p>Si bien el n\u00famero de casos diarios sigue siendo alto y se espera que las hospitalizaciones sigan aumentando como resultado, Ferrer dijo que la estabilizaci\u00f3n en la tasa de positividad de las pruebas es un rayo de esperanza.<\/p>\n\n\n\n<p>Hasta el jueves, la tasa diaria promedio m\u00f3vil de personas que dieron positivo por el virus fue del 5,17%. Ferrer dijo que eso es un aumento de &#8220;medio punto porcentual&#8221; con respecto a la tasa de 4.73% de la semana pasada. Sin embargo, la semana anterior, la tasa aument\u00f3 en un punto porcentual completo.<\/p>\n\n\n\n<p>Aunque la estabilizaci\u00f3n fue una se\u00f1al positiva, la tasa del 5,17% todav\u00eda est\u00e1 muy por encima de la tasa del 15 de junio que estaba por debajo del 1%.<\/p>\n\n\n\n<p>Y los 3,248 nuevos casos reportados por el condado el jueves todav\u00eda llamaron la atenci\u00f3n, marcando el n\u00famero diario m\u00e1s alto desde el 13 de febrero y representando un aumento del 17% con respecto a la semana pasada. Los nuevos casos elevaron el n\u00famero acumulado del condado desde el inicio de la pandemia a 1.293.450.<\/p>\n\n\n\n<p>Se informaron otras 17 muertes debido a COVID, lo que eleva el n\u00famero de muertos del condado a 24,675.<\/p>\n\n\n\n<p>Seg\u00fan cifras estatales, hubo 991 personas hospitalizadas en el condado con COVID, incluidas 203 personas en cuidados intensivos. Ferrer dijo que dado que las hospitalizaciones aumentan tradicionalmente en las semanas posteriores a un aumento de casos, es probable que la cifra hospitalaria contin\u00fae aumentando &#8220;durante alg\u00fan tiempo&#8221;.<\/p>\n\n\n\n<p>Sin embargo, se\u00f1al\u00f3 que un peque\u00f1o porcentaje de las personas enumeradas como pacientes del hospital COVID en realidad fueron admitidas por razones distintas al coronavirus, que solo se detect\u00f3 durante los ex\u00e1menes de admisi\u00f3n de rutina. Tambi\u00e9n dijo que el n\u00famero de hospitalizaciones ha aumentado a un ritmo mucho m\u00e1s lento que el n\u00famero de casos, con infecciones que aumentaron un 740% durante el \u00faltimo mes y hospitalizaciones solo un 180%. Se cree que la diferencia es un signo de la eficacia de la vacuna, que evita que las personas se enfermen gravemente debido al virus.<\/p>\n\n\n\n<p>La gran mayor\u00eda de las personas hospitalizadas no est\u00e1n vacunadas.<\/p>\n\n\n\n<p>Seg\u00fan Ferrer, hubo 3.167 personas hospitalizadas por COVID entre el 1 de mayo y el 17 de julio, y el 92% de ellas no estaban vacunadas o solo estaban parcialmente vacunadas. Solo el 8% estaba completamente vacunado.<\/p>\n\n\n\n<p>\u201cEstas tendencias contribuyen a nuestra certeza de que las vacunas funcionan seg\u00fan lo previsto aqu\u00ed en el condado de Los \u00c1ngeles\u201d, dijo Ferrer. \u201cAunque las personas vacunadas est\u00e1n experimentando un aumento en los nuevos diagn\u00f3sticos de COVID, principalmente experimentan sus infecciones no como una enfermedad grave que las lleva a la sala de emergencias, sino como fuertes resfriados. Como muestran los datos, las personas no vacunadas simplemente no pueden tener el mismo nivel de confianza en que una infecci\u00f3n con este virus conducir\u00e1 a una Enfermedad leve &#8220;.<\/p>\n\n\n\n<p>Las cifras del condado muestran que hasta el 27 de julio, entre 4,9 millones de residentes completamente vacunados, hab\u00eda 10,656 que dieron positivo por el virus, con una tasa del 0,22%. Esa tasa marca un aumento del 63% con respecto a hace una semana, pero sigue siendo estad\u00edsticamente baja.<\/p>\n\n\n\n<p>Entre las personas vacunadas, solo 410 fueron hospitalizadas, con una tasa del 0,008%, y solo 35 murieron, con una tasa del 0,0007%.<\/p>\n\n\n\n<p>Desde el 1 de enero hasta el 30 de junio de este a\u00f1o, el 99,8% de las personas que murieron por COVID-19 no estaban vacunadas o solo estaban parcialmente vacunadas, dijo Ferrer.<\/p>\n\n\n\n<p>Si bien el ritmo de las vacunas se ha desacelerado significativamente en el condado, Ferrer dijo que el condado ha visto dos semanas consecutivas de peque\u00f1os aumentos en la cantidad de personas que reciben una vacuna. Entre el 19 y el 25 de julio, se administraron alrededor de 70.000 dosis en el condado, unas 7.500 m\u00e1s que la semana anterior.<\/p>\n\n\n\n<p>&#8220;Estamos agradecidos por estos signos de una mayor aceptaci\u00f3n de la vacunaci\u00f3n&#8221;, dijo.<\/p>\n\n\n\n<p>Los funcionarios estatales de salud p\u00fablica informaron 7<\/p>\n\n\n\n<p>, 457 nuevas infecciones y 42 muertes el jueves, lo que eleva los totales pand\u00e9micos del estado a 3.830.008 casos de COVID-19 y 53.891 muertes.<\/p>\n\n\n\n<p>La tasa de positividad promedio en todo el estado durante la semana anterior subi\u00f3 al 6.2%, seg\u00fan datos del Departamento de Salud P\u00fablica de California. El promedio no hab\u00eda superado el 6% desde el 6 de febrero.<\/p>\n\n\n\n<p>Hasta el jueves, el condado de Los \u00c1ngeles representaba el 34% de las infecciones por COVID-19 de California y el 39% de las muertes del estado.<\/p>\n\n\n\n<p><\/p>\n","protected":false},"excerpt":{"rendered":"<p>La transmisi\u00f3n de COVID-19 en Pasadena ha aumentado a niveles no vistos en casi cinco meses, con 37 nuevos casos documentados el jueves, seg\u00fan funcionarios de salud p\u00fablica. La ciudad no hab\u00eda registrado un mayor recuento de casos en un solo d\u00eda desde el 3 de febrero, seg\u00fan los registros del Departamento de Salud P\u00fablica de Pasadena. En total, los funcionarios de Pasadena han registrado 11,822 infecciones confirmadas. Desde el inicio de la pandemia, se han reportado 352 muertes en [&hellip;]<\/p>\n","protected":false},"author":4,"featured_media":7899,"comment_status":"open","ping_status":"closed","sticky":false,"template":"","format":"standard","meta":[],"categories":[4],"tags":[],"acf":[],"_links":{"self":[{"href":"http:\/\/www.pasadenahoy.com\/primero\/wp-json\/wp\/v2\/posts\/10079"}],"collection":[{"href":"http:\/\/www.pasadenahoy.com\/primero\/wp-json\/wp\/v2\/posts"}],"about":[{"href":"http:\/\/www.pasadenahoy.com\/primero\/wp-json\/wp\/v2\/types\/post"}],"author":[{"embeddable":true,"href":"http:\/\/www.pasadenahoy.com\/primero\/wp-json\/wp\/v2\/users\/4"}],"replies":[{"embeddable":true,"href":"http:\/\/www.pasadenahoy.com\/primero\/wp-json\/wp\/v2\/comments?post=10079"}],"version-history":[{"count":2,"href":"http:\/\/www.pasadenahoy.com\/primero\/wp-json\/wp\/v2\/posts\/10079\/revisions"}],"predecessor-version":[{"id":10081,"href":"http:\/\/www.pasadenahoy.com\/primero\/wp-json\/wp\/v2\/posts\/10079\/revisions\/10081"}],"wp:featuredmedia":[{"embeddable":true,"href":"http:\/\/www.pasadenahoy.com\/primero\/wp-json\/wp\/v2\/media\/7899"}],"wp:attachment":[{"href":"http:\/\/www.pasadenahoy.com\/primero\/wp-json\/wp\/v2\/media?parent=10079"}],"wp:term":[{"taxonomy":"category","embeddable":true,"href":"http:\/\/www.pasadenahoy.com\/primero\/wp-json\/wp\/v2\/categories?post=10079"},{"taxonomy":"post_tag","embeddable":true,"href":"http:\/\/www.pasadenahoy.com\/primero\/wp-json\/wp\/v2\/tags?post=10079"}],"curies":[{"name":"wp","href":"https:\/\/api.w.org\/{rel}","templated":true}]}}