{"id":10082,"date":"2021-07-30T15:33:42","date_gmt":"2021-07-30T15:33:42","guid":{"rendered":"http:\/\/www.pasadenahoy.com\/primero\/?p=10082"},"modified":"2021-07-30T15:33:44","modified_gmt":"2021-07-30T15:33:44","slug":"es-probable-que-la-junta-escolar-discuta-la-politica-de-vacunacion-del-distrito-en-la-reunion-del-5-de-agosto","status":"publish","type":"post","link":"http:\/\/www.pasadenahoy.com\/primero\/la-comunidad\/es-probable-que-la-junta-escolar-discuta-la-politica-de-vacunacion-del-distrito-en-la-reunion-del-5-de-agosto\/","title":{"rendered":"Es probable que la Junta Escolar discuta la pol\u00edtica de vacunaci\u00f3n del distrito en la reuni\u00f3n del 5 de agosto"},"content":{"rendered":"\n<div class=\"wp-block-image alignright\"><figure class=\"alignright size-large\"><img loading=\"lazy\" width=\"700\" height=\"378\" src=\"http:\/\/www.pasadenahoy.com\/primero\/wp-content\/uploads\/2021\/07\/pic-4-8.jpg\" alt=\"\" class=\"wp-image-10083\" srcset=\"http:\/\/www.pasadenahoy.com\/primero\/wp-content\/uploads\/2021\/07\/pic-4-8.jpg 700w, http:\/\/www.pasadenahoy.com\/primero\/wp-content\/uploads\/2021\/07\/pic-4-8-300x162.jpg 300w, http:\/\/www.pasadenahoy.com\/primero\/wp-content\/uploads\/2021\/07\/pic-4-8-241x130.jpg 241w, http:\/\/www.pasadenahoy.com\/primero\/wp-content\/uploads\/2021\/07\/pic-4-8-333x180.jpg 333w, http:\/\/www.pasadenahoy.com\/primero\/wp-content\/uploads\/2021\/07\/pic-4-8-360x194.jpg 360w\" sizes=\"100vw\" \/><\/figure><\/div>\n\n\n\n<p>La Junta de Educaci\u00f3n de Pasadena [actualizada] recibi\u00f3 el jueves informes sobre los esfuerzos de vacunaci\u00f3n contra COVID-19 y los conocimientos del Director de Salud P\u00fablica de Pasadena, Ying-Ying Goh, y la Directora de Programas de Salud del PUSD, Ana Maria &#8220;Ria&#8221; Apodaca.<\/p>\n\n\n\n<p>La Junta no abord\u00f3 el tema de una pol\u00edtica de vacunaci\u00f3n obligatoria para el personal o los maestros del PUSD. La semana pasada, el administrador de la ciudad de Pasadena, Steve Mermell, anunci\u00f3 que la ciudad implementar\u00e1 una pol\u00edtica que requiere vacunas para sus 2,000 empleados a medida que la transmisi\u00f3n de COVID-19 contin\u00faa aumentando en Pasadena.<\/p>\n\n\n\n<p>Goh dijo que existe un mayor riesgo de transmisi\u00f3n en los campus debido a la alta proporci\u00f3n de poblaci\u00f3n no vacunada, ya que muchos estudiantes a\u00fan no son elegibles para recibir una vacuna. Actualmente, las vacunas no se administran a ni\u00f1os menores de 12 a\u00f1os.<\/p>\n\n\n\n<p>Goh dijo que si todos los empleados del distrito se vacunan, habr\u00e1 menos riesgo de transmisi\u00f3n y ser\u00e1 menos probable que la comunidad experimente brotes. Como resultado, se evitar\u00eda la interrupci\u00f3n del funcionamiento de las escuelas.<\/p>\n\n\n\n<p>\u201cSabemos que COVID-19 es una enfermedad mortal y peligrosa y que es muy perjudicial para cualquier operaci\u00f3n, pero mucho en un entorno donde muchas personas pueden no estar vacunadas porque a\u00fan no son elegibles o no son elegibles\u201d.<\/p>\n\n\n\n<p>&#8220;Con cada vez menos poblaci\u00f3n vacunada, terminas con brotes que resultar\u00e1n en enfermedades que se contagiar\u00e1n a los miembros de la familia que tal vez no est\u00e9n vacunados&#8221;.<\/p>\n\n\n\n<p>Goh dijo que cree que un mandato de vacuna dar\u00eda como resultado una mayor probabilidad de que los ni\u00f1os puedan permanecer en las escuelas debido a las tasas de transmisi\u00f3n m\u00e1s bajas.<\/p>\n\n\n\n<p>&#8220;Lo que realmente tenemos que hacer es vacunar a m\u00e1s personas y seguir las pautas de salud p\u00fablica que incluyen enmascaramiento en interiores en este momento en espacios p\u00fablicos para que podamos reducir nuestras tasas de casos comunitarios, de modo que podamos apoyar la escolarizaci\u00f3n presencial exitosa&#8221;.<\/p>\n\n\n\n<p>Seg\u00fan Apodaca, el PUSD ha administrado 3000 dosis de vacunas en sus Cl\u00ednicas del Centro de Educaci\u00f3n del PUSD hasta la fecha.<\/p>\n\n\n\n<p>\u201cHemos vacunado completamente a 1,512 miembros del personal, estudiantes y miembros de la comunidad\u201d, dijo a la junta escolar durante la reuni\u00f3n.<\/p>\n\n\n\n<p>Seg\u00fan Apodaca, de esta cifra, alrededor de 1.300 son empleados del PUSD.<\/p>\n\n\n\n<p>Aparte del personal cl\u00ednico del PUSD, Apocada dijo que el Departamento de Salud P\u00fablica de Pasadena tambi\u00e9n ha administrado 1.847 dosis de vacunas en nueve cl\u00ednicas escolares del PUSD.<\/p>\n\n\n\n<p>La Junta decidi\u00f3 discutir m\u00e1s a fondo la pol\u00edtica de vacunas en una reuni\u00f3n el 5 de agosto (actualmente no hay ninguna referencia a esta reuni\u00f3n que aparece actualmente en el sitio web del Distrito Unificado de Pasadena).<\/p>\n","protected":false},"excerpt":{"rendered":"<p>La Junta de Educaci\u00f3n de Pasadena [actualizada] recibi\u00f3 el jueves informes sobre los esfuerzos de vacunaci\u00f3n contra COVID-19 y los conocimientos del Director de Salud P\u00fablica de Pasadena, Ying-Ying Goh, y la Directora de Programas de Salud del PUSD, Ana Maria &#8220;Ria&#8221; Apodaca. La Junta no abord\u00f3 el tema de una pol\u00edtica de vacunaci\u00f3n obligatoria para el personal o los maestros del PUSD. La semana pasada, el administrador de la ciudad de Pasadena, Steve Mermell, anunci\u00f3 que la ciudad implementar\u00e1 [&hellip;]<\/p>\n","protected":false},"author":4,"featured_media":0,"comment_status":"open","ping_status":"closed","sticky":false,"template":"","format":"standard","meta":[],"categories":[4],"tags":[],"acf":[],"_links":{"self":[{"href":"http:\/\/www.pasadenahoy.com\/primero\/wp-json\/wp\/v2\/posts\/10082"}],"collection":[{"href":"http:\/\/www.pasadenahoy.com\/primero\/wp-json\/wp\/v2\/posts"}],"about":[{"href":"http:\/\/www.pasadenahoy.com\/primero\/wp-json\/wp\/v2\/types\/post"}],"author":[{"embeddable":true,"href":"http:\/\/www.pasadenahoy.com\/primero\/wp-json\/wp\/v2\/users\/4"}],"replies":[{"embeddable":true,"href":"http:\/\/www.pasadenahoy.com\/primero\/wp-json\/wp\/v2\/comments?post=10082"}],"version-history":[{"count":2,"href":"http:\/\/www.pasadenahoy.com\/primero\/wp-json\/wp\/v2\/posts\/10082\/revisions"}],"predecessor-version":[{"id":10085,"href":"http:\/\/www.pasadenahoy.com\/primero\/wp-json\/wp\/v2\/posts\/10082\/revisions\/10085"}],"wp:attachment":[{"href":"http:\/\/www.pasadenahoy.com\/primero\/wp-json\/wp\/v2\/media?parent=10082"}],"wp:term":[{"taxonomy":"category","embeddable":true,"href":"http:\/\/www.pasadenahoy.com\/primero\/wp-json\/wp\/v2\/categories?post=10082"},{"taxonomy":"post_tag","embeddable":true,"href":"http:\/\/www.pasadenahoy.com\/primero\/wp-json\/wp\/v2\/tags?post=10082"}],"curies":[{"name":"wp","href":"https:\/\/api.w.org\/{rel}","templated":true}]}}