{"id":10086,"date":"2021-07-30T15:38:24","date_gmt":"2021-07-30T15:38:24","guid":{"rendered":"http:\/\/www.pasadenahoy.com\/primero\/?p=10086"},"modified":"2021-07-30T15:38:26","modified_gmt":"2021-07-30T15:38:26","slug":"pasadena-unified-ofrecera-la-opcion-de-estudio-virtual-independiente-para-estudiantes-en-riesgo","status":"publish","type":"post","link":"http:\/\/www.pasadenahoy.com\/primero\/la-comunidad\/pasadena-unified-ofrecera-la-opcion-de-estudio-virtual-independiente-para-estudiantes-en-riesgo\/","title":{"rendered":"Pasadena Unified ofrecer\u00e1 la opci\u00f3n de estudio virtual independiente para estudiantes en riesgo"},"content":{"rendered":"\n<figure class=\"wp-block-image alignnone size-large\"><figure class=\"alignnone\"><img loading=\"lazy\" width=\"740\" height=\"400\" src=\"http:\/\/www.pasadenahoy.com\/primero\/wp-content\/uploads\/2021\/07\/pic5-4.jpg\" alt=\"\" class=\"wp-image-10087\" srcset=\"http:\/\/www.pasadenahoy.com\/primero\/wp-content\/uploads\/2021\/07\/pic5-4.jpg 740w, http:\/\/www.pasadenahoy.com\/primero\/wp-content\/uploads\/2021\/07\/pic5-4-300x162.jpg 300w, http:\/\/www.pasadenahoy.com\/primero\/wp-content\/uploads\/2021\/07\/pic5-4-241x130.jpg 241w, http:\/\/www.pasadenahoy.com\/primero\/wp-content\/uploads\/2021\/07\/pic5-4-333x180.jpg 333w, http:\/\/www.pasadenahoy.com\/primero\/wp-content\/uploads\/2021\/07\/pic5-4-700x378.jpg 700w, http:\/\/www.pasadenahoy.com\/primero\/wp-content\/uploads\/2021\/07\/pic5-4-360x195.jpg 360w, http:\/\/www.pasadenahoy.com\/primero\/wp-content\/uploads\/2021\/07\/pic5-4-720x389.jpg 720w\" sizes=\"100vw\" \/><\/figure><\/figure>\n\n\n\n<p>El Distrito Escolar Unificado de Pasadena inform\u00f3 el jueves a los padres que algunos estudiantes podr\u00edan ser elegibles para el estudio virtual independiente.<\/p>\n\n\n\n<p>\u201cEstamos obligados a ofrecer una opci\u00f3n de estudio independiente a los estudiantes y familias para que est\u00e9 disponible para los estudiantes cuya salud se pondr\u00eda en riesgo por la instrucci\u00f3n en persona, seg\u00fan lo determine el padre o tutor\u201d, seg\u00fan la carta no firmada.<\/p>\n\n\n\n<p>El Programa de Estudio Independiente de Kindergarten de Transici\u00f3n (TK) -12 se llevar\u00e1 a cabo virtualmente a trav\u00e9s del Centro de Estudios Independientes (CIS).<\/p>\n\n\n\n<p>Los padres tendr\u00e1n varias opciones para elegir, que incluyen:<\/p>\n\n\n\n<p>Tiempo de instrucci\u00f3n sincr\u00f3nico, instrucci\u00f3n estilo sal\u00f3n de clases o instrucci\u00f3n designada en grupos peque\u00f1os o individual entregada en persona, o en forma de comunicaciones telef\u00f3nicas o por Internet y que involucran comunicaci\u00f3n bidireccional en vivo entre el maestro y el alumno.<br>Interacci\u00f3n en vivo entre el estudiante y el personal clasificado o certificado de la escuela. El programa puede ser telef\u00f3nico o en l\u00ednea.<br>Tiempo de instrucci\u00f3n asincr\u00f3nico que no ocurre en el mismo lugar ni al mismo tiempo. El t\u00e9rmino se aplica m\u00e1s com\u00fanmente a varias formas de aprendizaje digital y en l\u00ednea en las que los estudiantes aprenden de la instrucci\u00f3n, como lecciones en video pregrabadas o tareas de aprendizaje basadas en juegos que los estudiantes completan por su cuenta, que no se imparten en persona o en tiempo real. .<br>Como parte del proceso, los padres pueden solicitar una conferencia entre padres y maestros.<\/p>\n\n\n\n<p>Una vez que un padre determina que el programa es el curso de acci\u00f3n correcto, puede comenzar el proceso de inscripci\u00f3n a partir del lunes 2 de agosto.<\/p>\n\n\n\n<p>\u201cEl objetivo de nuestro programa de Estudio Independiente es brindar una alternativa a la instrucci\u00f3n en persona para los estudiantes cuya salud puede estar en riesgo al asistir a clases en persona\u201d, seg\u00fan la carta. &#8220;Como tal, el Estudio Independiente es un programa educativo que brinda instrucci\u00f3n basada en los est\u00e1ndares de contenido adoptados por el estado por maestros certificados&#8221;.<\/p>\n\n\n\n<p>El programa contiene requisitos espec\u00edficos para el tiempo de instrucci\u00f3n que pueden incluir tanto trabajo sincr\u00f3nico como asincr\u00f3nico. Estas expectativas tambi\u00e9n se detallar\u00e1n en el acuerdo maestro de aprendizaje escrito de los estudiantes, que debe firmarse antes de la inscripci\u00f3n.<\/p>\n","protected":false},"excerpt":{"rendered":"<p>El Distrito Escolar Unificado de Pasadena inform\u00f3 el jueves a los padres que algunos estudiantes podr\u00edan ser elegibles para el estudio virtual independiente. \u201cEstamos obligados a ofrecer una opci\u00f3n de estudio independiente a los estudiantes y familias para que est\u00e9 disponible para los estudiantes cuya salud se pondr\u00eda en riesgo por la instrucci\u00f3n en persona, seg\u00fan lo determine el padre o tutor\u201d, seg\u00fan la carta no firmada. El Programa de Estudio Independiente de Kindergarten de Transici\u00f3n (TK) -12 se llevar\u00e1 [&hellip;]<\/p>\n","protected":false},"author":4,"featured_media":0,"comment_status":"open","ping_status":"closed","sticky":false,"template":"","format":"standard","meta":[],"categories":[4],"tags":[],"acf":[],"_links":{"self":[{"href":"http:\/\/www.pasadenahoy.com\/primero\/wp-json\/wp\/v2\/posts\/10086"}],"collection":[{"href":"http:\/\/www.pasadenahoy.com\/primero\/wp-json\/wp\/v2\/posts"}],"about":[{"href":"http:\/\/www.pasadenahoy.com\/primero\/wp-json\/wp\/v2\/types\/post"}],"author":[{"embeddable":true,"href":"http:\/\/www.pasadenahoy.com\/primero\/wp-json\/wp\/v2\/users\/4"}],"replies":[{"embeddable":true,"href":"http:\/\/www.pasadenahoy.com\/primero\/wp-json\/wp\/v2\/comments?post=10086"}],"version-history":[{"count":2,"href":"http:\/\/www.pasadenahoy.com\/primero\/wp-json\/wp\/v2\/posts\/10086\/revisions"}],"predecessor-version":[{"id":10089,"href":"http:\/\/www.pasadenahoy.com\/primero\/wp-json\/wp\/v2\/posts\/10086\/revisions\/10089"}],"wp:attachment":[{"href":"http:\/\/www.pasadenahoy.com\/primero\/wp-json\/wp\/v2\/media?parent=10086"}],"wp:term":[{"taxonomy":"category","embeddable":true,"href":"http:\/\/www.pasadenahoy.com\/primero\/wp-json\/wp\/v2\/categories?post=10086"},{"taxonomy":"post_tag","embeddable":true,"href":"http:\/\/www.pasadenahoy.com\/primero\/wp-json\/wp\/v2\/tags?post=10086"}],"curies":[{"name":"wp","href":"https:\/\/api.w.org\/{rel}","templated":true}]}}