{"id":10090,"date":"2021-07-30T15:43:20","date_gmt":"2021-07-30T15:43:20","guid":{"rendered":"http:\/\/www.pasadenahoy.com\/primero\/?p=10090"},"modified":"2021-07-30T15:43:23","modified_gmt":"2021-07-30T15:43:23","slug":"pasadena-transit-implementa-cambios-en-el-servicio","status":"publish","type":"post","link":"http:\/\/www.pasadenahoy.com\/primero\/la-comunidad\/pasadena-transit-implementa-cambios-en-el-servicio\/","title":{"rendered":"Pasadena Transit implementa cambios en el servicio"},"content":{"rendered":"\n<figure class=\"wp-block-image alignnone size-large\"><figure class=\"alignnone\"><img loading=\"lazy\" width=\"740\" height=\"400\" src=\"http:\/\/www.pasadenahoy.com\/primero\/wp-content\/uploads\/2021\/07\/pic-6-11.jpg\" alt=\"\" class=\"wp-image-10091\" srcset=\"http:\/\/www.pasadenahoy.com\/primero\/wp-content\/uploads\/2021\/07\/pic-6-11.jpg 740w, http:\/\/www.pasadenahoy.com\/primero\/wp-content\/uploads\/2021\/07\/pic-6-11-300x162.jpg 300w, http:\/\/www.pasadenahoy.com\/primero\/wp-content\/uploads\/2021\/07\/pic-6-11-241x130.jpg 241w, http:\/\/www.pasadenahoy.com\/primero\/wp-content\/uploads\/2021\/07\/pic-6-11-333x180.jpg 333w, http:\/\/www.pasadenahoy.com\/primero\/wp-content\/uploads\/2021\/07\/pic-6-11-700x378.jpg 700w, http:\/\/www.pasadenahoy.com\/primero\/wp-content\/uploads\/2021\/07\/pic-6-11-360x195.jpg 360w, http:\/\/www.pasadenahoy.com\/primero\/wp-content\/uploads\/2021\/07\/pic-6-11-720x389.jpg 720w\" sizes=\"100vw\" \/><\/figure><\/figure>\n\n\n\n<p>El 1 de agosto de 2021, Pasadena Transit implementar\u00e1 varios cambios de servicio. De acuerdo con las pautas del Departamento de Salud de Pasadena, el condado de Los \u00c1ngeles y el estado, este cambio de servicio ayudar\u00e1 a satisfacer las demandas de pasajeros, incluidos los cambios de programaci\u00f3n que se corresponden con los horarios de inicio del nuevo Distrito Escolar Unificado de Pasadena (PUSD). Las frecuencias a partir del 1 de agosto ser\u00e1n:<\/p>\n\n\n\n<ul><li>Ruta 10: Sin cambios (ya se est\u00e1n ejecutando frecuencias pre-COVID)<\/li><li>Ruta 20 entre semana: cada 16-20 minutos<\/li><li>Ruta 20 S\u00e1b. &amp; Sol: ajustes menores<\/li><li>Ruta 31\/32 entre semana y s\u00e1bado: ajustes menores<\/li><li>Ruta 40 entre semana: ajustes menores<\/li><li>Ruta 51 entre semana: servicio agregado entre las 6:30 a.m. &#8211; 8 a.m. y las 4:00 p.m. &#8211; 7:30 pm.<\/li><li>Ruta 52: Se agregaron 3 viajes diarios<\/li><\/ul>\n\n\n\n<p>La ruta 60 contin\u00faa suspendida temporalmente.<\/p>\n\n\n\n<p>A\u00fan se requieren cubiertas para la cara mientras se est\u00e1 a bordo de un veh\u00edculo de Pasadena Transit.<\/p>\n\n\n\n<p>El cobro de tarifas se reanud\u00f3 en Pasadena Transit y Dial-A-Ride el 12 de abril de 2021. Las medidas implementadas para proteger a los pasajeros y operadores de autobuses debido al COVID incluyen:<\/p>\n\n\n\n<ul><li>Desinfectar las superficies de alto contacto en los autobuses a diario<\/li><li>Desinfecci\u00f3n nocturna mejorada de todas las superficies del autob\u00fas desde el piso hasta el techo<\/li><li>Proporcionar m\u00e1scaras de un solo uso en los autobuses para los pasajeros.<\/li><li>Dispensadores de desinfecci\u00f3n de manos en todos los autobuses.<\/li><\/ul>\n\n\n\n<p>\u00a1Mant\u00e9ngase conectado con la ciudad de Pasadena! Vis\u00edtenos en l\u00ednea en<a href=\"https:\/\/www.cityofpasadena.net\/\"> www.cityofpasadena.net<\/a> <a href=\"https:\/\/www.cityofpasadena.net\/\">https:\/\/www.cityofpasadena.net\/<\/a>; s\u00edganos en Twitter en @PasadenaGov, e Instagram y Facebook en @CityOfPasadena; o llame al Centro de Servicio al Ciudadano, de 7:30 a.m. a 5 p.m., de lunes a viernes al (626) 744-7311.<\/p>\n","protected":false},"excerpt":{"rendered":"<p>El 1 de agosto de 2021, Pasadena Transit implementar\u00e1 varios cambios de servicio. De acuerdo con las pautas del Departamento de Salud de Pasadena, el condado de Los \u00c1ngeles y el estado, este cambio de servicio ayudar\u00e1 a satisfacer las demandas de pasajeros, incluidos los cambios de programaci\u00f3n que se corresponden con los horarios de inicio del nuevo Distrito Escolar Unificado de Pasadena (PUSD). Las frecuencias a partir del 1 de agosto ser\u00e1n: Ruta 10: Sin cambios (ya se est\u00e1n [&hellip;]<\/p>\n","protected":false},"author":4,"featured_media":0,"comment_status":"open","ping_status":"closed","sticky":false,"template":"","format":"standard","meta":[],"categories":[4],"tags":[],"acf":[],"_links":{"self":[{"href":"http:\/\/www.pasadenahoy.com\/primero\/wp-json\/wp\/v2\/posts\/10090"}],"collection":[{"href":"http:\/\/www.pasadenahoy.com\/primero\/wp-json\/wp\/v2\/posts"}],"about":[{"href":"http:\/\/www.pasadenahoy.com\/primero\/wp-json\/wp\/v2\/types\/post"}],"author":[{"embeddable":true,"href":"http:\/\/www.pasadenahoy.com\/primero\/wp-json\/wp\/v2\/users\/4"}],"replies":[{"embeddable":true,"href":"http:\/\/www.pasadenahoy.com\/primero\/wp-json\/wp\/v2\/comments?post=10090"}],"version-history":[{"count":2,"href":"http:\/\/www.pasadenahoy.com\/primero\/wp-json\/wp\/v2\/posts\/10090\/revisions"}],"predecessor-version":[{"id":10093,"href":"http:\/\/www.pasadenahoy.com\/primero\/wp-json\/wp\/v2\/posts\/10090\/revisions\/10093"}],"wp:attachment":[{"href":"http:\/\/www.pasadenahoy.com\/primero\/wp-json\/wp\/v2\/media?parent=10090"}],"wp:term":[{"taxonomy":"category","embeddable":true,"href":"http:\/\/www.pasadenahoy.com\/primero\/wp-json\/wp\/v2\/categories?post=10090"},{"taxonomy":"post_tag","embeddable":true,"href":"http:\/\/www.pasadenahoy.com\/primero\/wp-json\/wp\/v2\/tags?post=10090"}],"curies":[{"name":"wp","href":"https:\/\/api.w.org\/{rel}","templated":true}]}}