{"id":10101,"date":"2021-08-02T16:27:38","date_gmt":"2021-08-02T16:27:38","guid":{"rendered":"http:\/\/www.pasadenahoy.com\/primero\/?p=10101"},"modified":"2021-08-02T16:27:41","modified_gmt":"2021-08-02T16:27:41","slug":"la-moratoria-de-alquiler-de-pasadena-sigue-en-vigor-a-pesar-del-vencimiento-de-la-moratoria-de-desalojo-federal","status":"publish","type":"post","link":"http:\/\/www.pasadenahoy.com\/primero\/la-comunidad\/la-moratoria-de-alquiler-de-pasadena-sigue-en-vigor-a-pesar-del-vencimiento-de-la-moratoria-de-desalojo-federal\/","title":{"rendered":"La moratoria de alquiler de Pasadena sigue en vigor, a pesar del vencimiento de la moratoria de desalojo federal"},"content":{"rendered":"\n<figure class=\"wp-block-image alignnone size-large\"><figure class=\"alignnone\"><img loading=\"lazy\" width=\"740\" height=\"400\" src=\"http:\/\/www.pasadenahoy.com\/primero\/wp-content\/uploads\/2021\/08\/pic-2.jpg\" alt=\"\" class=\"wp-image-10102\" srcset=\"http:\/\/www.pasadenahoy.com\/primero\/wp-content\/uploads\/2021\/08\/pic-2.jpg 740w, http:\/\/www.pasadenahoy.com\/primero\/wp-content\/uploads\/2021\/08\/pic-2-300x162.jpg 300w, http:\/\/www.pasadenahoy.com\/primero\/wp-content\/uploads\/2021\/08\/pic-2-241x130.jpg 241w, http:\/\/www.pasadenahoy.com\/primero\/wp-content\/uploads\/2021\/08\/pic-2-333x180.jpg 333w, http:\/\/www.pasadenahoy.com\/primero\/wp-content\/uploads\/2021\/08\/pic-2-700x378.jpg 700w, http:\/\/www.pasadenahoy.com\/primero\/wp-content\/uploads\/2021\/08\/pic-2-360x195.jpg 360w, http:\/\/www.pasadenahoy.com\/primero\/wp-content\/uploads\/2021\/08\/pic-2-720x389.jpg 720w\" sizes=\"100vw\" \/><\/figure><\/figure>\n\n\n\n<p>Aunque la moratoria federal de alquiler termin\u00f3 a la medianoche del s\u00e1bado, la moratoria de desalojo de Pasadena seguir\u00e1 en vigor.<\/p>\n\n\n\n<p>Actualmente, los inquilinos comerciales y residenciales de Pasadena afectados por el virus est\u00e1n protegidos por una moratoria local, que proh\u00edbe los desalojos durante una emergencia de salud p\u00fablica.<\/p>\n\n\n\n<p>Sin embargo, la moratoria local no es la condonaci\u00f3n de alquileres. En Pasadena, los inquilinos deber\u00e1n pagar el alquiler atrasado dentro de los seis meses posteriores a la finalizaci\u00f3n de la emergencia.<\/p>\n\n\n\n<p>\u201cLa moratoria federal de desalojo ha expirado y hay muchos inquilinos en p\u00e1nico, a pesar de que todav\u00eda est\u00e1n protegidos por nuestra moratoria estatal y local\u201d, dijo Lisa Derderian, oficial de informaci\u00f3n p\u00fablica de Pasadena.<\/p>\n\n\n\n<p>Derderian dijo que los inquilinos de Pasadena pueden llamar al Centro de Derechos de Vivienda al (626) 831-9732 si tienen preguntas sobre c\u00f3mo est\u00e1n protegidos y los pasos que deben tomar para mantenerse seguros.<\/p>\n\n\n\n<p>Otro recurso para los residentes del condado de Los \u00c1ngeles con informaci\u00f3n sobre moratorias de desalojo \/ protecciones para inquilinos, asistencia para el alquiler e incluso conexi\u00f3n a servicios legales gratuitos es <a href=\"https:\/\/gcc02.safelinks.protection.outlook.com\/?url=http%3A%2F%2Fwww.stayhousedla.org%2F&amp;data=04%7C01%7Clderderian%40cityofpasadena.net%7C6b8e0635548f49474e1308d9550f57a1%7C82d9fc002c664402a28fc6bcdc32e491%7C1%7C0%7C637634346647858711%7CUnknown%7CTWFpbGZsb3d8eyJWIjoiMC4wLjAwMDAiLCJQIjoiV2luMzIiLCJBTiI6Ik1haWwiLCJXVCI6Mn0%3D%7C1000&amp;sdata=Ajf%2B%2FjtaAdHTq1LnN28k%2BuNtDbKfAKhAsz2Niwb%2FQyQ%3D&amp;reserved=0\">stayhousedla.org.<\/a><\/p>\n\n\n\n<p>\u201cPor \u00faltimo, alentamos a los inquilinos a que soliciten asistencia estatal para el alquiler de emergencia si est\u00e1n atrasados \u200b\u200ben el alquiler o tienen dificultades para pagar el alquiler debido a la pandemia. El estado ahora cubre el 100% de las \u00e1reas para inquilinos elegibles. Los propietarios tambi\u00e9n pueden presentar una solicitud \u201d, dijo Derderian, y agreg\u00f3 que las personas deben visitar <a href=\"https:\/\/gcc02.safelinks.protection.outlook.com\/?url=http%3A%2F%2Fwww.housing.ca.gov%2F&amp;data=04%7C01%7Clderderian%40cityofpasadena.net%7C6b8e0635548f49474e1308d9550f57a1%7C82d9fc002c664402a28fc6bcdc32e491%7C1%7C0%7C637634346647858711%7CUnknown%7CTWFpbGZsb3d8eyJWIjoiMC4wLjAwMDAiLCJQIjoiV2luMzIiLCJBTiI6Ik1haWwiLCJXVCI6Mn0%3D%7C1000&amp;sdata=LeEcvU%2FDP0i5W91jeNRnJqBBg9aXfxWGAu04Teuejlo%3D&amp;reserved=0\">www.housing.ca.gov <\/a>para obtener m\u00e1s informaci\u00f3n.<\/p>\n\n\n\n<p>La moratoria del estado est\u00e1 programada para brindar protecci\u00f3n a los inquilinos hasta septiembre.<\/p>\n\n\n\n<p>La moratoria federal, implementada por los Centros para el Control y la Prevenci\u00f3n de Enfermedades (CDC) de EE. UU., Impidi\u00f3 que los propietarios desalojaran a millones de inquilinos que perdieron sus trabajos durante la pandemia y se hab\u00edan atrasado meses en el pago del alquiler.<\/p>\n\n\n\n<p>Los abogados de los propietarios impugnaron con \u00e9xito la moratoria federal en los tribunales. Los inquilinos pueden acceder a casi $ 47 mil millones en dinero federal destinado a ayudar a realizar los pagos.<\/p>\n\n\n\n<p>Solo $ 3 mil millones de esos fondos se hab\u00edan distribuido a fines de junio. Se supon\u00eda que se gastar\u00edan mil millones de d\u00f3lares adicionales en julio, seg\u00fan un art\u00edculo de USA Today que cita al Consejo Nacional de Agencias Estatales de Vivienda.<\/p>\n\n\n\n<p>M\u00e1s de 3,5 millones de personas en el pa\u00eds dijeron que se enfrentan al desalojo antes del 1 de octubre, seg\u00fan la Encuesta de pulso de hogares de la Oficina del Censo de EE. UU.<\/p>\n\n\n\n<p>Se espera que la crisis empeore en septiembre, cuando probablemente comenzar\u00edan los primeros procedimientos de ejecuci\u00f3n hipotecaria.<\/p>\n","protected":false},"excerpt":{"rendered":"<p>Aunque la moratoria federal de alquiler termin\u00f3 a la medianoche del s\u00e1bado, la moratoria de desalojo de Pasadena seguir\u00e1 en vigor. Actualmente, los inquilinos comerciales y residenciales de Pasadena afectados por el virus est\u00e1n protegidos por una moratoria local, que proh\u00edbe los desalojos durante una emergencia de salud p\u00fablica. Sin embargo, la moratoria local no es la condonaci\u00f3n de alquileres. En Pasadena, los inquilinos deber\u00e1n pagar el alquiler atrasado dentro de los seis meses posteriores a la finalizaci\u00f3n de la [&hellip;]<\/p>\n","protected":false},"author":4,"featured_media":10102,"comment_status":"open","ping_status":"closed","sticky":false,"template":"","format":"standard","meta":[],"categories":[4],"tags":[],"acf":[],"_links":{"self":[{"href":"http:\/\/www.pasadenahoy.com\/primero\/wp-json\/wp\/v2\/posts\/10101"}],"collection":[{"href":"http:\/\/www.pasadenahoy.com\/primero\/wp-json\/wp\/v2\/posts"}],"about":[{"href":"http:\/\/www.pasadenahoy.com\/primero\/wp-json\/wp\/v2\/types\/post"}],"author":[{"embeddable":true,"href":"http:\/\/www.pasadenahoy.com\/primero\/wp-json\/wp\/v2\/users\/4"}],"replies":[{"embeddable":true,"href":"http:\/\/www.pasadenahoy.com\/primero\/wp-json\/wp\/v2\/comments?post=10101"}],"version-history":[{"count":2,"href":"http:\/\/www.pasadenahoy.com\/primero\/wp-json\/wp\/v2\/posts\/10101\/revisions"}],"predecessor-version":[{"id":10104,"href":"http:\/\/www.pasadenahoy.com\/primero\/wp-json\/wp\/v2\/posts\/10101\/revisions\/10104"}],"wp:featuredmedia":[{"embeddable":true,"href":"http:\/\/www.pasadenahoy.com\/primero\/wp-json\/wp\/v2\/media\/10102"}],"wp:attachment":[{"href":"http:\/\/www.pasadenahoy.com\/primero\/wp-json\/wp\/v2\/media?parent=10101"}],"wp:term":[{"taxonomy":"category","embeddable":true,"href":"http:\/\/www.pasadenahoy.com\/primero\/wp-json\/wp\/v2\/categories?post=10101"},{"taxonomy":"post_tag","embeddable":true,"href":"http:\/\/www.pasadenahoy.com\/primero\/wp-json\/wp\/v2\/tags?post=10101"}],"curies":[{"name":"wp","href":"https:\/\/api.w.org\/{rel}","templated":true}]}}