{"id":10109,"date":"2021-08-02T16:36:01","date_gmt":"2021-08-02T16:36:01","guid":{"rendered":"http:\/\/www.pasadenahoy.com\/primero\/?p=10109"},"modified":"2021-08-02T16:36:03","modified_gmt":"2021-08-02T16:36:03","slug":"la-comision-de-relaciones-humanas-considerara-renunciar-al-poder-para-formar-el-comite-de-relaciones-comunitarias-de-la-policia","status":"publish","type":"post","link":"http:\/\/www.pasadenahoy.com\/primero\/la-comunidad\/la-comision-de-relaciones-humanas-considerara-renunciar-al-poder-para-formar-el-comite-de-relaciones-comunitarias-de-la-policia\/","title":{"rendered":"La Comisi\u00f3n de Relaciones Humanas considerar\u00e1 renunciar al poder para formar el Comit\u00e9 de Relaciones Comunitarias de la Polic\u00eda"},"content":{"rendered":"\n<figure class=\"wp-block-image alignnone size-large\"><figure class=\"alignnone\"><img loading=\"lazy\" width=\"740\" height=\"400\" src=\"http:\/\/www.pasadenahoy.com\/primero\/wp-content\/uploads\/2021\/08\/pic-4.jpg\" alt=\"\" class=\"wp-image-10110\" srcset=\"http:\/\/www.pasadenahoy.com\/primero\/wp-content\/uploads\/2021\/08\/pic-4.jpg 740w, http:\/\/www.pasadenahoy.com\/primero\/wp-content\/uploads\/2021\/08\/pic-4-300x162.jpg 300w, http:\/\/www.pasadenahoy.com\/primero\/wp-content\/uploads\/2021\/08\/pic-4-241x130.jpg 241w, http:\/\/www.pasadenahoy.com\/primero\/wp-content\/uploads\/2021\/08\/pic-4-333x180.jpg 333w, http:\/\/www.pasadenahoy.com\/primero\/wp-content\/uploads\/2021\/08\/pic-4-700x378.jpg 700w, http:\/\/www.pasadenahoy.com\/primero\/wp-content\/uploads\/2021\/08\/pic-4-360x195.jpg 360w, http:\/\/www.pasadenahoy.com\/primero\/wp-content\/uploads\/2021\/08\/pic-4-720x389.jpg 720w\" sizes=\"100vw\" \/><\/figure><\/figure>\n\n\n\n<p>La Comisi\u00f3n de Relaciones Humanas revisar\u00e1 el c\u00f3digo municipal para una actualizaci\u00f3n que podr\u00eda eliminar las funciones de la comisi\u00f3n relacionadas con el Departamento de Polic\u00eda y las agencias de aplicaci\u00f3n de la ley, ya que estas funciones est\u00e1n siendo absorbidas por la Comisi\u00f3n de Supervisi\u00f3n de la Polic\u00eda Comunitaria (CPOC).<\/p>\n\n\n\n<p>Seg\u00fan el Cap\u00edtulo 2.85 del c\u00f3digo municipal, la Comisi\u00f3n de Relaciones Humanas tiene la autoridad para establecer un comit\u00e9 de relaciones policiales con la comunidad. Dice: \u201cLa Comisi\u00f3n por la presente establece un comit\u00e9 de relaciones policiales con la comunidad para ejecutar la funci\u00f3n de relaciones policiales con la comunidad de la ordenanza. Las acciones acordadas en las reuniones se informar\u00e1n a la Comisi\u00f3n en pleno. El comit\u00e9 de relaciones policiales con la comunidad estar\u00e1 integrado por tres miembros \u201d.<\/p>\n\n\n\n<p>El lenguaje se eliminar\u00eda, lo que eliminar\u00eda la capacidad de la Comisi\u00f3n de Relaciones Humanas para crear el comit\u00e9. El prop\u00f3sito del CPOC es similar al lenguaje que describe el Comit\u00e9 de Relaciones Comunitarias de la Comisi\u00f3n de Relaciones Humanas.<\/p>\n\n\n\n<p>Seg\u00fan el sitio web de la ciudad, el prop\u00f3sito del CPOC es mejorar, desarrollar y fortalecer las relaciones entre la comunidad y la polic\u00eda, y revisar y hacer recomendaciones sobre las operaciones en curso del Departamento de Polic\u00eda al jefe de polic\u00eda, administrador de la ciudad y \/ o ciudad. Consejo.<\/p>\n\n\n\n<p>El Ayuntamiento aprob\u00f3 una ordenanza que establece el marco del CPOC en octubre.<\/p>\n\n\n\n<p>Ocho meses despu\u00e9s, el Ayuntamiento nombr\u00f3 a residentes locales para la comisi\u00f3n. El consejo tambi\u00e9n nombr\u00f3 a Brian Maxey como auditor de polic\u00eda independiente.<\/p>\n\n\n\n<p>La comisi\u00f3n de 11 miembros est\u00e1 compuesta por siete mujeres y cuatro hombres, incluido un juez jubilado del Tribunal Superior y un teniente jubilado del Departamento del Sheriff.<\/p>\n\n\n\n<p>Esprit Jones, Noemi Emeric-Ford, Donald R. Matthews, Barbara Stacy, Raul Ib\u00e1\u00f1ez, Patricia Kinaga, Lawrence Lurvey y Phillip J. Argento han sido elegidos para representar al concejo municipal y al alcalde Victor Gordo.<\/p>\n\n\n\n<p>Tres comisionados comunitarios, Juliana Serrano, Florence Annang y Alexis Abernethy, ya se han sentado.<\/p>\n\n\n\n<p>La comisi\u00f3n no puede ocuparse de los casos que est\u00e1n siendo investigados por la ciudad o el Departamento de Polic\u00eda.<\/p>\n\n\n\n<p>La comisi\u00f3n, que deber\u00e1 obedecer todas las leyes de personal, est\u00e1 recibiendo la capacitaci\u00f3n requerida.<\/p>\n","protected":false},"excerpt":{"rendered":"<p>La Comisi\u00f3n de Relaciones Humanas revisar\u00e1 el c\u00f3digo municipal para una actualizaci\u00f3n que podr\u00eda eliminar las funciones de la comisi\u00f3n relacionadas con el Departamento de Polic\u00eda y las agencias de aplicaci\u00f3n de la ley, ya que estas funciones est\u00e1n siendo absorbidas por la Comisi\u00f3n de Supervisi\u00f3n de la Polic\u00eda Comunitaria (CPOC). Seg\u00fan el Cap\u00edtulo 2.85 del c\u00f3digo municipal, la Comisi\u00f3n de Relaciones Humanas tiene la autoridad para establecer un comit\u00e9 de relaciones policiales con la comunidad. Dice: \u201cLa Comisi\u00f3n por [&hellip;]<\/p>\n","protected":false},"author":4,"featured_media":0,"comment_status":"open","ping_status":"closed","sticky":false,"template":"","format":"standard","meta":[],"categories":[4],"tags":[],"acf":[],"_links":{"self":[{"href":"http:\/\/www.pasadenahoy.com\/primero\/wp-json\/wp\/v2\/posts\/10109"}],"collection":[{"href":"http:\/\/www.pasadenahoy.com\/primero\/wp-json\/wp\/v2\/posts"}],"about":[{"href":"http:\/\/www.pasadenahoy.com\/primero\/wp-json\/wp\/v2\/types\/post"}],"author":[{"embeddable":true,"href":"http:\/\/www.pasadenahoy.com\/primero\/wp-json\/wp\/v2\/users\/4"}],"replies":[{"embeddable":true,"href":"http:\/\/www.pasadenahoy.com\/primero\/wp-json\/wp\/v2\/comments?post=10109"}],"version-history":[{"count":2,"href":"http:\/\/www.pasadenahoy.com\/primero\/wp-json\/wp\/v2\/posts\/10109\/revisions"}],"predecessor-version":[{"id":10112,"href":"http:\/\/www.pasadenahoy.com\/primero\/wp-json\/wp\/v2\/posts\/10109\/revisions\/10112"}],"wp:attachment":[{"href":"http:\/\/www.pasadenahoy.com\/primero\/wp-json\/wp\/v2\/media?parent=10109"}],"wp:term":[{"taxonomy":"category","embeddable":true,"href":"http:\/\/www.pasadenahoy.com\/primero\/wp-json\/wp\/v2\/categories?post=10109"},{"taxonomy":"post_tag","embeddable":true,"href":"http:\/\/www.pasadenahoy.com\/primero\/wp-json\/wp\/v2\/tags?post=10109"}],"curies":[{"name":"wp","href":"https:\/\/api.w.org\/{rel}","templated":true}]}}