{"id":10113,"date":"2021-08-02T16:40:52","date_gmt":"2021-08-02T16:40:52","guid":{"rendered":"http:\/\/www.pasadenahoy.com\/primero\/?p=10113"},"modified":"2021-08-02T16:40:54","modified_gmt":"2021-08-02T16:40:54","slug":"calor-seco-y-ventoso-se-espera-un-clima-critico-para-incendios-esta-semana","status":"publish","type":"post","link":"http:\/\/www.pasadenahoy.com\/primero\/la-comunidad\/calor-seco-y-ventoso-se-espera-un-clima-critico-para-incendios-esta-semana\/","title":{"rendered":"Calor, seco y ventoso: se espera un clima cr\u00edtico para incendios esta semana"},"content":{"rendered":"\n<figure class=\"wp-block-image alignnone size-large\"><figure class=\"alignnone\"><img loading=\"lazy\" width=\"740\" height=\"400\" src=\"http:\/\/www.pasadenahoy.com\/primero\/wp-content\/uploads\/2021\/08\/pic-5.png\" alt=\"\" class=\"wp-image-10114\" srcset=\"http:\/\/www.pasadenahoy.com\/primero\/wp-content\/uploads\/2021\/08\/pic-5.png 740w, http:\/\/www.pasadenahoy.com\/primero\/wp-content\/uploads\/2021\/08\/pic-5-300x162.png 300w, http:\/\/www.pasadenahoy.com\/primero\/wp-content\/uploads\/2021\/08\/pic-5-241x130.png 241w, http:\/\/www.pasadenahoy.com\/primero\/wp-content\/uploads\/2021\/08\/pic-5-333x180.png 333w, http:\/\/www.pasadenahoy.com\/primero\/wp-content\/uploads\/2021\/08\/pic-5-700x378.png 700w, http:\/\/www.pasadenahoy.com\/primero\/wp-content\/uploads\/2021\/08\/pic-5-360x195.png 360w, http:\/\/www.pasadenahoy.com\/primero\/wp-content\/uploads\/2021\/08\/pic-5-720x389.png 720w\" sizes=\"100vw\" \/><\/figure><\/figure>\n\n\n\n<p>Se esperan condiciones clim\u00e1ticas cr\u00edticas de incendios esta semana en todo el sur de California.<\/p>\n\n\n\n<p>El Servicio Meteorol\u00f3gico Nacional ha pronosticado condiciones c\u00e1lidas, secas y ventosas hasta el jueves en los valles, monta\u00f1as y desiertos del interior, con combustibles inusualmente secos.<\/p>\n\n\n\n<p>Se espera que las temperaturas oscilen por debajo de los 90 grados en Pasadena esta semana antes de caer a los 80 grados durante el fin de semana.<\/p>\n\n\n\n<p>Se espera que los lunes y martes sean los d\u00edas m\u00e1s calurosos de la semana.<\/p>\n\n\n\n<p>Los niveles de humedad caer\u00e1n entre el 7% y el 20% en las \u00e1reas interiores el domingo, luego entre el 5% y el 15% el lunes. Tambi\u00e9n se espera que los vientos en tierra se generalicen, con r\u00e1fagas generalmente entre 20 y 35 mph cada tarde y noche, con r\u00e1fagas aisladas de hasta 40 mph cerca de Antelope Valley.<br>estribaciones.<\/p>\n\n\n\n<p>Condiciones similares continuar\u00e1n potencialmente de martes a jueves, dijeron los meteor\u00f3logos.<\/p>\n\n\n\n<p>Aqu\u00ed est\u00e1 el pron\u00f3stico para Pasadena:<\/p>\n\n\n\n<p>Hoy: Soleado y calor, la m\u00e1xima alrededor de 96. Viento ligero y variable y llegar\u00e1 del suroeste de 5 a 10 mph. Los vientos pueden alcanzar r\u00e1fagas de hasta 15 mph.<\/p>\n\n\n\n<p>Esta Noche: Despejado, la m\u00ednima alrededor de 66. Viento del suroeste de 5 a 10 mph y se pondr\u00e1 en calma y variable despu\u00e9s de medianoche.<\/p>\n\n\n\n<p>Martes: Soleado y calor, la m\u00e1xima alrededor de 96. Viento ligero y variable y llegar\u00e1 del suroeste de 5 a 10 mph. Los vientos pueden alcanzar r\u00e1fagas de hasta 15 mph.<\/p>\n\n\n\n<p>Mar. por la Noche: Despejado, la m\u00ednima alrededor de 64. Viento del sur entre 5 y 10 mph, con r\u00e1fagas de hasta 15 mph.<\/p>\n\n\n\n<p>Mi\u00e9rcoles: Soleado, la m\u00e1xima alrededor de 93. Viento ligero y llegar\u00e1 del oeste suroeste de 5 a 10 mph. Mi\u00e9. Los vientos pueden alcanzar r\u00e1fagas de hasta 15 mph.<\/p>\n\n\n\n<p>Mi\u00e9. Por la Noche: Despejado, la m\u00ednima alrededor de 65.<\/p>\n\n\n\n<p>Jueves: Soleado, la m\u00e1xima alrededor de 90.<\/p>\n\n\n\n<p>Jue. Por la Noche: Despejado, la m\u00ednima alrededor de 63.<\/p>\n\n\n\n<p>Viernes: Soleado, la m\u00e1xima alrededor de 87.<\/p>\n\n\n\n<p>Por la Noche: Despejado, la m\u00ednima alrededor de 62.<\/p>\n\n\n\n<p>S\u00e1bado: Soleado, la m\u00e1xima alrededor de 87.<\/p>\n\n\n\n<p>S\u00e1b. Por la Noche: Despejado, la m\u00ednima alrededor de 63.<\/p>\n\n\n\n<p>Domingo: Soleado, la m\u00e1xima alrededor de 87.<\/p>\n","protected":false},"excerpt":{"rendered":"<p>Se esperan condiciones clim\u00e1ticas cr\u00edticas de incendios esta semana en todo el sur de California. El Servicio Meteorol\u00f3gico Nacional ha pronosticado condiciones c\u00e1lidas, secas y ventosas hasta el jueves en los valles, monta\u00f1as y desiertos del interior, con combustibles inusualmente secos. Se espera que las temperaturas oscilen por debajo de los 90 grados en Pasadena esta semana antes de caer a los 80 grados durante el fin de semana. Se espera que los lunes y martes sean los d\u00edas m\u00e1s [&hellip;]<\/p>\n","protected":false},"author":4,"featured_media":0,"comment_status":"open","ping_status":"closed","sticky":false,"template":"","format":"standard","meta":[],"categories":[4],"tags":[],"acf":[],"_links":{"self":[{"href":"http:\/\/www.pasadenahoy.com\/primero\/wp-json\/wp\/v2\/posts\/10113"}],"collection":[{"href":"http:\/\/www.pasadenahoy.com\/primero\/wp-json\/wp\/v2\/posts"}],"about":[{"href":"http:\/\/www.pasadenahoy.com\/primero\/wp-json\/wp\/v2\/types\/post"}],"author":[{"embeddable":true,"href":"http:\/\/www.pasadenahoy.com\/primero\/wp-json\/wp\/v2\/users\/4"}],"replies":[{"embeddable":true,"href":"http:\/\/www.pasadenahoy.com\/primero\/wp-json\/wp\/v2\/comments?post=10113"}],"version-history":[{"count":2,"href":"http:\/\/www.pasadenahoy.com\/primero\/wp-json\/wp\/v2\/posts\/10113\/revisions"}],"predecessor-version":[{"id":10116,"href":"http:\/\/www.pasadenahoy.com\/primero\/wp-json\/wp\/v2\/posts\/10113\/revisions\/10116"}],"wp:attachment":[{"href":"http:\/\/www.pasadenahoy.com\/primero\/wp-json\/wp\/v2\/media?parent=10113"}],"wp:term":[{"taxonomy":"category","embeddable":true,"href":"http:\/\/www.pasadenahoy.com\/primero\/wp-json\/wp\/v2\/categories?post=10113"},{"taxonomy":"post_tag","embeddable":true,"href":"http:\/\/www.pasadenahoy.com\/primero\/wp-json\/wp\/v2\/tags?post=10113"}],"curies":[{"name":"wp","href":"https:\/\/api.w.org\/{rel}","templated":true}]}}