{"id":10117,"date":"2021-08-02T16:44:46","date_gmt":"2021-08-02T16:44:46","guid":{"rendered":"http:\/\/www.pasadenahoy.com\/primero\/?p=10117"},"modified":"2021-08-02T16:44:49","modified_gmt":"2021-08-02T16:44:49","slug":"pasadena-job-center-alquila-para-renovacion-como-parte-del-calendario-de-consentimiento-del-consejo-del-lunes","status":"publish","type":"post","link":"http:\/\/www.pasadenahoy.com\/primero\/el-gobierno-local\/pasadena-job-center-alquila-para-renovacion-como-parte-del-calendario-de-consentimiento-del-consejo-del-lunes\/","title":{"rendered":"Pasadena Job Center alquila para renovaci\u00f3n como parte del calendario de consentimiento del consejo del lunes"},"content":{"rendered":"\n<figure class=\"wp-block-image alignnone size-large\"><figure class=\"alignnone\"><img loading=\"lazy\" width=\"740\" height=\"400\" src=\"http:\/\/www.pasadenahoy.com\/primero\/wp-content\/uploads\/2021\/08\/pic-6.jpg\" alt=\"\" class=\"wp-image-10118\" srcset=\"http:\/\/www.pasadenahoy.com\/primero\/wp-content\/uploads\/2021\/08\/pic-6.jpg 740w, http:\/\/www.pasadenahoy.com\/primero\/wp-content\/uploads\/2021\/08\/pic-6-300x162.jpg 300w, http:\/\/www.pasadenahoy.com\/primero\/wp-content\/uploads\/2021\/08\/pic-6-241x130.jpg 241w, http:\/\/www.pasadenahoy.com\/primero\/wp-content\/uploads\/2021\/08\/pic-6-333x180.jpg 333w, http:\/\/www.pasadenahoy.com\/primero\/wp-content\/uploads\/2021\/08\/pic-6-700x378.jpg 700w, http:\/\/www.pasadenahoy.com\/primero\/wp-content\/uploads\/2021\/08\/pic-6-360x195.jpg 360w, http:\/\/www.pasadenahoy.com\/primero\/wp-content\/uploads\/2021\/08\/pic-6-720x389.jpg 720w\" sizes=\"100vw\" \/><\/figure><\/figure>\n\n\n\n<p>Como parte del calendario de consentimiento en la agenda del Concejo Municipal el lunes, el Concejo considerar\u00e1 enmendar el contrato de arrendamiento con Tova LLC para el funcionamiento del Pasadena Job Center en 500 N. Lake Ave.<\/p>\n\n\n\n<p>La enmienda aumentar\u00eda el alquiler de $ 9,268.50 a $ 9,546.56 por mes.<\/p>\n\n\n\n<p>Desde 2010, la ciudad ha alquilado el edificio para el funcionamiento del Job Center, un programa donde los jornaleros pueden acceder a oportunidades de empleo y recibir servicios de capacitaci\u00f3n laboral.<\/p>\n\n\n\n<p>El centro es operado por la Red Nacional de Organizaci\u00f3n de Jornaleros (NDLON) bajo un contrato separado con la ciudad.<\/p>\n\n\n\n<p>El aumento de alquiler entrar\u00e1 en vigencia en abril y estar\u00e1 sujeto a aumentos anuales del 3% hasta el final del plazo de arrendamiento el 31 de marzo de 2027.<\/p>\n\n\n\n<p>A continuaci\u00f3n se muestran otros elementos del calendario de consentimiento del lunes:<\/p>\n\n\n\n<p>Un contrato de $ 1.6 millones con Licher Direct Mail, Infuse Branding Inc. ($ 258,000) e iColor Printing and Mailing Inc. ($ 147,345) para servicios de impresi\u00f3n.<\/p>\n\n\n\n<p>Un contrato de $ 750,000 para proporcionar libros electr\u00f3nicos y audiolibros para las bibliotecas y el departamento de servicios de informaci\u00f3n. Las colecciones de libros electr\u00f3nicos de la Biblioteca P\u00fablica de Pasadena, que incluyen tanto libros electr\u00f3nicos como audiolibros electr\u00f3nicos, se encuentran entre las colecciones de mayor circulaci\u00f3n en el sistema, y \u200b\u200bla popularidad de estas colecciones va en aumento.<\/p>\n\n\n\n<p>Durante la primera mitad del a\u00f1o fiscal 2021, la circulaci\u00f3n de las colecciones de libros electr\u00f3nicos de la biblioteca aument\u00f3 un 10,65% durante el mismo per\u00edodo de seis meses en el a\u00f1o fiscal 2020. La fuerte circulaci\u00f3n de libros electr\u00f3nicos se compara favorablemente con las colecciones impresas de la biblioteca, que han experimentado una disminuci\u00f3n dram\u00e1tica en circulaci\u00f3n desde que la orden Stay-at-Home entr\u00f3 en vigencia en California en marzo de 2020.<\/p>\n\n\n\n<p>Enmiendas a dos contratos con Scott Fazekas y Asociados con True North Compliance Services para aumentar dos contratos de tres a\u00f1os en $ 1.4 millones para servicios de revisi\u00f3n de planes de construcci\u00f3n y contra incendios. El Departamento de Planificaci\u00f3n y Desarrollo Comunitario y el Departamento de Bomberos revisan los planes de construcci\u00f3n para todas las construcciones nuevas dentro de la ciudad. Para satisfacer la demanda m\u00e1xima de servicios de verificaci\u00f3n de planos, la ciudad tradicionalmente ha contratado a varios consultores externos, seg\u00fan sea necesario.<\/p>\n\n\n\n<p>Contratos con Iteris Inc., Fehr and Peers y Kimley-Horn and Associates Inc. para servicios de consultor\u00eda para preparar estudios t\u00e9cnicos de transporte por un per\u00edodo de cuatro a\u00f1os con una fecha de inicio anticipada del 1 de septiembre. La ciudad est\u00e1 buscando servicios profesionales de empresas de transporte para la preparaci\u00f3n de estudios t\u00e9cnicos de transporte seg\u00fan sea necesario. Estos estudios se utilizar\u00e1n en CEQA y an\u00e1lisis de movilidad local (anteriormente referenciados como an\u00e1lisis externo de CEQA).<\/p>\n","protected":false},"excerpt":{"rendered":"<p>Como parte del calendario de consentimiento en la agenda del Concejo Municipal el lunes, el Concejo considerar\u00e1 enmendar el contrato de arrendamiento con Tova LLC para el funcionamiento del Pasadena Job Center en 500 N. Lake Ave. La enmienda aumentar\u00eda el alquiler de $ 9,268.50 a $ 9,546.56 por mes. Desde 2010, la ciudad ha alquilado el edificio para el funcionamiento del Job Center, un programa donde los jornaleros pueden acceder a oportunidades de empleo y recibir servicios de capacitaci\u00f3n [&hellip;]<\/p>\n","protected":false},"author":4,"featured_media":0,"comment_status":"open","ping_status":"closed","sticky":false,"template":"","format":"standard","meta":[],"categories":[6],"tags":[],"acf":[],"_links":{"self":[{"href":"http:\/\/www.pasadenahoy.com\/primero\/wp-json\/wp\/v2\/posts\/10117"}],"collection":[{"href":"http:\/\/www.pasadenahoy.com\/primero\/wp-json\/wp\/v2\/posts"}],"about":[{"href":"http:\/\/www.pasadenahoy.com\/primero\/wp-json\/wp\/v2\/types\/post"}],"author":[{"embeddable":true,"href":"http:\/\/www.pasadenahoy.com\/primero\/wp-json\/wp\/v2\/users\/4"}],"replies":[{"embeddable":true,"href":"http:\/\/www.pasadenahoy.com\/primero\/wp-json\/wp\/v2\/comments?post=10117"}],"version-history":[{"count":2,"href":"http:\/\/www.pasadenahoy.com\/primero\/wp-json\/wp\/v2\/posts\/10117\/revisions"}],"predecessor-version":[{"id":10120,"href":"http:\/\/www.pasadenahoy.com\/primero\/wp-json\/wp\/v2\/posts\/10117\/revisions\/10120"}],"wp:attachment":[{"href":"http:\/\/www.pasadenahoy.com\/primero\/wp-json\/wp\/v2\/media?parent=10117"}],"wp:term":[{"taxonomy":"category","embeddable":true,"href":"http:\/\/www.pasadenahoy.com\/primero\/wp-json\/wp\/v2\/categories?post=10117"},{"taxonomy":"post_tag","embeddable":true,"href":"http:\/\/www.pasadenahoy.com\/primero\/wp-json\/wp\/v2\/tags?post=10117"}],"curies":[{"name":"wp","href":"https:\/\/api.w.org\/{rel}","templated":true}]}}