{"id":10129,"date":"2021-08-02T16:56:33","date_gmt":"2021-08-02T16:56:33","guid":{"rendered":"http:\/\/www.pasadenahoy.com\/primero\/?p=10129"},"modified":"2021-08-02T16:56:35","modified_gmt":"2021-08-02T16:56:35","slug":"el-consejo-llevara-a-cabo-una-segunda-lectura-de-la-ordenanza-de-exclusion-voluntaria-de-articulos-alimenticios","status":"publish","type":"post","link":"http:\/\/www.pasadenahoy.com\/primero\/el-gobierno-local\/el-consejo-llevara-a-cabo-una-segunda-lectura-de-la-ordenanza-de-exclusion-voluntaria-de-articulos-alimenticios\/","title":{"rendered":"El Consejo llevar\u00e1 a cabo una segunda lectura de la ordenanza de exclusi\u00f3n voluntaria de art\u00edculos alimenticios"},"content":{"rendered":"\n<figure class=\"wp-block-image alignnone size-large\"><figure class=\"alignnone\"><img loading=\"lazy\" width=\"740\" height=\"370\" src=\"http:\/\/www.pasadenahoy.com\/primero\/wp-content\/uploads\/2021\/08\/pic-9.jpg\" alt=\"\" class=\"wp-image-10130\" srcset=\"http:\/\/www.pasadenahoy.com\/primero\/wp-content\/uploads\/2021\/08\/pic-9.jpg 740w, http:\/\/www.pasadenahoy.com\/primero\/wp-content\/uploads\/2021\/08\/pic-9-300x150.jpg 300w, http:\/\/www.pasadenahoy.com\/primero\/wp-content\/uploads\/2021\/08\/pic-9-260x130.jpg 260w, http:\/\/www.pasadenahoy.com\/primero\/wp-content\/uploads\/2021\/08\/pic-9-360x180.jpg 360w, http:\/\/www.pasadenahoy.com\/primero\/wp-content\/uploads\/2021\/08\/pic-9-700x350.jpg 700w, http:\/\/www.pasadenahoy.com\/primero\/wp-content\/uploads\/2021\/08\/pic-9-720x360.jpg 720w\" sizes=\"100vw\" \/><\/figure><\/figure>\n\n\n\n<p>El Ayuntamiento de Pasadena llevar\u00e1 a cabo la segunda lectura de una ordenanza que requerir\u00eda que los proveedores de servicios de alimentos, incluidos restaurantes, bares, camiones de comida y tiendas de conveniencia, hagan que los clientes soliciten afirmativamente art\u00edculos de alimentos accesorios desechables, como cucharas, tenedores, cuchillos, servilletas, pajitas y otros art\u00edculos antes de recibirlos.<\/p>\n\n\n\n<p>Cuando la ordenanza entre en vigor, los habitantes de Pasadena tendr\u00e1n la opci\u00f3n de optar por no recibir servilletas de papel, cuchillos de pl\u00e1stico, cucharas y tenedores cuando pidan comida para llevar o para llevar a los restaurantes locales.<\/p>\n\n\n\n<p>La ordenanza es consistente con las regulaciones recientemente adoptadas por el condado, Alhambra y Santa M\u00f3nica.<\/p>\n\n\n\n<p>\u201cEl personal de Obras P\u00fablicas compar\u00f3 las ordenanzas de accesorios para alimentos recientemente adoptadas por las ciudades de Alhambra, Santa M\u00f3nica y Los \u00c1ngeles y el condado de Los \u00c1ngeles\u201d, seg\u00fan un informe del personal.<\/p>\n\n\n\n<p>\u201cTodas estas ordenanzas aprobadas proh\u00edben el suministro de art\u00edculos alimenticios accesorios a menos que el cliente lo solicite y permiten ofrecer los art\u00edculos a los clientes de autoservicio y entrega. Las ordenanzas de las ciudades de Alhambra y Santa M\u00f3nica y del condado de Los \u00c1ngeles tambi\u00e9n permiten ofrecer art\u00edculos de comida a los clientes que sirven comidas en el local y para llevar, mientras que la ordenanza de la ciudad de Los \u00c1ngeles lo proh\u00edbe. La Ciudad de Los \u00c1ngeles tambi\u00e9n proh\u00edbe proporcionar dispensadores o estaciones de autoservicio para alimentos \u201d, dice el informe.<\/p>\n\n\n\n<p>El prop\u00f3sito de la ordenanza es regular la distribuci\u00f3n de art\u00edculos alimenticios accesorios desechables para reducir el desperdicio.<\/p>\n\n\n\n<p>Cualquiera que viole la ordenanza, una vez que est\u00e9 en vigor, puede ser castigado seg\u00fan los procedimientos administrativos de citaci\u00f3n establecidos en el C\u00f3digo Municipal de Pasadena. Las multas recaudadas de acuerdo con la ordenanza se depositar\u00e1n en el fondo de basura para ayudar al Departamento de Obras P\u00fablicas con los costos de implementar y hacer cumplir los requisitos de la ordenanza, indica el informe.<\/p>\n\n\n\n<p>De acuerdo con la ordenanza, las plataformas de entrega de terceros deber\u00e1n incluir una opci\u00f3n en su proceso de pedido basado en la aplicaci\u00f3n para permitir que los clientes soliciten afirmativamente art\u00edculos alimenticios accesorios desechables como parte de su pedido de entrega o comida para llevar.<\/p>\n\n\n\n<p>Seg\u00fan un estudio de UCLA, m\u00e1s de la mitad del pl\u00e1stico utilizado se desecha sin que se considere reciclarlo o destinarlo a otros usos.<\/p>\n\n\n\n<p>El problema aument\u00f3 durante la pandemia, ya que aumentaron las entregas en restaurantes y supermercados y se descartaron a\u00fan m\u00e1s art\u00edculos de pl\u00e1stico.<\/p>\n\n\n\n<p>La ordenanza de la ciudad agregar\u00e1 un cap\u00edtulo al T\u00edtulo 8 del C\u00f3digo Municipal de Pasadena y requerir\u00e1 que los restaurantes y otros proveedores de servicios de alimentos, incluidas las plataformas de entrega de terceros, proporcionen art\u00edculos de alimentos accesorios desechables solo cuando el cliente los solicite.<\/p>\n","protected":false},"excerpt":{"rendered":"<p>El Ayuntamiento de Pasadena llevar\u00e1 a cabo la segunda lectura de una ordenanza que requerir\u00eda que los proveedores de servicios de alimentos, incluidos restaurantes, bares, camiones de comida y tiendas de conveniencia, hagan que los clientes soliciten afirmativamente art\u00edculos de alimentos accesorios desechables, como cucharas, tenedores, cuchillos, servilletas, pajitas y otros art\u00edculos antes de recibirlos. Cuando la ordenanza entre en vigor, los habitantes de Pasadena tendr\u00e1n la opci\u00f3n de optar por no recibir servilletas de papel, cuchillos de pl\u00e1stico, cucharas [&hellip;]<\/p>\n","protected":false},"author":4,"featured_media":0,"comment_status":"open","ping_status":"closed","sticky":false,"template":"","format":"standard","meta":[],"categories":[6],"tags":[],"acf":[],"_links":{"self":[{"href":"http:\/\/www.pasadenahoy.com\/primero\/wp-json\/wp\/v2\/posts\/10129"}],"collection":[{"href":"http:\/\/www.pasadenahoy.com\/primero\/wp-json\/wp\/v2\/posts"}],"about":[{"href":"http:\/\/www.pasadenahoy.com\/primero\/wp-json\/wp\/v2\/types\/post"}],"author":[{"embeddable":true,"href":"http:\/\/www.pasadenahoy.com\/primero\/wp-json\/wp\/v2\/users\/4"}],"replies":[{"embeddable":true,"href":"http:\/\/www.pasadenahoy.com\/primero\/wp-json\/wp\/v2\/comments?post=10129"}],"version-history":[{"count":2,"href":"http:\/\/www.pasadenahoy.com\/primero\/wp-json\/wp\/v2\/posts\/10129\/revisions"}],"predecessor-version":[{"id":10132,"href":"http:\/\/www.pasadenahoy.com\/primero\/wp-json\/wp\/v2\/posts\/10129\/revisions\/10132"}],"wp:attachment":[{"href":"http:\/\/www.pasadenahoy.com\/primero\/wp-json\/wp\/v2\/media?parent=10129"}],"wp:term":[{"taxonomy":"category","embeddable":true,"href":"http:\/\/www.pasadenahoy.com\/primero\/wp-json\/wp\/v2\/categories?post=10129"},{"taxonomy":"post_tag","embeddable":true,"href":"http:\/\/www.pasadenahoy.com\/primero\/wp-json\/wp\/v2\/tags?post=10129"}],"curies":[{"name":"wp","href":"https:\/\/api.w.org\/{rel}","templated":true}]}}