{"id":10149,"date":"2021-08-03T16:11:50","date_gmt":"2021-08-03T16:11:50","guid":{"rendered":"http:\/\/www.pasadenahoy.com\/primero\/?p=10149"},"modified":"2021-08-03T16:12:23","modified_gmt":"2021-08-03T16:12:23","slug":"el-ayuntamiento-aprueba-el-proyecto-de-elemento-de-vivienda","status":"publish","type":"post","link":"http:\/\/www.pasadenahoy.com\/primero\/la-comunidad\/el-ayuntamiento-aprueba-el-proyecto-de-elemento-de-vivienda\/","title":{"rendered":"El Ayuntamiento aprueba el proyecto de elemento de vivienda"},"content":{"rendered":"\n<figure class=\"wp-block-image alignnone size-large\"><figure class=\"alignnone\"><img loading=\"lazy\" width=\"800\" height=\"428\" src=\"http:\/\/www.pasadenahoy.com\/primero\/wp-content\/uploads\/2021\/08\/pic-3-1.jpg\" alt=\"\" class=\"wp-image-10150\" srcset=\"http:\/\/www.pasadenahoy.com\/primero\/wp-content\/uploads\/2021\/08\/pic-3-1.jpg 800w, http:\/\/www.pasadenahoy.com\/primero\/wp-content\/uploads\/2021\/08\/pic-3-1-300x161.jpg 300w, http:\/\/www.pasadenahoy.com\/primero\/wp-content\/uploads\/2021\/08\/pic-3-1-768x411.jpg 768w, http:\/\/www.pasadenahoy.com\/primero\/wp-content\/uploads\/2021\/08\/pic-3-1-243x130.jpg 243w, http:\/\/www.pasadenahoy.com\/primero\/wp-content\/uploads\/2021\/08\/pic-3-1-336x180.jpg 336w, http:\/\/www.pasadenahoy.com\/primero\/wp-content\/uploads\/2021\/08\/pic-3-1-780x417.jpg 780w, http:\/\/www.pasadenahoy.com\/primero\/wp-content\/uploads\/2021\/08\/pic-3-1-700x375.jpg 700w, http:\/\/www.pasadenahoy.com\/primero\/wp-content\/uploads\/2021\/08\/pic-3-1-360x193.jpg 360w, http:\/\/www.pasadenahoy.com\/primero\/wp-content\/uploads\/2021\/08\/pic-3-1-720x385.jpg 720w\" sizes=\"100vw\" \/><\/figure><\/figure>\n\n\n\n<p>Los residentes se manifestaron antes de la reuni\u00f3n del Concejo Municipal del lunes exigiendo que los funcionarios electos agreguen 25 demandas al elemento de vivienda de la Ciudad.<\/p>\n\n\n\n<p>Pero el intento no dio en el blanco el lunes cuando el Concejo Municipal vot\u00f3 para autorizar al Director de Planificaci\u00f3n David Reyes a presentar el borrador del Elemento de Vivienda 2021-2029 al Departamento de Vivienda y Desarrollo Comunitario de California (HCD).<\/p>\n\n\n\n<p>Las demandas de los activistas no recibieron mucha discusi\u00f3n por parte del Ayuntamiento durante las deliberaciones.<\/p>\n\n\n\n<p>Una de las demandas exige una zona de superposici\u00f3n que permita a las instituciones religiosas construir viviendas asequibles.<\/p>\n\n\n\n<p>El director de planificaci\u00f3n, David Reyes, dijo nuevamente el lunes que muchas iglesias pueden construir viviendas en la propiedad de la iglesia sin un cambio en el c\u00f3digo de zonificaci\u00f3n.<\/p>\n\n\n\n<p>La concejal Felicia Williams pidi\u00f3 una &#8220;limpieza&#8221; del c\u00f3digo de zonificaci\u00f3n que ser\u00eda m\u00e1s inclusivo para todas las organizaciones sin fines de lucro, pero no llega a una superposici\u00f3n que permita a todas las iglesias construir viviendas por derecho.<\/p>\n\n\n\n<p>El personal estudiar\u00e1 el problema.<\/p>\n\n\n\n<p>Williams expres\u00f3 su preocupaci\u00f3n por una ordenanza que solo servir\u00eda a las instituciones religiosas.<\/p>\n\n\n\n<p>\u201cDiscrimina a otras organizaciones sin fines de lucro. En la Comisi\u00f3n de Planificaci\u00f3n, este fue un problema muy importante. Soy reacio a aprobar un plan que discrimina \u201d, dijo Williams.<\/p>\n\n\n\n<p>El elemento ordenado por el estado del Plan General de la ciudad debe actualizarse cada cuatro a ocho a\u00f1os para abordar las necesidades de vivienda actuales y proyectadas de todos los segmentos econ\u00f3micos de la comunidad.<\/p>\n\n\n\n<p>\u201cNo va a haber una soluci\u00f3n milagrosa, ni en este documento cimentado en su lugar. Tendremos que seguir explorando oportunidades de viviendas asequibles \u201d, dijo el alcalde V\u00edctor Gordo.<\/p>\n\n\n\n<p>Para el pr\u00f3ximo per\u00edodo de planificaci\u00f3n, la Asignaci\u00f3n de Necesidades de Vivienda Regional (RHNA) total de la ciudad es de 9,429 nuevas unidades de vivienda, que incluyen 2,747 unidades de ingresos muy bajos, 1,662 de ingresos bajos, 1,565 de ingresos moderados y 3,455 unidades de ingresos superiores a moderados.<\/p>\n\n\n\n<p>La ciudad solo est\u00e1 obligada a demostrar que puede cumplir con el n\u00famero, pero no tiene el mandato de construirla.<\/p>\n\n\n\n<p>La actualizaci\u00f3n incluye la evaluaci\u00f3n de la participaci\u00f3n de la ciudad en las necesidades de vivienda, la identificaci\u00f3n de las limitaciones y los recursos de vivienda, un inventario y an\u00e1lisis de los sitios y un plan de vivienda con metas, pol\u00edticas y programas \u201d, seg\u00fan un informe del personal de la ciudad.<\/p>\n\n\n\n<p>Se requiere que el Concejo Municipal adopte el elemento de vivienda actualizado 2021-2029 antes del 15 de octubre.<\/p>\n\n\n\n<p>La ciudad llev\u00f3 a cabo un programa de divulgaci\u00f3n que incluy\u00f3 dos talleres comunitarios, tres reuniones de la Comisi\u00f3n de Planificaci\u00f3n, cuatro reuniones del Grupo de Trabajo de Vivienda, una encuesta comunitaria, un sitio web dedicado, publicaciones en las redes sociales y actualizaciones por correo electr\u00f3nico.<\/p>\n\n\n\n<p>Algunos residentes locales pidieron que se incluyeran varios elementos en los elementos del borrador, pero ninguno de ellos se consider\u00f3 seriamente el lunes.<\/p>\n\n\n\n<p>Los residentes pidieron que se incluyeran 25 elementos adicionales, pero esos elementos no se consideraron el lunes.<\/p>\n\n\n\n<p>\u201cVarias de estas recomendaciones son consistentes con los comentarios recibidos tanto por la Comisi\u00f3n de Planificaci\u00f3n como por el Grupo de Trabajo de Vivienda\u201d, seg\u00fan un informe del personal de la ciudad. \u201cSin embargo, varias otras recomendaciones son asuntos de pol\u00edtica p\u00fablica o iniciativas que pueden ser adecuadas para su consideraci\u00f3n, pero que no pertenecen al elemento de vivienda, ya que tienen poca o ninguna conexi\u00f3n con la creaci\u00f3n real de nuevas unidades de vivienda\u201d.<\/p>\n\n\n\n<p>El plan cubre cinco secciones:<\/p>\n\n\n\n<p>Necesidades de vivienda. Esto incluye un an\u00e1lisis de las caracter\u00edsticas demogr\u00e1ficas, econ\u00f3micas, sociales y de vivienda de los residentes de Pasadena y una evaluaci\u00f3n de las necesidades de vivienda actuales y futuras en la comunidad que surgen debido al crecimiento y cambio de la poblaci\u00f3n y el empleo.<\/p>\n\n\n\n<p>Restricciones de la vivienda. Esto incluye un an\u00e1lisis de las posibles limitaciones gubernamentales que afectan el desarrollo, el mantenimiento y la mejora de la vivienda para todos los grupos de ingresos y personas con discapacidades, acorde con las necesidades de vivienda identificadas de la ciudad.<\/p>\n\n\n\n<p>Recursos de vivienda. Esto incluye un inventario de recursos disponibles para abordar las necesidades de vivienda de la ciudad, incluyendo terrenos disponibles para albergar nuevas viviendas, recursos financieros para apoyar los esfuerzos del programa y capacidad administrativa para administrar los programas de vivienda.<\/p>\n\n\n\n<p>Logros \/ Evaluaci\u00f3n del programa. Esto incluye una evaluaci\u00f3n de los programas de vivienda actuales y los logros en el tratamiento de las necesidades de vivienda identificadas en el Elemento de Vivienda 2014-2021.<\/p>\n\n\n\n<p>Plan de Vivienda. Esto incluye una serie de metas, pol\u00edticas y programas programados para promover el desarrollo, la mejora y la preservaci\u00f3n de la vivienda.<\/p>\n\n\n\n<p>Despu\u00e9s de una sesi\u00f3n de estudio de la Comisi\u00f3n de Planificaci\u00f3n sobre el elemento de vivienda, la comisi\u00f3n expres\u00f3 la necesidad de fortalecer el lenguaje de los programas de vivienda para demostrar un mayor compromiso de la ciudad para abordar los desaf\u00edos de la vivienda.<\/p>\n\n\n\n<p>La comisi\u00f3n tambi\u00e9n destac\u00f3 la importancia de acortar los plazos y priorizar los programas para utilizar de manera eficiente los recursos disponibles. Los comisionados estuvieron de acuerdo con las declaraciones de apertura, pero quer\u00edan una pol\u00edtica y una direcci\u00f3n m\u00e1s directa del programa. El programa de vivienda tambi\u00e9n necesita y enunciar y destacar iniciativas espec\u00edficas en materia de vivienda asequible<\/p>\n","protected":false},"excerpt":{"rendered":"<p>Los residentes se manifestaron antes de la reuni\u00f3n del Concejo Municipal del lunes exigiendo que los funcionarios electos agreguen 25 demandas al elemento de vivienda de la Ciudad. Pero el intento no dio en el blanco el lunes cuando el Concejo Municipal vot\u00f3 para autorizar al Director de Planificaci\u00f3n David Reyes a presentar el borrador del Elemento de Vivienda 2021-2029 al Departamento de Vivienda y Desarrollo Comunitario de California (HCD). Las demandas de los activistas no recibieron mucha discusi\u00f3n por [&hellip;]<\/p>\n","protected":false},"author":4,"featured_media":10150,"comment_status":"open","ping_status":"closed","sticky":false,"template":"","format":"standard","meta":[],"categories":[4],"tags":[],"acf":[],"_links":{"self":[{"href":"http:\/\/www.pasadenahoy.com\/primero\/wp-json\/wp\/v2\/posts\/10149"}],"collection":[{"href":"http:\/\/www.pasadenahoy.com\/primero\/wp-json\/wp\/v2\/posts"}],"about":[{"href":"http:\/\/www.pasadenahoy.com\/primero\/wp-json\/wp\/v2\/types\/post"}],"author":[{"embeddable":true,"href":"http:\/\/www.pasadenahoy.com\/primero\/wp-json\/wp\/v2\/users\/4"}],"replies":[{"embeddable":true,"href":"http:\/\/www.pasadenahoy.com\/primero\/wp-json\/wp\/v2\/comments?post=10149"}],"version-history":[{"count":4,"href":"http:\/\/www.pasadenahoy.com\/primero\/wp-json\/wp\/v2\/posts\/10149\/revisions"}],"predecessor-version":[{"id":10154,"href":"http:\/\/www.pasadenahoy.com\/primero\/wp-json\/wp\/v2\/posts\/10149\/revisions\/10154"}],"wp:featuredmedia":[{"embeddable":true,"href":"http:\/\/www.pasadenahoy.com\/primero\/wp-json\/wp\/v2\/media\/10150"}],"wp:attachment":[{"href":"http:\/\/www.pasadenahoy.com\/primero\/wp-json\/wp\/v2\/media?parent=10149"}],"wp:term":[{"taxonomy":"category","embeddable":true,"href":"http:\/\/www.pasadenahoy.com\/primero\/wp-json\/wp\/v2\/categories?post=10149"},{"taxonomy":"post_tag","embeddable":true,"href":"http:\/\/www.pasadenahoy.com\/primero\/wp-json\/wp\/v2\/tags?post=10149"}],"curies":[{"name":"wp","href":"https:\/\/api.w.org\/{rel}","templated":true}]}}