{"id":10155,"date":"2021-08-03T16:19:23","date_gmt":"2021-08-03T16:19:23","guid":{"rendered":"http:\/\/www.pasadenahoy.com\/primero\/?p=10155"},"modified":"2021-08-03T16:19:25","modified_gmt":"2021-08-03T16:19:25","slug":"la-noche-nacional-es-mas-importante-que-nunca-mientras-la-policia-busca-fortalecer-la-confianza-de-la-comunidad","status":"publish","type":"post","link":"http:\/\/www.pasadenahoy.com\/primero\/la-comunidad\/la-noche-nacional-es-mas-importante-que-nunca-mientras-la-policia-busca-fortalecer-la-confianza-de-la-comunidad\/","title":{"rendered":"La noche nacional es &#8220;m\u00e1s importante que nunca&#8221; mientras la polic\u00eda busca fortalecer la confianza de la comunidad"},"content":{"rendered":"\n<figure class=\"wp-block-image alignnone size-large\"><figure class=\"alignnone\"><img loading=\"lazy\" width=\"740\" height=\"400\" src=\"http:\/\/www.pasadenahoy.com\/primero\/wp-content\/uploads\/2021\/08\/pic-4-1.jpg\" alt=\"\" class=\"wp-image-10156\" srcset=\"http:\/\/www.pasadenahoy.com\/primero\/wp-content\/uploads\/2021\/08\/pic-4-1.jpg 740w, http:\/\/www.pasadenahoy.com\/primero\/wp-content\/uploads\/2021\/08\/pic-4-1-300x162.jpg 300w, http:\/\/www.pasadenahoy.com\/primero\/wp-content\/uploads\/2021\/08\/pic-4-1-241x130.jpg 241w, http:\/\/www.pasadenahoy.com\/primero\/wp-content\/uploads\/2021\/08\/pic-4-1-333x180.jpg 333w, http:\/\/www.pasadenahoy.com\/primero\/wp-content\/uploads\/2021\/08\/pic-4-1-700x378.jpg 700w, http:\/\/www.pasadenahoy.com\/primero\/wp-content\/uploads\/2021\/08\/pic-4-1-360x195.jpg 360w, http:\/\/www.pasadenahoy.com\/primero\/wp-content\/uploads\/2021\/08\/pic-4-1-720x389.jpg 720w\" sizes=\"100vw\" \/><\/figure><\/figure>\n\n\n\n<p>El Departamento de Polic\u00eda de Pasadena considera que la National Night Out de este a\u00f1o es &#8220;m\u00e1s importante que nunca&#8221;, ya que busca fortalecer la confianza de la comunidad. El evento comienza el martes por la noche en Villa Parke, 363 East Villa Street, Pasadena a las 5 p.m. y se reflejar\u00e1 en 16 reuniones de vecindarios m\u00e1s peque\u00f1os en toda la ciudad inmediatamente despu\u00e9s.<\/p>\n\n\n\n<p>National Night Out se lleva a cabo cada agosto en todo Estados Unidos, donde los oficiales se relacionan con las comunidades a trav\u00e9s de eventos informales de encuentro y saludo, generalmente con comida y actividades para ni\u00f1os.<\/p>\n\n\n\n<p>\u201cEl NNO de este a\u00f1o es m\u00e1s importante que nunca. Les permite a nuestros residentes la oportunidad de conocer realmente a sus oficiales, hacer preguntas importantes, pero sobre todo tener discusiones verdaderas para que comprendan el cuidado y la compasi\u00f3n de sus oficiales \u201d, dijo el viernes el jefe de polic\u00eda de Pasadena, John P\u00e9rez.<\/p>\n\n\n\n<p>\u201cS\u00e9 que siempre seremos juzgados por eventos individualizados cuando hay una tragedia\u201d, dijo P\u00e9rez, y continu\u00f3 diciendo que el trabajo policial sobresaliente que se est\u00e1 realizando a menudo se pasa por alto.<\/p>\n\n\n\n<p>&#8220;Hemos hecho mucho antes de 2020 en la creaci\u00f3n de reformas a trav\u00e9s de la reinvenci\u00f3n, el redise\u00f1o y la innovaci\u00f3n para cambiar d\u00e9cadas de estrategias policiales&#8221;.<\/p>\n\n\n\n<p>El comandante de la polic\u00eda, Mark Goodman, le dijo a Pasadena Now que el objetivo primordial de realizar National Night Out es fortalecer la confianza de la comunidad, lo que \u00e9l llam\u00f3 la piedra angular de la polic\u00eda comunitaria.<\/p>\n\n\n\n<p>\u201cLas familias son absolutamente bienvenidas y es una gran oportunidad para que los miembros de nuestra comunidad interact\u00faen entre s\u00ed y con los miembros de nuestro departamento de polic\u00eda y con muchos de nuestros otros departamentos de la ciudad\u201d, dijo Goodman.<\/p>\n\n\n\n<p>Goodman anim\u00f3 a las familias a unirse a los eventos y traer ni\u00f1os. Los eventos se realizar\u00e1n al aire libre.<\/p>\n\n\n\n<div class=\"wp-block-image alignleft\"><figure class=\"alignleft size-large\"><img loading=\"lazy\" width=\"400\" height=\"365\" src=\"http:\/\/www.pasadenahoy.com\/primero\/wp-content\/uploads\/2021\/08\/pic-5-1.png\" alt=\"\" class=\"wp-image-10157\" srcset=\"http:\/\/www.pasadenahoy.com\/primero\/wp-content\/uploads\/2021\/08\/pic-5-1.png 400w, http:\/\/www.pasadenahoy.com\/primero\/wp-content\/uploads\/2021\/08\/pic-5-1-300x274.png 300w, http:\/\/www.pasadenahoy.com\/primero\/wp-content\/uploads\/2021\/08\/pic-5-1-142x130.png 142w, http:\/\/www.pasadenahoy.com\/primero\/wp-content\/uploads\/2021\/08\/pic-5-1-197x180.png 197w, http:\/\/www.pasadenahoy.com\/primero\/wp-content\/uploads\/2021\/08\/pic-5-1-360x329.png 360w\" sizes=\"100vw\" \/><figcaption><span class=\"caption-text\">Para asistir al evento de lanzamiento o cualquiera de las 16 ubicaciones del vecindario, comun\u00edquese con la polic\u00eda al (626) 744-4551<\/span><\/figcaption><\/figure><\/div>\n\n\n\n<p>En el evento de inauguraci\u00f3n de Villa Parke, los voluntarios de la polic\u00eda preparar\u00e1n una barbacoa comunitaria, con comida servida sin costo alguno.<\/p>\n\n\n\n<p>Tambi\u00e9n se establecer\u00e1 un puesto de comando m\u00f3vil y al menos 10 mesas de informaci\u00f3n de varios departamentos y organizaciones de la ciudad para proporcionar recursos, divulgaci\u00f3n y materiales educativos a los miembros de la comunidad, seg\u00fan Goodman.<\/p>\n\n\n\n<p>\u201cLos miembros de nuestra comunidad pueden encontrar servicios que les atraigan en National Night Out. Y es una buena oportunidad para salir y pasar un buen rato con tus vecinos en diferentes departamentos de la ciudad \u201d, dijo.<\/p>\n\n\n\n<p>El Departamento de Bomberos de la Ciudad tambi\u00e9n participar\u00e1 en National Night Out.<\/p>\n\n\n\n<p>El jefe de bomberos Chad Augustin dijo que los bomberos y param\u00e9dicos se distribuir\u00e1n en 16 lugares diferentes en Pasadena para la celebraci\u00f3n del evento anual. Todo su equipo ejecutivo se desplegar\u00e1 en los eventos de NNO en toda la ciudad, dijo.<\/p>\n\n\n\n<p>&#8220;Este es el primer NNO del Jefe Augustin en Pasadena, as\u00ed que s\u00e9 que intentar\u00e1 visitar tantos lugares como sea posible&#8221;, dijo la portavoz de la ciudad Lisa Derderian. &#8220;El Departamento de Bomberos. valora mucho su relaci\u00f3n con el Departamento de Polic\u00eda y colabora con ellos a diario respondiendo a incidentes, organizando eventos especiales y capacitaciones \u201d.<\/p>\n\n\n\n<p>&#8220;NNO se trata de que los vecinos se unan y, desde la perspectiva del Departamento de Bomberos, eso es una prioridad&#8221;.<\/p>\n\n\n\n<p>Para obtener informaci\u00f3n sobre c\u00f3mo usted y su familia pueden participar, llame al (626) 744-4551.<br>More about this source textSource text required for additional translation information<\/p>\n","protected":false},"excerpt":{"rendered":"<p>El Departamento de Polic\u00eda de Pasadena considera que la National Night Out de este a\u00f1o es &#8220;m\u00e1s importante que nunca&#8221;, ya que busca fortalecer la confianza de la comunidad. El evento comienza el martes por la noche en Villa Parke, 363 East Villa Street, Pasadena a las 5 p.m. y se reflejar\u00e1 en 16 reuniones de vecindarios m\u00e1s peque\u00f1os en toda la ciudad inmediatamente despu\u00e9s. National Night Out se lleva a cabo cada agosto en todo Estados Unidos, donde los [&hellip;]<\/p>\n","protected":false},"author":4,"featured_media":0,"comment_status":"open","ping_status":"closed","sticky":false,"template":"","format":"standard","meta":[],"categories":[4],"tags":[],"acf":[],"_links":{"self":[{"href":"http:\/\/www.pasadenahoy.com\/primero\/wp-json\/wp\/v2\/posts\/10155"}],"collection":[{"href":"http:\/\/www.pasadenahoy.com\/primero\/wp-json\/wp\/v2\/posts"}],"about":[{"href":"http:\/\/www.pasadenahoy.com\/primero\/wp-json\/wp\/v2\/types\/post"}],"author":[{"embeddable":true,"href":"http:\/\/www.pasadenahoy.com\/primero\/wp-json\/wp\/v2\/users\/4"}],"replies":[{"embeddable":true,"href":"http:\/\/www.pasadenahoy.com\/primero\/wp-json\/wp\/v2\/comments?post=10155"}],"version-history":[{"count":2,"href":"http:\/\/www.pasadenahoy.com\/primero\/wp-json\/wp\/v2\/posts\/10155\/revisions"}],"predecessor-version":[{"id":10159,"href":"http:\/\/www.pasadenahoy.com\/primero\/wp-json\/wp\/v2\/posts\/10155\/revisions\/10159"}],"wp:attachment":[{"href":"http:\/\/www.pasadenahoy.com\/primero\/wp-json\/wp\/v2\/media?parent=10155"}],"wp:term":[{"taxonomy":"category","embeddable":true,"href":"http:\/\/www.pasadenahoy.com\/primero\/wp-json\/wp\/v2\/categories?post=10155"},{"taxonomy":"post_tag","embeddable":true,"href":"http:\/\/www.pasadenahoy.com\/primero\/wp-json\/wp\/v2\/tags?post=10155"}],"curies":[{"name":"wp","href":"https:\/\/api.w.org\/{rel}","templated":true}]}}