{"id":10171,"date":"2021-08-04T15:08:55","date_gmt":"2021-08-04T15:08:55","guid":{"rendered":"http:\/\/www.pasadenahoy.com\/primero\/?p=10171"},"modified":"2021-08-04T15:08:57","modified_gmt":"2021-08-04T15:08:57","slug":"national-night-out-de-pasadena-une-a-la-ciudad","status":"publish","type":"post","link":"http:\/\/www.pasadenahoy.com\/primero\/la-comunidad\/national-night-out-de-pasadena-une-a-la-ciudad\/","title":{"rendered":"&#8220;National Night Out&#8221; de Pasadena une a la ciudad"},"content":{"rendered":"\n<figure class=\"wp-block-image alignnone size-large\"><figure class=\"alignnone\"><img loading=\"lazy\" width=\"800\" height=\"428\" src=\"http:\/\/www.pasadenahoy.com\/primero\/wp-content\/uploads\/2021\/08\/pic-1-2.jpg\" alt=\"\" class=\"wp-image-10172\" srcset=\"http:\/\/www.pasadenahoy.com\/primero\/wp-content\/uploads\/2021\/08\/pic-1-2.jpg 800w, http:\/\/www.pasadenahoy.com\/primero\/wp-content\/uploads\/2021\/08\/pic-1-2-300x161.jpg 300w, http:\/\/www.pasadenahoy.com\/primero\/wp-content\/uploads\/2021\/08\/pic-1-2-768x411.jpg 768w, http:\/\/www.pasadenahoy.com\/primero\/wp-content\/uploads\/2021\/08\/pic-1-2-243x130.jpg 243w, http:\/\/www.pasadenahoy.com\/primero\/wp-content\/uploads\/2021\/08\/pic-1-2-336x180.jpg 336w, http:\/\/www.pasadenahoy.com\/primero\/wp-content\/uploads\/2021\/08\/pic-1-2-780x417.jpg 780w, http:\/\/www.pasadenahoy.com\/primero\/wp-content\/uploads\/2021\/08\/pic-1-2-700x375.jpg 700w, http:\/\/www.pasadenahoy.com\/primero\/wp-content\/uploads\/2021\/08\/pic-1-2-360x193.jpg 360w, http:\/\/www.pasadenahoy.com\/primero\/wp-content\/uploads\/2021\/08\/pic-1-2-720x385.jpg 720w\" sizes=\"100vw\" \/><figcaption><span class=\"caption-text\">Los ni\u00f1os que visten una mochila de Pasadena visitan a los diferentes vendedores durante la 25a noche de fiesta nacional de Pasadena organizada por el Departamento de Polic\u00eda de Pasadena en Villa Park en Pasadena el martes 3 de agosto de 2021. (Foto de James Carbone)<\/span><\/figcaption><\/figure><\/figure>\n\n\n\n<p>La polic\u00eda, los bomberos y el liderazgo de la ciudad celebraron la resistencia y el sentido de comunidad de Pasadena al reunirse afuera en vecindarios alrededor de la ciudad el martes para el evento anual &#8220;National Night Out&#8221;.<\/p>\n\n\n\n<p>El evento de Pasadena comenz\u00f3 en Villa Parke con el alcalde Victor Gordo, el jefe de polic\u00eda John Perez, el jefe de bomberos Chad Augustine y el administrador de la ciudad Steve Mermell, junto con miembros del Concejo Municipal, quienes se reunieron para reunirse e interactuar con los residentes del vecindario.<\/p>\n\n\n\n<p>&#8220;No hay nada m\u00e1s importante anualmente que esto&#8221;, dijo el jefe de polic\u00eda de Pasadena, John P\u00e9rez, y agreg\u00f3: &#8220;Es una oportunidad para que nos conectemos de verdad con los residentes de esta ciudad&#8221;.<\/p>\n\n\n\n<p>P\u00e9rez continu\u00f3: &#8220;Tienen la oportunidad de hacernos preguntas, y es una noche realmente agradable para que la gente nos conozca&#8221;.<\/p>\n\n\n\n<p>El evento fue cancelado el a\u00f1o pasado debido a las \u00f3rdenes de Safer at Home implementadas para combatir la propagaci\u00f3n del Coronavirus.<\/p>\n\n\n\n<p>El alcalde de Pasadena, V\u00edctor Gordo, tambi\u00e9n reconoci\u00f3 el trabajo de la ciudad en la lucha contra la pandemia de coronavirus y dijo: \u201cSiempre es importante recordarnos que es necesario que todos trabajemos juntos para estar a salvo juntos. Es importante vernos y asegurarnos de que estemos trabajando todos juntos &#8220;.<\/p>\n\n\n\n<p>En el evento de inauguraci\u00f3n de Villa Parke, los voluntarios de la polic\u00eda realizaron una barbacoa comunitaria, con comida servida sin costo alguno.<br>Tambi\u00e9n se establecer\u00e1 un puesto de comando m\u00f3vil y al menos 10 mesas de informaci\u00f3n de varios departamentos y organizaciones de la ciudad para proporcionar recursos, divulgaci\u00f3n y materiales educativos a los miembros de la comunidad.<br>\u201cRealmente conecta a la comunidad\u201d, dijo el administrador de la ciudad Steve Mermell. \u201cEn Pasadena sacamos a nuestro departamento de polic\u00eda, nuestro departamento de bomberos para que entiendan que estos son los servidores p\u00fablicos que est\u00e1n aqu\u00ed para mantenerte a salvo y para protegerte en estos tiempos tan dif\u00edciles en los que atravesamos cierres de COVID y todos est\u00e1n estresados . Es importante ahora m\u00e1s que nunca restablecer el sentido de comunidad &#8220;.<\/p>\n\n\n\n<p>El evento a nivel nacional, destinado a destacar el trabajo de los departamentos de polic\u00eda locales, se ha celebrado anualmente desde 1984 y est\u00e1 patrocinado por la Asociaci\u00f3n Nacional de Vigilancia de la Ciudad de los Estados Unidos.<\/p>\n\n\n\n<p>Comenz\u00f3 simplemente cuando los vecinos encendieron las luces de su porche y se sentaron frente a sus casas, lo que involucr\u00f3 a 2.5 millones de residentes en 400 comunidades en 23 estados.<\/p>\n\n\n\n<p>El evento, ahora en su 38 \u00b0 a\u00f1o, involucra a ciudadanos en los 50 estados, territorios de los EE. UU. Y bases militares en todo el mundo, y es un evento de asociaci\u00f3n entre la polic\u00eda y la comunidad, patrocinado por la Asociaci\u00f3n Nacional de Vigilancia de la Ciudad (NATW).<\/p>\n\n\n\n<p>El evento del martes es el \u00faltimo evento de este tipo de P\u00e9rez despu\u00e9s de una carrera de m\u00e1s de 30 a\u00f1os en el departamento de polic\u00eda, ya que se jubilar\u00e1 a fines de este a\u00f1o.<\/p>\n\n\n\n<p>Esta ha sido su parte favorita del trabajo con la polic\u00eda, dijo P\u00e9rez. &#8220;Es conocer gente y compartir el pan con ellos, y que nos entendamos realmente y que tengamos una conversaci\u00f3n honesta&#8221;.<\/p>\n\n\n\n<p>El evento de Pasadena se llev\u00f3 a cabo en 16 lugares de la ciudad, desde San Rafael hasta el \u00e1rea de Upper Hastings Ranch.<\/p>\n","protected":false},"excerpt":{"rendered":"<p>La polic\u00eda, los bomberos y el liderazgo de la ciudad celebraron la resistencia y el sentido de comunidad de Pasadena al reunirse afuera en vecindarios alrededor de la ciudad el martes para el evento anual &#8220;National Night Out&#8221;. El evento de Pasadena comenz\u00f3 en Villa Parke con el alcalde Victor Gordo, el jefe de polic\u00eda John Perez, el jefe de bomberos Chad Augustine y el administrador de la ciudad Steve Mermell, junto con miembros del Concejo Municipal, quienes se reunieron [&hellip;]<\/p>\n","protected":false},"author":4,"featured_media":10172,"comment_status":"open","ping_status":"closed","sticky":false,"template":"","format":"standard","meta":[],"categories":[4],"tags":[],"acf":[],"_links":{"self":[{"href":"http:\/\/www.pasadenahoy.com\/primero\/wp-json\/wp\/v2\/posts\/10171"}],"collection":[{"href":"http:\/\/www.pasadenahoy.com\/primero\/wp-json\/wp\/v2\/posts"}],"about":[{"href":"http:\/\/www.pasadenahoy.com\/primero\/wp-json\/wp\/v2\/types\/post"}],"author":[{"embeddable":true,"href":"http:\/\/www.pasadenahoy.com\/primero\/wp-json\/wp\/v2\/users\/4"}],"replies":[{"embeddable":true,"href":"http:\/\/www.pasadenahoy.com\/primero\/wp-json\/wp\/v2\/comments?post=10171"}],"version-history":[{"count":2,"href":"http:\/\/www.pasadenahoy.com\/primero\/wp-json\/wp\/v2\/posts\/10171\/revisions"}],"predecessor-version":[{"id":10174,"href":"http:\/\/www.pasadenahoy.com\/primero\/wp-json\/wp\/v2\/posts\/10171\/revisions\/10174"}],"wp:featuredmedia":[{"embeddable":true,"href":"http:\/\/www.pasadenahoy.com\/primero\/wp-json\/wp\/v2\/media\/10172"}],"wp:attachment":[{"href":"http:\/\/www.pasadenahoy.com\/primero\/wp-json\/wp\/v2\/media?parent=10171"}],"wp:term":[{"taxonomy":"category","embeddable":true,"href":"http:\/\/www.pasadenahoy.com\/primero\/wp-json\/wp\/v2\/categories?post=10171"},{"taxonomy":"post_tag","embeddable":true,"href":"http:\/\/www.pasadenahoy.com\/primero\/wp-json\/wp\/v2\/tags?post=10171"}],"curies":[{"name":"wp","href":"https:\/\/api.w.org\/{rel}","templated":true}]}}