{"id":10175,"date":"2021-08-04T15:14:58","date_gmt":"2021-08-04T15:14:58","guid":{"rendered":"http:\/\/www.pasadenahoy.com\/primero\/?p=10175"},"modified":"2021-08-04T15:14:59","modified_gmt":"2021-08-04T15:14:59","slug":"administrador-de-la-ciudad-de-pasadena-no-hay-planes-para-exigir-comprobante-de-vacunacion-para-actividades-en-interiores","status":"publish","type":"post","link":"http:\/\/www.pasadenahoy.com\/primero\/el-gobierno-local\/administrador-de-la-ciudad-de-pasadena-no-hay-planes-para-exigir-comprobante-de-vacunacion-para-actividades-en-interiores\/","title":{"rendered":"Administrador de la ciudad de Pasadena: No hay planes para exigir comprobante de vacunaci\u00f3n para actividades en interiores"},"content":{"rendered":"\n<figure class=\"wp-block-image alignnone size-large\"><figure class=\"alignnone\"><img loading=\"lazy\" width=\"740\" height=\"400\" src=\"http:\/\/www.pasadenahoy.com\/primero\/wp-content\/uploads\/2021\/08\/pic-2-1.jpg\" alt=\"\" class=\"wp-image-10176\" srcset=\"http:\/\/www.pasadenahoy.com\/primero\/wp-content\/uploads\/2021\/08\/pic-2-1.jpg 740w, http:\/\/www.pasadenahoy.com\/primero\/wp-content\/uploads\/2021\/08\/pic-2-1-300x162.jpg 300w, http:\/\/www.pasadenahoy.com\/primero\/wp-content\/uploads\/2021\/08\/pic-2-1-241x130.jpg 241w, http:\/\/www.pasadenahoy.com\/primero\/wp-content\/uploads\/2021\/08\/pic-2-1-333x180.jpg 333w, http:\/\/www.pasadenahoy.com\/primero\/wp-content\/uploads\/2021\/08\/pic-2-1-700x378.jpg 700w, http:\/\/www.pasadenahoy.com\/primero\/wp-content\/uploads\/2021\/08\/pic-2-1-360x195.jpg 360w, http:\/\/www.pasadenahoy.com\/primero\/wp-content\/uploads\/2021\/08\/pic-2-1-720x389.jpg 720w\" sizes=\"100vw\" \/><figcaption><span class=\"caption-text\">Steve Mermell<\/span><\/figcaption><\/figure><\/figure>\n\n\n\n<p>[ACTUALIZADO] Un funcionario de la ciudad le dijo a Pasadena Now el martes por la ma\u00f1ana que no hay planes para exigir oficialmente una prueba de las vacunas COVID-19 para las actividades en interiores.<\/p>\n\n\n\n<p>El alcalde de Nueva York, Bill de Blasio, anunci\u00f3 el martes una prueba del requisito de vacunaci\u00f3n para la mayor\u00eda de los eventos bajo techo en la ciudad de Nueva York.<\/p>\n\n\n\n<p>Se cree que la pol\u00edtica es el primer mandato de este tipo de una ciudad estadounidense.<\/p>\n\n\n\n<p>Seg\u00fan CNN, cenar en restaurantes, hacer ejercicio en un gimnasio, asistir a una pel\u00edcula o jugar en la ciudad de Nueva York requerir\u00e1 un comprobante de vacunaci\u00f3n a partir del 16 de agosto.<\/p>\n\n\n\n<p>\u201cEl personal de la ciudad no tiene planes de implementar o recomendar al Concejo Municipal una acci\u00f3n similar; sin embargo, alentamos a todos los empleadores a exigir que sus empleados se vacunen e instamos al p\u00fablico elegible pero a\u00fan no vacunado a vacunarse, ya que es la \u00fanica forma segura de derrotar al COVID-19 y volver a la normalidad \u201d, dijo el administrador de la ciudad de Pasadena, Steve Mermell.<\/p>\n\n\n\n<p>La ciudad ha tomado sus propias medidas para combatir la variante Delta, incluido un mandato obligatorio de m\u00e1scara interior.<\/p>\n\n\n\n<p>Mermell tambi\u00e9n se est\u00e1 preparando para implementar una pol\u00edtica que requerir\u00eda que todos los empleados de la ciudad est\u00e9n vacunados.<\/p>\n\n\n\n<p>El Distrito Escolar Unificado de Pasadena est\u00e1 programado para discutir la pol\u00edtica de vacunaci\u00f3n del distrito el jueves.<\/p>\n\n\n\n<p>El jueves pasado, el director de Salud P\u00fablica, el Dr. Ying-Ying Goh, dijo que existe un mayor riesgo de transmisi\u00f3n en los campus debido a la alta proporci\u00f3n de poblaci\u00f3n no vacunada, ya que muchos estudiantes a\u00fan no son elegibles para recibir una vacuna. Actualmente, las vacunas no se administran a ni\u00f1os menores de 12 a\u00f1os.<\/p>\n\n\n\n<p>Goh dijo que si todos los empleados del distrito se vacunan, habr\u00e1 menos riesgo de transmisi\u00f3n y ser\u00e1 menos probable que la comunidad experimente brotes. Como resultado, se evitar\u00eda la interrupci\u00f3n del funcionamiento de las escuelas.<\/p>\n\n\n\n<p>\u201cSabemos que COVID-19 es una enfermedad mortal y peligrosa y que es muy perjudicial para cualquier operaci\u00f3n, pero mucho en un entorno donde muchas personas pueden no estar vacunadas porque a\u00fan no son elegibles o no son elegibles\u201d.<\/p>\n\n\n\n<p>&#8220;Con cada vez menos poblaci\u00f3n vacunada, terminas con brotes que resultar\u00e1n en enfermedades que se contagiar\u00e1n a los miembros de la familia que tal vez no est\u00e9n vacunados&#8221;.<\/p>\n\n\n\n<p>Seg\u00fan los funcionarios de salud del condado, la cantidad de personas hospitalizadas con COVID-19 casi se ha cuadriplicado desde el mes pasado.<\/p>\n\n\n\n<p>El condado ha experimentado fuertes aumentos en el n\u00famero de casos diarios, las hospitalizaciones y las tasas de positividad de las pruebas durante las \u00faltimas semanas, y los aumentos se atribuyen a la variante Delta altamente infecciosa del coronavirus.<\/p>\n\n\n\n<p>El lunes, el departamento de salud de la ciudad inform\u00f3 21 nuevos casos del virus. El pasado fin de semana, se reportaron 22 casos de infecci\u00f3n el domingo y 26 el s\u00e1bado.<\/p>\n\n\n\n<p>Los n\u00fameros representan tres d\u00edas de disminuci\u00f3n en los casos.<\/p>\n\n\n\n<p>Desde que comenz\u00f3 la pandemia, el departamento de salud ha informado de 11,946 casos confirmados del virus y 352 muertes.<\/p>\n","protected":false},"excerpt":{"rendered":"<p>[ACTUALIZADO] Un funcionario de la ciudad le dijo a Pasadena Now el martes por la ma\u00f1ana que no hay planes para exigir oficialmente una prueba de las vacunas COVID-19 para las actividades en interiores. El alcalde de Nueva York, Bill de Blasio, anunci\u00f3 el martes una prueba del requisito de vacunaci\u00f3n para la mayor\u00eda de los eventos bajo techo en la ciudad de Nueva York. Se cree que la pol\u00edtica es el primer mandato de este tipo de una ciudad [&hellip;]<\/p>\n","protected":false},"author":4,"featured_media":10176,"comment_status":"open","ping_status":"closed","sticky":false,"template":"","format":"standard","meta":[],"categories":[6],"tags":[],"acf":[],"_links":{"self":[{"href":"http:\/\/www.pasadenahoy.com\/primero\/wp-json\/wp\/v2\/posts\/10175"}],"collection":[{"href":"http:\/\/www.pasadenahoy.com\/primero\/wp-json\/wp\/v2\/posts"}],"about":[{"href":"http:\/\/www.pasadenahoy.com\/primero\/wp-json\/wp\/v2\/types\/post"}],"author":[{"embeddable":true,"href":"http:\/\/www.pasadenahoy.com\/primero\/wp-json\/wp\/v2\/users\/4"}],"replies":[{"embeddable":true,"href":"http:\/\/www.pasadenahoy.com\/primero\/wp-json\/wp\/v2\/comments?post=10175"}],"version-history":[{"count":2,"href":"http:\/\/www.pasadenahoy.com\/primero\/wp-json\/wp\/v2\/posts\/10175\/revisions"}],"predecessor-version":[{"id":10178,"href":"http:\/\/www.pasadenahoy.com\/primero\/wp-json\/wp\/v2\/posts\/10175\/revisions\/10178"}],"wp:featuredmedia":[{"embeddable":true,"href":"http:\/\/www.pasadenahoy.com\/primero\/wp-json\/wp\/v2\/media\/10176"}],"wp:attachment":[{"href":"http:\/\/www.pasadenahoy.com\/primero\/wp-json\/wp\/v2\/media?parent=10175"}],"wp:term":[{"taxonomy":"category","embeddable":true,"href":"http:\/\/www.pasadenahoy.com\/primero\/wp-json\/wp\/v2\/categories?post=10175"},{"taxonomy":"post_tag","embeddable":true,"href":"http:\/\/www.pasadenahoy.com\/primero\/wp-json\/wp\/v2\/tags?post=10175"}],"curies":[{"name":"wp","href":"https:\/\/api.w.org\/{rel}","templated":true}]}}