{"id":10187,"date":"2021-08-04T15:28:55","date_gmt":"2021-08-04T15:28:55","guid":{"rendered":"http:\/\/www.pasadenahoy.com\/primero\/?p=10187"},"modified":"2021-08-04T15:28:57","modified_gmt":"2021-08-04T15:28:57","slug":"la-junta-de-supervisores-deliberara-sobre-la-vacuna-el-mandato-de-prueba-para-los-trabajadores-del-condado-de-los-angeles-la-proxima-semana","status":"publish","type":"post","link":"http:\/\/www.pasadenahoy.com\/primero\/la-comunidad\/la-junta-de-supervisores-deliberara-sobre-la-vacuna-el-mandato-de-prueba-para-los-trabajadores-del-condado-de-los-angeles-la-proxima-semana\/","title":{"rendered":"La Junta de Supervisores deliberar\u00e1 sobre la vacuna, el mandato de prueba para los trabajadores del condado de Los \u00c1ngeles la pr\u00f3xima semana"},"content":{"rendered":"\n<figure class=\"wp-block-image alignnone size-large\"><figure class=\"alignnone\"><img loading=\"lazy\" width=\"740\" height=\"400\" src=\"http:\/\/www.pasadenahoy.com\/primero\/wp-content\/uploads\/2021\/08\/pic-5.jpg\" alt=\"\" class=\"wp-image-10188\" srcset=\"http:\/\/www.pasadenahoy.com\/primero\/wp-content\/uploads\/2021\/08\/pic-5.jpg 740w, http:\/\/www.pasadenahoy.com\/primero\/wp-content\/uploads\/2021\/08\/pic-5-300x162.jpg 300w, http:\/\/www.pasadenahoy.com\/primero\/wp-content\/uploads\/2021\/08\/pic-5-241x130.jpg 241w, http:\/\/www.pasadenahoy.com\/primero\/wp-content\/uploads\/2021\/08\/pic-5-333x180.jpg 333w, http:\/\/www.pasadenahoy.com\/primero\/wp-content\/uploads\/2021\/08\/pic-5-700x378.jpg 700w, http:\/\/www.pasadenahoy.com\/primero\/wp-content\/uploads\/2021\/08\/pic-5-360x195.jpg 360w, http:\/\/www.pasadenahoy.com\/primero\/wp-content\/uploads\/2021\/08\/pic-5-720x389.jpg 720w\" sizes=\"100vw\" \/><\/figure><\/figure>\n\n\n\n<p>Reflejando los movimientos del estado y las ciudades de Pasadena, Los \u00c1ngeles y Long Beach, la supervisora \u200b\u200bdel condado de Los \u00c1ngeles, Janice Hahn y Sheila Kuehl, pedir\u00e1n a sus colegas la pr\u00f3xima semana que aprueben una pol\u00edtica que requiera que todos los 100,000 empleados del condado sean vacunados contra COVID-19 o someterse a pruebas semanales.<\/p>\n\n\n\n<p>&#8220;Tenemos la responsabilidad de proteger a nuestros empleados, los residentes que dependen de ellos y predican con el ejemplo&#8221;, escribi\u00f3 Hahn en una publicaci\u00f3n de Twitter el martes anunciando la moci\u00f3n, que se presentar\u00e1 ante la junta la semana que viene.<\/p>\n\n\n\n<p>Si se aprueba, la moci\u00f3n pedir\u00eda al director ejecutivo del condado, a los abogados y al Departamento de Recursos Humanos que desarrollen una pol\u00edtica de vacunaci\u00f3n para los empleados dentro de los 15 d\u00edas, exigi\u00e9ndoles que &#8220;muestren prueba de la vacuna COVID-19 o se hagan la prueba al menos una vez por semana&#8221;.<\/p>\n\n\n\n<p>Pasadena anunci\u00f3 previamente planes para implementar un requisito de vacuna para los trabajadores.<\/p>\n\n\n\n<p>Hace dos semanas, el alcalde de Pasadena, V\u00edctor Gordo, pidi\u00f3 al condado y a las 88 ciudades que adopten pol\u00edticas similares.<\/p>\n\n\n\n<p>\u201cPara proteger al p\u00fablico y aumentar nuestras tasas de vacunaci\u00f3n, es importante que el condado de Los \u00c1ngeles tenga una pol\u00edtica de vacunaci\u00f3n para que su fuerza laboral de aproximadamente 100,000 empleados se vacunen contra COVID-19 y explore la viabilidad de exigir a los contratistas que tambi\u00e9n sigan esta pol\u00edtica, \u201dDice la moci\u00f3n. &#8220;Con la creciente propagaci\u00f3n de la variante Delta, la Junta de Supervisores tambi\u00e9n debe tomar el sentido com\u00fan e importante paso de exigir que los trabajadores de la salud del condado est\u00e9n completamente vacunados contra COVID-19&#8221;.<\/p>\n\n\n\n<p>\u201cDemasiados de nuestros residentes ya han perdido la vida a causa de este virus y debemos hacer todo lo posible para proteger su salud\u201d.<\/p>\n\n\n\n<p>El gobernador Gavin Newsom anunci\u00f3 anteriormente que todos los empleados estatales y todos los trabajadores de las instalaciones de atenci\u00f3n m\u00e9dica p\u00fablicas y privadas en California deber\u00e1n vacunarse o hacerse la prueba al menos una vez por semana.<\/p>\n\n\n\n<p>El alcalde de Los \u00c1ngeles, Eric Garcetti, y el alcalde de Long Beach, Robert Garc\u00eda, anunciaron la semana pasada pol\u00edticas similares para sus empleados municipales.<\/p>\n","protected":false},"excerpt":{"rendered":"<p>Reflejando los movimientos del estado y las ciudades de Pasadena, Los \u00c1ngeles y Long Beach, la supervisora \u200b\u200bdel condado de Los \u00c1ngeles, Janice Hahn y Sheila Kuehl, pedir\u00e1n a sus colegas la pr\u00f3xima semana que aprueben una pol\u00edtica que requiera que todos los 100,000 empleados del condado sean vacunados contra COVID-19 o someterse a pruebas semanales. &#8220;Tenemos la responsabilidad de proteger a nuestros empleados, los residentes que dependen de ellos y predican con el ejemplo&#8221;, escribi\u00f3 Hahn en una publicaci\u00f3n [&hellip;]<\/p>\n","protected":false},"author":4,"featured_media":0,"comment_status":"open","ping_status":"closed","sticky":false,"template":"","format":"standard","meta":[],"categories":[4],"tags":[],"acf":[],"_links":{"self":[{"href":"http:\/\/www.pasadenahoy.com\/primero\/wp-json\/wp\/v2\/posts\/10187"}],"collection":[{"href":"http:\/\/www.pasadenahoy.com\/primero\/wp-json\/wp\/v2\/posts"}],"about":[{"href":"http:\/\/www.pasadenahoy.com\/primero\/wp-json\/wp\/v2\/types\/post"}],"author":[{"embeddable":true,"href":"http:\/\/www.pasadenahoy.com\/primero\/wp-json\/wp\/v2\/users\/4"}],"replies":[{"embeddable":true,"href":"http:\/\/www.pasadenahoy.com\/primero\/wp-json\/wp\/v2\/comments?post=10187"}],"version-history":[{"count":2,"href":"http:\/\/www.pasadenahoy.com\/primero\/wp-json\/wp\/v2\/posts\/10187\/revisions"}],"predecessor-version":[{"id":10190,"href":"http:\/\/www.pasadenahoy.com\/primero\/wp-json\/wp\/v2\/posts\/10187\/revisions\/10190"}],"wp:attachment":[{"href":"http:\/\/www.pasadenahoy.com\/primero\/wp-json\/wp\/v2\/media?parent=10187"}],"wp:term":[{"taxonomy":"category","embeddable":true,"href":"http:\/\/www.pasadenahoy.com\/primero\/wp-json\/wp\/v2\/categories?post=10187"},{"taxonomy":"post_tag","embeddable":true,"href":"http:\/\/www.pasadenahoy.com\/primero\/wp-json\/wp\/v2\/tags?post=10187"}],"curies":[{"name":"wp","href":"https:\/\/api.w.org\/{rel}","templated":true}]}}