{"id":10198,"date":"2021-08-05T15:16:07","date_gmt":"2021-08-05T15:16:07","guid":{"rendered":"http:\/\/www.pasadenahoy.com\/primero\/?p=10198"},"modified":"2021-08-05T15:16:11","modified_gmt":"2021-08-05T15:16:11","slug":"alcalde-si-la-junta-escolar-no-se-mueve-decisivamente-con-respecto-a-las-vacunas-la-ciudad-deberia-actuar","status":"publish","type":"post","link":"http:\/\/www.pasadenahoy.com\/primero\/la-comunidad\/alcalde-si-la-junta-escolar-no-se-mueve-decisivamente-con-respecto-a-las-vacunas-la-ciudad-deberia-actuar\/","title":{"rendered":"Alcalde: Si la junta escolar no se mueve decisivamente con respecto a las vacunas, la ciudad deber\u00eda actuar"},"content":{"rendered":"\n<figure class=\"wp-block-image alignnone size-large\"><figure class=\"alignnone\"><img loading=\"lazy\" width=\"741\" height=\"400\" src=\"http:\/\/www.pasadenahoy.com\/primero\/wp-content\/uploads\/2021\/08\/pic-1-3.jpg\" alt=\"\" class=\"wp-image-10199\" srcset=\"http:\/\/www.pasadenahoy.com\/primero\/wp-content\/uploads\/2021\/08\/pic-1-3.jpg 741w, http:\/\/www.pasadenahoy.com\/primero\/wp-content\/uploads\/2021\/08\/pic-1-3-300x162.jpg 300w, http:\/\/www.pasadenahoy.com\/primero\/wp-content\/uploads\/2021\/08\/pic-1-3-241x130.jpg 241w, http:\/\/www.pasadenahoy.com\/primero\/wp-content\/uploads\/2021\/08\/pic-1-3-333x180.jpg 333w, http:\/\/www.pasadenahoy.com\/primero\/wp-content\/uploads\/2021\/08\/pic-1-3-700x378.jpg 700w, http:\/\/www.pasadenahoy.com\/primero\/wp-content\/uploads\/2021\/08\/pic-1-3-360x194.jpg 360w, http:\/\/www.pasadenahoy.com\/primero\/wp-content\/uploads\/2021\/08\/pic-1-3-720x389.jpg 720w\" sizes=\"100vw\" \/><figcaption><span class=\"caption-text\">El alcalde de Pasadena, V\u00edctor Gordo, durante la reuni\u00f3n del Concejo Municipal del lunes. (Captura de pantalla cortes\u00eda de Pasadena Media)<\/span><\/figcaption><\/figure><\/figure>\n\n\n\n<p>El lunes, el alcalde V\u00edctor Gordo dijo que la ciudad deber\u00eda considerar retener fondos del distrito escolar si las escuelas no vuelven a abrir a tiempo debido a la falta de vacunaci\u00f3n entre los maestros.<\/p>\n\n\n\n<p>\u201cSimplemente creo que ser\u00eda vergonzoso que las escuelas no reabrieran porque los empleados no est\u00e1n vacunados\u201d, dijo Gordo.<\/p>\n\n\n\n<p>\u201cNuestros ni\u00f1os no pueden sufrir otro cierre y [se les] niega la educaci\u00f3n en persona. Todos vimos los impactos el a\u00f1o pasado de lo que sucedi\u00f3. Creo que debemos hacer todo lo posible para asegurarnos de que nuestras escuelas vuelvan a abrir \u201d, dijo Gordo.<\/p>\n\n\n\n<p>&#8220;S\u00e9 que la junta escolar est\u00e1 abordando el asunto esta semana y espero que tengan una discusi\u00f3n que considere estos temas y tomen alguna acci\u00f3n&#8221;.<\/p>\n\n\n\n<p>&#8220;Pero en el caso de que no lo hagan, creo que deber\u00edamos estar preparados para actuar, y ustedes saben que eso tambi\u00e9n podr\u00eda significar retener algunos de estos d\u00f3lares que transferimos al PUSD para poner en marcha nuestros propios centros de aprendizaje&#8221;.<\/p>\n\n\n\n<p>Pasadena recauda y transfiere al distrito escolar un tercio de los ingresos recaudados por un aumento de 3\/4 centavos en el impuesto a las ventas recaudado con la aprobaci\u00f3n de los votantes en 2018.<\/p>\n\n\n\n<p>El Distrito Escolar Unificado de Pasadena discutir\u00e1 la pol\u00edtica de vacunaci\u00f3n del distrito el jueves.<\/p>\n\n\n\n<p>La discusi\u00f3n se produce cuando la variante Delta del virus COVID-19, m\u00e1s f\u00e1cilmente transmisible, contin\u00faa afectando a las comunidades locales.<\/p>\n\n\n\n<p>Sin embargo, la agenda no incluye ninguna menci\u00f3n de las vacunas obligatorias para los estudiantes de 12 a\u00f1os en adelante.<\/p>\n\n\n\n<p>&#8220;Discutiremos el tema de las vacunas y las pruebas y las ramificaciones&#8221;, dijo el presidente de la junta, Scott Phelps.<\/p>\n\n\n\n<p>El Departamento de Salud P\u00fablica de Pasadena requiere un plan o protocolo para incorporar las pruebas COVID-19 en las operaciones escolares regulares. Adem\u00e1s, la escuela puede considerar una estrategia para realizar pruebas peri\u00f3dicas para personas asintom\u00e1ticas sin exposici\u00f3n conocida.<\/p>\n\n\n\n<p>La ciudad actualmente est\u00e1 soportando una transmisi\u00f3n sustancial de COVID-19 y ha restablecido las pautas enmascaradas en interiores.<\/p>\n\n\n\n<p>El administrador de la ciudad, Steve Mermell, se est\u00e1 preparando para implementar una pol\u00edtica que requerir\u00eda que todos los empleados de la ciudad est\u00e9n vacunados.<\/p>\n\n\n\n<p>\u201cRequerimos que las escuelas nos informen todos los casos, no solo los brotes\u201d, dijo el Dr. Ying-Ying Goh, Director de Salud P\u00fablica, quien asisti\u00f3 a la \u00faltima reuni\u00f3n de la junta escolar. &#8220;Luego investigamos qui\u00e9n estuvo expuesto y ponemos a las personas en cuarentena&#8221;.<\/p>\n\n\n\n<p>Seg\u00fan el Dr. Goh, un brote se define actualmente como tres o m\u00e1s casos relacionados con la epidemia.<\/p>\n\n\n\n<p>Goh no tiene previsto asistir a la reuni\u00f3n del jueves.<\/p>\n\n\n\n<p>\u201cSi bien en este momento yo personalmente no apoyo las vacunas obligatorias, creo que las discusiones de la junta sobre el tema son importantes ya que el distrito considera c\u00f3mo mantener a todos seguros mientras est\u00e1n en nuestros campus escolares y otras instalaciones del distrito\u201d, dijo la miembro de la junta Michelle Richardson Bailey.<\/p>\n\n\n\n<p>La variante Delta puede propagarse m\u00e1s f\u00e1cilmente que la cepa original del virus, seg\u00fan los Centros para el Control de Enfermedades.<\/p>\n\n\n\n<p>Seg\u00fan WebMD, la cepa tiene mutaciones en la prote\u00edna de pico que le facilitan la infecci\u00f3n de c\u00e9lulas humanas. Eso significa que las personas pueden ser m\u00e1s contagiosas si contraen el virus y lo transmiten m\u00e1s f\u00e1cilmente a otras personas.<\/p>\n\n\n\n<p>La variante Delta es ahora la cepa dominante en los EE. UU.<\/p>\n\n\n\n<p>Y la tensi\u00f3n ha provocado m\u00e1s infecciones entre los estudiantes.<\/p>\n\n\n\n<p>En una semana, los casos de la variante aumentaron m\u00e1s del 80% entre los estudiantes de todo el pa\u00eds. Aunque muchos de esos estudiantes no fueron hospitalizados, algunos de ellos enfrentaron fiebres extremadamente altas de hasta 104 grados seg\u00fan los informes.<\/p>\n\n\n\n<p>El a\u00f1o pasado, los estudiantes de todo el pa\u00eds fueron enviados a casa para aprender despu\u00e9s de que comenz\u00f3 la pandemia. Aunque los distritos escolares de California discutieron originalmente un plan para continuar con el aprendizaje del distrito, esos planes se descartaron despu\u00e9s de que el gobernador Gavin Newsom prometiera a los distritos con problemas de liquidez, incluido Pasadena, dinero para reabrir.<\/p>\n\n\n\n<p>Pero desde que los estudiantes comenzaron a regresar a la escuela en todo el pa\u00eds, la variante Delta ha comenzado a extenderse entre los estudiantes.<\/p>\n\n\n\n<p>En un distrito escolar de Arkansas, 500 estudiantes y miembros del personal han sido puestos en cuarentena. Sin embargo, las leyes estatales proh\u00edben los mandatos de m\u00e1scaras en Arkansas.<\/p>\n\n\n\n<p>El Distrito Escolar Unificado de Los \u00c1ngeles requerir\u00e1 que todos los estudiantes y empleados que regresen para recibir instrucci\u00f3n en persona participen en las pruebas COVID-19 semanales, independientemente del estado de vacunaci\u00f3n.<\/p>\n\n\n\n<p>Las estrategias actuales del PUSD incluyen cl\u00ednicas de vacunaci\u00f3n el 7 de agosto en la Escuela Primaria Madison y del 9 al 11 de agosto en la cl\u00ednica de vacunaci\u00f3n del distrito.<\/p>\n","protected":false},"excerpt":{"rendered":"<p>El lunes, el alcalde V\u00edctor Gordo dijo que la ciudad deber\u00eda considerar retener fondos del distrito escolar si las escuelas no vuelven a abrir a tiempo debido a la falta de vacunaci\u00f3n entre los maestros. \u201cSimplemente creo que ser\u00eda vergonzoso que las escuelas no reabrieran porque los empleados no est\u00e1n vacunados\u201d, dijo Gordo. \u201cNuestros ni\u00f1os no pueden sufrir otro cierre y [se les] niega la educaci\u00f3n en persona. Todos vimos los impactos el a\u00f1o pasado de lo que sucedi\u00f3. Creo [&hellip;]<\/p>\n","protected":false},"author":4,"featured_media":10199,"comment_status":"open","ping_status":"closed","sticky":false,"template":"","format":"standard","meta":[],"categories":[4],"tags":[],"acf":[],"_links":{"self":[{"href":"http:\/\/www.pasadenahoy.com\/primero\/wp-json\/wp\/v2\/posts\/10198"}],"collection":[{"href":"http:\/\/www.pasadenahoy.com\/primero\/wp-json\/wp\/v2\/posts"}],"about":[{"href":"http:\/\/www.pasadenahoy.com\/primero\/wp-json\/wp\/v2\/types\/post"}],"author":[{"embeddable":true,"href":"http:\/\/www.pasadenahoy.com\/primero\/wp-json\/wp\/v2\/users\/4"}],"replies":[{"embeddable":true,"href":"http:\/\/www.pasadenahoy.com\/primero\/wp-json\/wp\/v2\/comments?post=10198"}],"version-history":[{"count":2,"href":"http:\/\/www.pasadenahoy.com\/primero\/wp-json\/wp\/v2\/posts\/10198\/revisions"}],"predecessor-version":[{"id":10201,"href":"http:\/\/www.pasadenahoy.com\/primero\/wp-json\/wp\/v2\/posts\/10198\/revisions\/10201"}],"wp:featuredmedia":[{"embeddable":true,"href":"http:\/\/www.pasadenahoy.com\/primero\/wp-json\/wp\/v2\/media\/10199"}],"wp:attachment":[{"href":"http:\/\/www.pasadenahoy.com\/primero\/wp-json\/wp\/v2\/media?parent=10198"}],"wp:term":[{"taxonomy":"category","embeddable":true,"href":"http:\/\/www.pasadenahoy.com\/primero\/wp-json\/wp\/v2\/categories?post=10198"},{"taxonomy":"post_tag","embeddable":true,"href":"http:\/\/www.pasadenahoy.com\/primero\/wp-json\/wp\/v2\/tags?post=10198"}],"curies":[{"name":"wp","href":"https:\/\/api.w.org\/{rel}","templated":true}]}}