{"id":10202,"date":"2021-08-05T15:20:57","date_gmt":"2021-08-05T15:20:57","guid":{"rendered":"http:\/\/www.pasadenahoy.com\/primero\/?p=10202"},"modified":"2021-08-05T15:21:01","modified_gmt":"2021-08-05T15:21:01","slug":"todos-los-empleados-del-condado-ordenados-para-recibir-la-vacuna-covid","status":"publish","type":"post","link":"http:\/\/www.pasadenahoy.com\/primero\/la-comunidad\/todos-los-empleados-del-condado-ordenados-para-recibir-la-vacuna-covid\/","title":{"rendered":"Todos los empleados del condado ordenados para recibir la vacuna COVID"},"content":{"rendered":"\n<figure class=\"wp-block-image alignnone size-large\"><figure class=\"alignnone\"><img loading=\"lazy\" width=\"740\" height=\"400\" src=\"http:\/\/www.pasadenahoy.com\/primero\/wp-content\/uploads\/2021\/08\/pic-2.png\" alt=\"\" class=\"wp-image-10203\" srcset=\"http:\/\/www.pasadenahoy.com\/primero\/wp-content\/uploads\/2021\/08\/pic-2.png 740w, http:\/\/www.pasadenahoy.com\/primero\/wp-content\/uploads\/2021\/08\/pic-2-300x162.png 300w, http:\/\/www.pasadenahoy.com\/primero\/wp-content\/uploads\/2021\/08\/pic-2-241x130.png 241w, http:\/\/www.pasadenahoy.com\/primero\/wp-content\/uploads\/2021\/08\/pic-2-333x180.png 333w, http:\/\/www.pasadenahoy.com\/primero\/wp-content\/uploads\/2021\/08\/pic-2-700x378.png 700w, http:\/\/www.pasadenahoy.com\/primero\/wp-content\/uploads\/2021\/08\/pic-2-360x195.png 360w, http:\/\/www.pasadenahoy.com\/primero\/wp-content\/uploads\/2021\/08\/pic-2-720x389.png 720w\" sizes=\"100vw\" \/><\/figure><\/figure>\n\n\n\n<p>Se requerir\u00e1 que todos los empleados del condado de Los \u00c1ngeles est\u00e9n vacunados contra COVID-19 antes del 1 de octubre bajo una orden ejecutiva emitida por la presidenta de la Junta de Supervisores Hilda L. Solis.<\/p>\n\n\n\n<p>Con el coronavirus nuevamente en auge, impulsado por la variante Delta altamente contagiosa, Sol\u00eds dijo, &#8220;la necesidad de una acci\u00f3n inmediata es grande&#8221;.<\/p>\n\n\n\n<p>Solis cit\u00f3 un aumento de 18 veces en los casos y un aumento de cinco veces en las hospitalizaciones desde el 15 de junio, cuando el condado levant\u00f3 las restricciones de coronavirus en medio de la ca\u00edda de las tasas de casos.<\/p>\n\n\n\n<p>Al anunciar la orden ejecutiva el mi\u00e9rcoles por la noche, Sol\u00eds dijo que habr\u00e1 exenciones por motivos m\u00e9dicos y religiosos, pero de lo contrario, se aplicar\u00e1 a todos los 110.000 empleados del condado &#8220;independientemente del departamento al que presten servicios&#8221;.<\/p>\n\n\n\n<p>La orden se produjo un d\u00eda en que el condado anunci\u00f3 otros 3.734 casos de COVID-19, el n\u00famero m\u00e1s grande en un solo d\u00eda desde principios de febrero. Los nuevos casos le dieron al condado un total general de toda la pandemia de 1.311.656.<\/p>\n\n\n\n<p>\u201cHoy, el condado est\u00e1 reportando otros 3.734 casos nuevos, 1.242 hospitalizaciones y, tr\u00e1gicamente, 16 muertes\u201d, dijo Sol\u00eds en un comunicado.<\/p>\n\n\n\n<p>\u201cCuando el condado marc\u00f3 su reapertura el 15 de junio, solo hubo 210 casos confirmados, menos de 220 fueron hospitalizados con COVID-19 y la tasa de positividad se situ\u00f3 en un 0,6% incre\u00edblemente bajo. Sin embargo, con la r\u00e1pida propagaci\u00f3n de la variante Delta, nuestros casos diarios han aumentado casi dieciocho veces y las hospitalizaciones m\u00e1s de cinco veces. Dado que las vacunas contin\u00faan a un ritmo m\u00e1s lento de lo necesario para frenar la propagaci\u00f3n, la necesidad de una acci\u00f3n inmediata es grande &#8220;.<\/p>\n\n\n\n<p>Sol\u00eds dijo que la fecha l\u00edmite del 1 de octubre proporciona a los trabajadores del condado un cronograma en el que pueden consultar con sus proveedores de atenci\u00f3n m\u00e9dica.<\/p>\n\n\n\n<p>Tambi\u00e9n dijo que, como presidenta de la junta, tiene el poder, durante una emergencia local proclamada, &#8220;para promulgar \u00f3rdenes y reglamentos necesarios para proteger la vida o la propiedad&#8221;. El 4 de marzo de 2020, el funcionario de salud del condado de Los \u00c1ngeles emiti\u00f3 una declaraci\u00f3n de emergencia sanitaria local debido al COVID-19.<\/p>\n\n\n\n<p>La orden de Sol\u00eds es m\u00e1s amplia que los mandatos en otras partes del pa\u00eds, incluida la ciudad de Los \u00c1ngeles y el estado de California, que establecen que los empleados del gobierno se vacunan o aceptan hacerse pruebas peri\u00f3dicas. La orden ejecutiva de Sol\u00eds no incluye una opci\u00f3n de prueba.<\/p>\n\n\n\n<p>En su declaraci\u00f3n, Sol\u00eds indic\u00f3 que espera que otros empleadores del condado sigan su ejemplo.<\/p>\n\n\n\n<p>\u201cEstamos demostrando una vez m\u00e1s a los empleadores de todo el condado que estamos preparados para predicar con el ejemplo y establecer un est\u00e1ndar para frenar la propagaci\u00f3n, tal como lo hicimos al restablecer el enmascaramiento en interiores, que desde entonces ha sido emulado en diversos grados por los CDC (el Centros para el Control de Enfermedades federales), el estado y las localidades de todo el pa\u00eds \u201d, dijo.<\/p>\n\n\n\n<p>\u201cTodos debemos estar preparados para unirnos y hacer nuestra parte para protegernos unos a otros y tener este virus bajo control una vez m\u00e1s. No podemos esperar un d\u00eda m\u00e1s mientras este virus contin\u00faa cambiando y alterando dram\u00e1ticamente la vida de nuestros residentes. Con la orden ejecutiva de hoy, el condado est\u00e1 preparado para liderar y espero que otros empleadores de nuestro gran condado hagan lo mismo &#8220;.<\/p>\n\n\n\n<p>La orden de Sol\u00eds tambi\u00e9n se produjo el mismo d\u00eda en que el presidente del Concejo Municipal de Los \u00c1ngeles, Nury Mart\u00ednez, present\u00f3 una propuesta en virtud de la cual se requerir\u00eda una prueba de vacunaci\u00f3n al menos parcial contra COVID-19 para ingresar a espacios p\u00fablicos interiores en la ciudad de Los \u00c1ngeles, incluidos restaurantes, bares, gimnasios, salas de conciertos, cines e incluso &#8220;establecimientos minoristas&#8221;.<\/p>\n\n\n\n<p>Mart\u00ednez present\u00f3 la moci\u00f3n con el concejal Mitch O\u2019Farrell. Es similar a una pol\u00edtica anunciada esta semana en la ciudad de Nueva York, pero ser\u00eda m\u00e1s restrictiva con la inclusi\u00f3n de establecimientos minoristas, lo que podr\u00eda limitar el acceso a algunas necesidades b\u00e1sicas.<\/p>\n\n\n\n<p>La pol\u00edtica de Nueva York restringe el acceso solo a lugares m\u00e1s orientados al entretenimiento, como restaurantes cubiertos, gimnasios y teatros.<\/p>\n\n\n\n<p>Seg\u00fan la oficina de O\u2019Farrell, los negocios exactos que quedar\u00edan sujetos a las restricciones se determinar\u00edan durante la redacci\u00f3n de la ordenanza por parte de los abogados de la ciudad. A\u00fan no se ha determinado si tales restricciones minoristas se extender\u00edan a las tiendas de comestibles.<\/p>\n","protected":false},"excerpt":{"rendered":"<p>Se requerir\u00e1 que todos los empleados del condado de Los \u00c1ngeles est\u00e9n vacunados contra COVID-19 antes del 1 de octubre bajo una orden ejecutiva emitida por la presidenta de la Junta de Supervisores Hilda L. Solis. Con el coronavirus nuevamente en auge, impulsado por la variante Delta altamente contagiosa, Sol\u00eds dijo, &#8220;la necesidad de una acci\u00f3n inmediata es grande&#8221;. Solis cit\u00f3 un aumento de 18 veces en los casos y un aumento de cinco veces en las hospitalizaciones desde el [&hellip;]<\/p>\n","protected":false},"author":4,"featured_media":10203,"comment_status":"open","ping_status":"closed","sticky":false,"template":"","format":"standard","meta":[],"categories":[4],"tags":[],"acf":[],"_links":{"self":[{"href":"http:\/\/www.pasadenahoy.com\/primero\/wp-json\/wp\/v2\/posts\/10202"}],"collection":[{"href":"http:\/\/www.pasadenahoy.com\/primero\/wp-json\/wp\/v2\/posts"}],"about":[{"href":"http:\/\/www.pasadenahoy.com\/primero\/wp-json\/wp\/v2\/types\/post"}],"author":[{"embeddable":true,"href":"http:\/\/www.pasadenahoy.com\/primero\/wp-json\/wp\/v2\/users\/4"}],"replies":[{"embeddable":true,"href":"http:\/\/www.pasadenahoy.com\/primero\/wp-json\/wp\/v2\/comments?post=10202"}],"version-history":[{"count":2,"href":"http:\/\/www.pasadenahoy.com\/primero\/wp-json\/wp\/v2\/posts\/10202\/revisions"}],"predecessor-version":[{"id":10205,"href":"http:\/\/www.pasadenahoy.com\/primero\/wp-json\/wp\/v2\/posts\/10202\/revisions\/10205"}],"wp:featuredmedia":[{"embeddable":true,"href":"http:\/\/www.pasadenahoy.com\/primero\/wp-json\/wp\/v2\/media\/10203"}],"wp:attachment":[{"href":"http:\/\/www.pasadenahoy.com\/primero\/wp-json\/wp\/v2\/media?parent=10202"}],"wp:term":[{"taxonomy":"category","embeddable":true,"href":"http:\/\/www.pasadenahoy.com\/primero\/wp-json\/wp\/v2\/categories?post=10202"},{"taxonomy":"post_tag","embeddable":true,"href":"http:\/\/www.pasadenahoy.com\/primero\/wp-json\/wp\/v2\/tags?post=10202"}],"curies":[{"name":"wp","href":"https:\/\/api.w.org\/{rel}","templated":true}]}}