{"id":10214,"date":"2021-08-05T15:35:53","date_gmt":"2021-08-05T15:35:53","guid":{"rendered":"http:\/\/www.pasadenahoy.com\/primero\/?p=10214"},"modified":"2021-08-05T15:36:32","modified_gmt":"2021-08-05T15:36:32","slug":"el-auditorio-civico-de-pasadena-y-el-centro-de-convenciones-reciben-1-43-millones-de-subvencion-para-lugares-cerrados","status":"publish","type":"post","link":"http:\/\/www.pasadenahoy.com\/primero\/la-comunidad\/el-auditorio-civico-de-pasadena-y-el-centro-de-convenciones-reciben-1-43-millones-de-subvencion-para-lugares-cerrados\/","title":{"rendered":"El Auditorio C\u00edvico de Pasadena y el Centro de Convenciones reciben $ 1.43 millones de &#8220;Subvenci\u00f3n para lugares cerrados&#8221;"},"content":{"rendered":"\n<figure class=\"wp-block-image alignnone size-large\"><figure class=\"alignnone\"><img loading=\"lazy\" width=\"740\" height=\"400\" src=\"http:\/\/www.pasadenahoy.com\/primero\/wp-content\/uploads\/2021\/08\/pic-5-1.jpg\" alt=\"\" class=\"wp-image-10215\" srcset=\"http:\/\/www.pasadenahoy.com\/primero\/wp-content\/uploads\/2021\/08\/pic-5-1.jpg 740w, http:\/\/www.pasadenahoy.com\/primero\/wp-content\/uploads\/2021\/08\/pic-5-1-300x162.jpg 300w, http:\/\/www.pasadenahoy.com\/primero\/wp-content\/uploads\/2021\/08\/pic-5-1-241x130.jpg 241w, http:\/\/www.pasadenahoy.com\/primero\/wp-content\/uploads\/2021\/08\/pic-5-1-333x180.jpg 333w, http:\/\/www.pasadenahoy.com\/primero\/wp-content\/uploads\/2021\/08\/pic-5-1-700x378.jpg 700w, http:\/\/www.pasadenahoy.com\/primero\/wp-content\/uploads\/2021\/08\/pic-5-1-360x195.jpg 360w, http:\/\/www.pasadenahoy.com\/primero\/wp-content\/uploads\/2021\/08\/pic-5-1-720x389.jpg 720w\" sizes=\"100vw\" \/><figcaption><span class=\"caption-text\">Auditorio C\u00edvico de Pasadena. Cortes\u00eda de Pasadena Civic Auditorium Facebook<\/span><\/figcaption><\/figure><\/figure>\n\n\n\n<p>Pasadena Center Operating Company, que administra el Pasadena Civic Auditorium y el Pasadena Convention Center, recibi\u00f3 una subvenci\u00f3n federal de $ 1,43 millones para compensar las p\u00e9rdidas sufridas durante la pandemia, anunci\u00f3 la empresa el mi\u00e9rcoles.<\/p>\n\n\n\n<p>La subvenci\u00f3n para operadores de locales cerrados se administra como parte de la Ley del Plan de Rescate Estadounidense.<\/p>\n\n\n\n<p>\u201cDebido a las restricciones estatales sobre eventos en interiores, la Compa\u00f1\u00eda Operativa del Centro de Pasadena, que opera el Auditorio C\u00edvico de Pasadena y el Centro de Convenciones de Pasadena, ha perdido cientos de eventos y millones de d\u00f3lares en ingresos\u201d, dijo la organizaci\u00f3n en un comunicado escrito.<\/p>\n\n\n\n<p>\u201cDebido a su condici\u00f3n de organizaci\u00f3n sin fines de lucro 501 (c) 4, la Compa\u00f1\u00eda Operativa del Centro de Pasadena no era elegible para muchos programas de asistencia empresarial pand\u00e9mica\u201d, agrega el comunicado.<\/p>\n\n\n\n<p>El director ejecutivo de Pasadena Center Operating Company dijo que el a\u00f1o pasado ha sido &#8220;devastador&#8221; para los lugares de Pasadena, junto con otros lugares en todo el pa\u00eds.<\/p>\n\n\n\n<p>\u201cLa subvenci\u00f3n para operadores de lugares cerrados ayudar\u00e1 a nuestros esfuerzos de recuperaci\u00f3n\u201d, dijo. &#8220;Tenemos un a\u00f1o prometedor en la tienda y esperamos compartir un programa animado de actos de comedia, representaciones culturales, teatro, eventos privados y producciones cinematogr\u00e1ficas&#8221;.<\/p>\n\n\n\n<p>M\u00e1s informaci\u00f3n sobre el Auditorio C\u00edvico de Pasadena est\u00e1 disponible en l\u00ednea en <a href=\"http:\/\/visitpasadena.com\/civic-auditorium\">visitpasadena.com\/civic-auditorium.<\/a><\/p>\n","protected":false},"excerpt":{"rendered":"<p>Pasadena Center Operating Company, que administra el Pasadena Civic Auditorium y el Pasadena Convention Center, recibi\u00f3 una subvenci\u00f3n federal de $ 1,43 millones para compensar las p\u00e9rdidas sufridas durante la pandemia, anunci\u00f3 la empresa el mi\u00e9rcoles. La subvenci\u00f3n para operadores de locales cerrados se administra como parte de la Ley del Plan de Rescate Estadounidense. \u201cDebido a las restricciones estatales sobre eventos en interiores, la Compa\u00f1\u00eda Operativa del Centro de Pasadena, que opera el Auditorio C\u00edvico de Pasadena y el [&hellip;]<\/p>\n","protected":false},"author":4,"featured_media":0,"comment_status":"open","ping_status":"closed","sticky":false,"template":"","format":"standard","meta":[],"categories":[4],"tags":[],"acf":[],"_links":{"self":[{"href":"http:\/\/www.pasadenahoy.com\/primero\/wp-json\/wp\/v2\/posts\/10214"}],"collection":[{"href":"http:\/\/www.pasadenahoy.com\/primero\/wp-json\/wp\/v2\/posts"}],"about":[{"href":"http:\/\/www.pasadenahoy.com\/primero\/wp-json\/wp\/v2\/types\/post"}],"author":[{"embeddable":true,"href":"http:\/\/www.pasadenahoy.com\/primero\/wp-json\/wp\/v2\/users\/4"}],"replies":[{"embeddable":true,"href":"http:\/\/www.pasadenahoy.com\/primero\/wp-json\/wp\/v2\/comments?post=10214"}],"version-history":[{"count":4,"href":"http:\/\/www.pasadenahoy.com\/primero\/wp-json\/wp\/v2\/posts\/10214\/revisions"}],"predecessor-version":[{"id":10219,"href":"http:\/\/www.pasadenahoy.com\/primero\/wp-json\/wp\/v2\/posts\/10214\/revisions\/10219"}],"wp:attachment":[{"href":"http:\/\/www.pasadenahoy.com\/primero\/wp-json\/wp\/v2\/media?parent=10214"}],"wp:term":[{"taxonomy":"category","embeddable":true,"href":"http:\/\/www.pasadenahoy.com\/primero\/wp-json\/wp\/v2\/categories?post=10214"},{"taxonomy":"post_tag","embeddable":true,"href":"http:\/\/www.pasadenahoy.com\/primero\/wp-json\/wp\/v2\/tags?post=10214"}],"curies":[{"name":"wp","href":"https:\/\/api.w.org\/{rel}","templated":true}]}}