{"id":10220,"date":"2021-08-05T15:41:21","date_gmt":"2021-08-05T15:41:21","guid":{"rendered":"http:\/\/www.pasadenahoy.com\/primero\/?p=10220"},"modified":"2021-08-05T15:41:24","modified_gmt":"2021-08-05T15:41:24","slug":"la-comision-escucha-el-informe-del-ex-presidente-sobre-el-impacto-de-la-brecha-digital-en-las-mujeres-y-las-ninas","status":"publish","type":"post","link":"http:\/\/www.pasadenahoy.com\/primero\/el-gobierno-local\/la-comision-escucha-el-informe-del-ex-presidente-sobre-el-impacto-de-la-brecha-digital-en-las-mujeres-y-las-ninas\/","title":{"rendered":"La Comisi\u00f3n escucha el informe del ex presidente sobre el impacto de la brecha digital en las mujeres y las ni\u00f1as"},"content":{"rendered":"\n<figure class=\"wp-block-image alignnone size-large\"><figure class=\"alignnone\"><img loading=\"lazy\" width=\"740\" height=\"400\" src=\"http:\/\/www.pasadenahoy.com\/primero\/wp-content\/uploads\/2021\/08\/pic-6-2.jpg\" alt=\"\" class=\"wp-image-10221\" srcset=\"http:\/\/www.pasadenahoy.com\/primero\/wp-content\/uploads\/2021\/08\/pic-6-2.jpg 740w, http:\/\/www.pasadenahoy.com\/primero\/wp-content\/uploads\/2021\/08\/pic-6-2-300x162.jpg 300w, http:\/\/www.pasadenahoy.com\/primero\/wp-content\/uploads\/2021\/08\/pic-6-2-241x130.jpg 241w, http:\/\/www.pasadenahoy.com\/primero\/wp-content\/uploads\/2021\/08\/pic-6-2-333x180.jpg 333w, http:\/\/www.pasadenahoy.com\/primero\/wp-content\/uploads\/2021\/08\/pic-6-2-700x378.jpg 700w, http:\/\/www.pasadenahoy.com\/primero\/wp-content\/uploads\/2021\/08\/pic-6-2-360x195.jpg 360w, http:\/\/www.pasadenahoy.com\/primero\/wp-content\/uploads\/2021\/08\/pic-6-2-720x389.jpg 720w\" sizes=\"100vw\" \/><figcaption><span class=\"caption-text\">Norma Fern\u00e1ndez, directora ejecutiva de EveryoneOn, es la ex presidenta de la Comisi\u00f3n de la Condici\u00f3n Jur\u00eddica y Social de la Mujer de Pasadena. (Imagen cortes\u00eda)<\/span><\/figcaption><\/figure><\/figure>\n\n\n\n<p>La Comisi\u00f3n de la Condici\u00f3n Jur\u00eddica y Social de la Mujer escuch\u00f3 el mi\u00e9rcoles un informe de la ex presidenta Norma Fern\u00e1ndez sobre el impacto de la brecha digital en mujeres y ni\u00f1as.<\/p>\n\n\n\n<p>Durante su presentaci\u00f3n, Fern\u00e1ndez dijo que la pandemia de COVID-19 arroj\u00f3 luz sobre la gravedad de la brecha digital en el pa\u00eds que exist\u00eda incluso antes de la pandemia &#8220;pero tambi\u00e9n agrav\u00f3 la situaci\u00f3n&#8221;.<\/p>\n\n\n\n<p>Seg\u00fan Fern\u00e1ndez, m\u00e1s de 18 millones de hogares o 52 millones de personas en los EE. UU. No tienen servicio de Internet de alta velocidad en el hogar.<\/p>\n\n\n\n<p>Tambi\u00e9n dijo que el 44 por ciento de los hogares con ingresos por debajo de los $ 30,000 en los EE. UU. No est\u00e1n conectados.<\/p>\n\n\n\n<p>En California, dijo, el 91 por ciento de los hogares tienen servicio de Internet de alta velocidad en el hogar. A pesar del alto porcentaje, dijo que la brecha digital prevalece entre las comunidades de bajos ingresos y las comunidades de color en el estado.<\/p>\n\n\n\n<p>Seg\u00fan Fern\u00e1ndez, el 30 por ciento de los hogares con ingresos por debajo de $ 20,000 est\u00e1n desconectados o subconectados y el 25 por ciento de los latinos de habla hispana est\u00e1n desconectados y desconectados en California.<\/p>\n\n\n\n<p>\u201cDefinitivamente, la brecha digital est\u00e1 afectando a las mujeres, especialmente a aquellas que tienen hijos en casa que de repente necesitaban aprender c\u00f3mo ayudar a sus estudiantes a navegar por el aprendizaje remoto, lo cual fue una haza\u00f1a como se puede imaginar\u201d, dijo Fern\u00e1ndez a la comisi\u00f3n.<\/p>\n\n\n\n<p>Fern\u00e1ndez explic\u00f3 que cuando las personas no tienen un dispositivo, las habilidades digitales y no est\u00e1n conectadas, tendr\u00e1n acceso limitado a la informaci\u00f3n necesaria, los servicios y las oportunidades disponibles en l\u00ednea.<\/p>\n\n\n\n<p>\u201cCuando las personas tienen acceso a estas herramientas, realmente significa que tienen acceso a servicios, oportunidades y recursos a los que no tendr\u00edan acceso de otra manera, especialmente en un entorno pand\u00e9mico cuando est\u00e1bamos atrapados en casa y a\u00fan necesitamos hacer telemedicina y en l\u00ednea. banca y buscar trabajo en l\u00ednea \u201d, dijo Fern\u00e1ndez.<\/p>\n\n\n\n<p>Agreg\u00f3 que la desigualdad digital tambi\u00e9n profundizar\u00e1 las brechas educativas y econ\u00f3micas existentes.<\/p>\n\n\n\n<p>Fern\u00e1ndez, director ejecutivo de EveryoneOn, una organizaci\u00f3n nacional sin fines de lucro que busca crear oportunidades sociales y econ\u00f3micas conectando familias de bajos ingresos con servicios de Internet asequibles, dispositivos y capacitaci\u00f3n en habilidades digitales, dijo que ha habido un aumento en la demanda de opciones de Internet de bajo costo. en el pa\u00eds.<\/p>\n\n\n\n<p>Fern\u00e1ndez dijo que, seg\u00fan su investigaci\u00f3n, los hogares de ingresos extremadamente bajos no pueden pagar m\u00e1s de $ 10 al mes por el servicio de Internet.<\/p>\n\n\n\n<p>Con esto, anim\u00f3 a la comisi\u00f3n a promover opciones de Internet de bajo costo que est\u00e9n disponibles para el p\u00fablico.<\/p>\n\n\n\n<p>Tambi\u00e9n inst\u00f3 a la comisi\u00f3n a promover los programas disponibles, incluido el Beneficio de banda ancha de emergencia que proporciona un subsidio de hasta $ 50 por mes para el servicio de banda ancha para los hogares elegibles.<\/p>\n\n\n\n<p>\u201cEn este momento, es fundamental garantizar que la mayor cantidad de personas posible conozca este tipo de programas. Es financiamiento p\u00fablico y no se est\u00e1 utilizando tanto como probablemente deber\u00eda y puede ser \u201d, dijo Fern\u00e1ndez.<\/p>\n","protected":false},"excerpt":{"rendered":"<p>La Comisi\u00f3n de la Condici\u00f3n Jur\u00eddica y Social de la Mujer escuch\u00f3 el mi\u00e9rcoles un informe de la ex presidenta Norma Fern\u00e1ndez sobre el impacto de la brecha digital en mujeres y ni\u00f1as. Durante su presentaci\u00f3n, Fern\u00e1ndez dijo que la pandemia de COVID-19 arroj\u00f3 luz sobre la gravedad de la brecha digital en el pa\u00eds que exist\u00eda incluso antes de la pandemia &#8220;pero tambi\u00e9n agrav\u00f3 la situaci\u00f3n&#8221;. Seg\u00fan Fern\u00e1ndez, m\u00e1s de 18 millones de hogares o 52 millones de personas [&hellip;]<\/p>\n","protected":false},"author":4,"featured_media":0,"comment_status":"open","ping_status":"closed","sticky":false,"template":"","format":"standard","meta":[],"categories":[6],"tags":[],"acf":[],"_links":{"self":[{"href":"http:\/\/www.pasadenahoy.com\/primero\/wp-json\/wp\/v2\/posts\/10220"}],"collection":[{"href":"http:\/\/www.pasadenahoy.com\/primero\/wp-json\/wp\/v2\/posts"}],"about":[{"href":"http:\/\/www.pasadenahoy.com\/primero\/wp-json\/wp\/v2\/types\/post"}],"author":[{"embeddable":true,"href":"http:\/\/www.pasadenahoy.com\/primero\/wp-json\/wp\/v2\/users\/4"}],"replies":[{"embeddable":true,"href":"http:\/\/www.pasadenahoy.com\/primero\/wp-json\/wp\/v2\/comments?post=10220"}],"version-history":[{"count":2,"href":"http:\/\/www.pasadenahoy.com\/primero\/wp-json\/wp\/v2\/posts\/10220\/revisions"}],"predecessor-version":[{"id":10223,"href":"http:\/\/www.pasadenahoy.com\/primero\/wp-json\/wp\/v2\/posts\/10220\/revisions\/10223"}],"wp:attachment":[{"href":"http:\/\/www.pasadenahoy.com\/primero\/wp-json\/wp\/v2\/media?parent=10220"}],"wp:term":[{"taxonomy":"category","embeddable":true,"href":"http:\/\/www.pasadenahoy.com\/primero\/wp-json\/wp\/v2\/categories?post=10220"},{"taxonomy":"post_tag","embeddable":true,"href":"http:\/\/www.pasadenahoy.com\/primero\/wp-json\/wp\/v2\/tags?post=10220"}],"curies":[{"name":"wp","href":"https:\/\/api.w.org\/{rel}","templated":true}]}}