{"id":10228,"date":"2021-08-06T15:13:06","date_gmt":"2021-08-06T15:13:06","guid":{"rendered":"http:\/\/www.pasadenahoy.com\/primero\/?p=10228"},"modified":"2021-08-06T15:13:08","modified_gmt":"2021-08-06T15:13:08","slug":"la-junta-escolar-impulsa-la-decision-sobre-la-vacunacion-obligatoria-del-personal-del-distrito-para-la-proxima-semana","status":"publish","type":"post","link":"http:\/\/www.pasadenahoy.com\/primero\/la-comunidad\/la-junta-escolar-impulsa-la-decision-sobre-la-vacunacion-obligatoria-del-personal-del-distrito-para-la-proxima-semana\/","title":{"rendered":"La Junta Escolar impulsa la decisi\u00f3n sobre la vacunaci\u00f3n obligatoria del personal del distrito para la pr\u00f3xima semana"},"content":{"rendered":"\n<figure class=\"wp-block-image alignnone size-large\"><figure class=\"alignnone\"><img loading=\"lazy\" width=\"740\" height=\"400\" src=\"http:\/\/www.pasadenahoy.com\/primero\/wp-content\/uploads\/2021\/08\/pic-1.png\" alt=\"\" class=\"wp-image-10229\" srcset=\"http:\/\/www.pasadenahoy.com\/primero\/wp-content\/uploads\/2021\/08\/pic-1.png 740w, http:\/\/www.pasadenahoy.com\/primero\/wp-content\/uploads\/2021\/08\/pic-1-300x162.png 300w, http:\/\/www.pasadenahoy.com\/primero\/wp-content\/uploads\/2021\/08\/pic-1-241x130.png 241w, http:\/\/www.pasadenahoy.com\/primero\/wp-content\/uploads\/2021\/08\/pic-1-333x180.png 333w, http:\/\/www.pasadenahoy.com\/primero\/wp-content\/uploads\/2021\/08\/pic-1-700x378.png 700w, http:\/\/www.pasadenahoy.com\/primero\/wp-content\/uploads\/2021\/08\/pic-1-360x195.png 360w, http:\/\/www.pasadenahoy.com\/primero\/wp-content\/uploads\/2021\/08\/pic-1-720x389.png 720w\" sizes=\"100vw\" \/><\/figure><\/figure>\n\n\n\n<p>Con solo una semana antes de que las escuelas vuelvan a abrir para clases en persona, la Junta de Educaci\u00f3n del Distrito Escolar Unificado de Pasadena (PUSD) a\u00fan tiene que decidir si requerir\u00e1 vacunas y pruebas COVID-19 semanales para su personal y estudiantes elegibles.<\/p>\n\n\n\n<p>Durante su reuni\u00f3n del jueves, la vicepresidenta de la Junta, Elizabeth Pomeroy, dijo que las cuestiones de vacunaci\u00f3n obligatoria y pruebas semanales se incluir\u00e1n entre los puntos de acci\u00f3n en la agenda para una reuni\u00f3n la pr\u00f3xima semana.<\/p>\n\n\n\n<p>Ella hizo la declaraci\u00f3n despu\u00e9s de que dos miembros de la junta, Kimberly Kenne y Tina Fredericks, intentaron presionar a la junta para que tomara decisiones anoche.<\/p>\n\n\n\n<p>Las escuelas del PUSD abren el 12 de agosto.<\/p>\n\n\n\n<p>Pomeroy, quien presidi\u00f3 la reuni\u00f3n en ausencia del presidente de la Junta de vacaciones, Scott Phelps, no les prest\u00f3 atenci\u00f3n, y enfatiz\u00f3 que esos asuntos no estaban en la agenda como puntos de acci\u00f3n y, por lo tanto, no se les permiti\u00f3 votar.<\/p>\n\n\n\n<p>\u201cTenemos mucha informaci\u00f3n y material. Quiz\u00e1s necesitemos a\u00fan m\u00e1s y esto podr\u00eda presentarse ante nosotros como un tema de acci\u00f3n en la pr\u00f3xima reuni\u00f3n \u201d, dijo Pomeroy. &#8220;Creo que sabemos lo suficiente para poder abrir [las escuelas]&#8221;.<\/p>\n\n\n\n<p>Durante la discusi\u00f3n sobre el tema de la agenda, tres miembros de la Junta Escolar expresaron su apoyo a la vacunaci\u00f3n obligatoria y las pruebas semanales de COVID-19 en los campus.<\/p>\n\n\n\n<p>Kenne dijo que apoya exigir que todos los empleados se vacunen, pero con la opci\u00f3n de que aquellos que est\u00e1n exentos de la vacuna se sometan a pruebas de COVID-19 semanales, para prevenir la transmisi\u00f3n del virus.<\/p>\n\n\n\n<p>\u201cTenemos que reconocer [que] si hay enfermedad, vamos a tener mucha inestabilidad y ser\u00e1 mucho m\u00e1s dif\u00edcil con los ni\u00f1os en cuarentena y el regreso y ser\u00e1 un a\u00f1o escolar muy perturbador. Cuanto m\u00e1s podamos hacer para prevenirlo, mejor \u201d, dijo Kenne.<\/p>\n\n\n\n<p>Fredericks tambi\u00e9n dijo que apoya exigir la vacunaci\u00f3n de los empleados y las pruebas semanales en los campus tanto para los estudiantes como para el personal para proteger a todos, especialmente a los menores de 12 a\u00f1os que a\u00fan no son elegibles para una vacuna contra COVID-19.<\/p>\n\n\n\n<p>Seg\u00fan los datos del PUSD, hay al menos 9.805 estudiantes del PUSD que tienen menos de 12 a\u00f1os.<\/p>\n\n\n\n<p>\u201cTengo un hijo menor de 12 a\u00f1os. \u00bfSabes lo que es cuando tienes un familiar que no puede vacunarse? Si no tenemos un mandato de vacunas, no puedo ser la mejor madre que puedo ser. No puedo garantizar que mi hija tenga un maestro vacunado. Hay por lo menos 9.805 mam\u00e1s y padres del PUSD que est\u00e1n en mi posici\u00f3n \u201d, dijo Fredericks.<\/p>\n\n\n\n<p>Se\u00f1al\u00f3 que la elecci\u00f3n personal solo debe respetarse si no afecta &#8220;si alguien vive o muere&#8221;.<\/p>\n\n\n\n<p>\u201cSi vamos a compartir aire, su elecci\u00f3n impacta a los no vacunados. Compartimos el aire y tenemos que tomar una decisi\u00f3n colectiva que nos haga a todos lo m\u00e1s seguros posible \u201d, agreg\u00f3 Fredericks.<\/p>\n\n\n\n<p>El miembro de la junta, Patrick Cahalan, dijo que apoya las pruebas obligatorias semanales del personal y los empleados, pero sugiri\u00f3 que esto se debe hacer al azar y solo durante las primeras tres o cuatro semanas despu\u00e9s de la reapertura de las escuelas.<\/p>\n\n\n\n<p>Tambi\u00e9n dijo que se requieren vacunas no solo para los empleados del PUSD sino para todos los que van a los campus, incluidos los estudiantes elegibles, ya que se\u00f1al\u00f3 que la mayor parte de la poblaci\u00f3n en las escuelas son estudiantes.<\/p>\n\n\n\n<p>Adem\u00e1s del personal y los estudiantes, Cahalan dijo que los proveedores y los padres voluntarios que asisten regularmente a las escuelas tambi\u00e9n deben tener la obligaci\u00f3n de vacunarse.<\/p>\n\n\n\n<p>\u201cEl estado de vacunaci\u00f3n de cualquier empleado individual en este distrito est\u00e1 solo en los n\u00fameros, es irrelevante para el riesgo que su hijo va a enfrentar porque abrumadoramente, si lo van a contraer, probablemente lo van a contraer de otro ni\u00f1o, &#8221; \u00e9l dijo.<\/p>\n\n\n\n<p>Cahalan enfatiz\u00f3 la importancia de que el personal de la escuela se vacune y dijo que corren m\u00e1s riesgo de tener casos graves de COVID-19 y morir a causa del virus que los ni\u00f1os.<\/p>\n\n\n\n<p>Alrededor del 96 por ciento del personal del PUSD o aproximadamente 90 de los 2,200 empleados del PUSD todav\u00eda no est\u00e1n vacunados hasta la fecha, seg\u00fan el superintendente del PUSD, Brian McDonald.<\/p>\n\n\n\n<p>Durante la reuni\u00f3n, McDonald recomend\u00f3 a la Junta que requiera pruebas COVID-19 semanales en las escuelas del PUSD, pero solo para los empleados no vacunados.<\/p>\n\n\n\n<p>\u201cEstoy recomendando que el PUSD requiera pruebas semanales de todos los empleados no vacunados mientras la transmisi\u00f3n est\u00e1 en un nivel alto y sustancial. Continuaremos monitoreando y evaluando la situaci\u00f3n a medida que se desarrolle \u201d.<\/p>\n\n\n\n<p>McDonald se opuso a las vacunas obligatorias, diciendo que esto podr\u00eda resultar &#8220;en muchos problemas y complicaciones que afectar\u00edan el proceso de instrucci\u00f3n&#8221;.<\/p>\n\n\n\n<p>Agreg\u00f3 que los problemas de aprendizaje y costos deber\u00edan abordarse y negociarse primero con los sindicatos antes de que el PUSD apruebe un mandato de vacuna.<\/p>\n\n\n\n<p>McDonald dijo que el PUSD continuar\u00e1 albergando cl\u00ednicas de vacunaci\u00f3n y continuar\u00e1 alentando a todos los que sean elegibles para que se vacunen.<\/p>\n\n\n\n<p>\u201cEstamos emocionados de comenzar el a\u00f1o escolar y confiamos en que podemos mantener seguros a nuestros estudiantes y personal\u201d, dijo McDonald.<\/p>\n","protected":false},"excerpt":{"rendered":"<p>Con solo una semana antes de que las escuelas vuelvan a abrir para clases en persona, la Junta de Educaci\u00f3n del Distrito Escolar Unificado de Pasadena (PUSD) a\u00fan tiene que decidir si requerir\u00e1 vacunas y pruebas COVID-19 semanales para su personal y estudiantes elegibles. Durante su reuni\u00f3n del jueves, la vicepresidenta de la Junta, Elizabeth Pomeroy, dijo que las cuestiones de vacunaci\u00f3n obligatoria y pruebas semanales se incluir\u00e1n entre los puntos de acci\u00f3n en la agenda para una reuni\u00f3n la [&hellip;]<\/p>\n","protected":false},"author":4,"featured_media":10229,"comment_status":"open","ping_status":"closed","sticky":false,"template":"","format":"standard","meta":[],"categories":[4],"tags":[],"acf":[],"_links":{"self":[{"href":"http:\/\/www.pasadenahoy.com\/primero\/wp-json\/wp\/v2\/posts\/10228"}],"collection":[{"href":"http:\/\/www.pasadenahoy.com\/primero\/wp-json\/wp\/v2\/posts"}],"about":[{"href":"http:\/\/www.pasadenahoy.com\/primero\/wp-json\/wp\/v2\/types\/post"}],"author":[{"embeddable":true,"href":"http:\/\/www.pasadenahoy.com\/primero\/wp-json\/wp\/v2\/users\/4"}],"replies":[{"embeddable":true,"href":"http:\/\/www.pasadenahoy.com\/primero\/wp-json\/wp\/v2\/comments?post=10228"}],"version-history":[{"count":2,"href":"http:\/\/www.pasadenahoy.com\/primero\/wp-json\/wp\/v2\/posts\/10228\/revisions"}],"predecessor-version":[{"id":10231,"href":"http:\/\/www.pasadenahoy.com\/primero\/wp-json\/wp\/v2\/posts\/10228\/revisions\/10231"}],"wp:featuredmedia":[{"embeddable":true,"href":"http:\/\/www.pasadenahoy.com\/primero\/wp-json\/wp\/v2\/media\/10229"}],"wp:attachment":[{"href":"http:\/\/www.pasadenahoy.com\/primero\/wp-json\/wp\/v2\/media?parent=10228"}],"wp:term":[{"taxonomy":"category","embeddable":true,"href":"http:\/\/www.pasadenahoy.com\/primero\/wp-json\/wp\/v2\/categories?post=10228"},{"taxonomy":"post_tag","embeddable":true,"href":"http:\/\/www.pasadenahoy.com\/primero\/wp-json\/wp\/v2\/tags?post=10228"}],"curies":[{"name":"wp","href":"https:\/\/api.w.org\/{rel}","templated":true}]}}