{"id":10232,"date":"2021-08-06T15:17:35","date_gmt":"2021-08-06T15:17:35","guid":{"rendered":"http:\/\/www.pasadenahoy.com\/primero\/?p=10232"},"modified":"2021-08-06T15:17:37","modified_gmt":"2021-08-06T15:17:37","slug":"los-miembros-de-la-junta-de-educacion-critican-al-alcalde-despues-de-su-llamado-para-que-la-ciudad-considere-retener-los-fondos-escolares","status":"publish","type":"post","link":"http:\/\/www.pasadenahoy.com\/primero\/el-gobierno-local\/los-miembros-de-la-junta-de-educacion-critican-al-alcalde-despues-de-su-llamado-para-que-la-ciudad-considere-retener-los-fondos-escolares\/","title":{"rendered":"Los miembros de la Junta de Educaci\u00f3n critican al alcalde despu\u00e9s de su llamado para que la ciudad considere retener los fondos escolares"},"content":{"rendered":"\n<figure class=\"wp-block-image alignnone size-large\"><figure class=\"alignnone\"><img loading=\"lazy\" width=\"740\" height=\"400\" src=\"http:\/\/www.pasadenahoy.com\/primero\/wp-content\/uploads\/2021\/08\/pic-2-2.jpg\" alt=\"\" class=\"wp-image-10233\" srcset=\"http:\/\/www.pasadenahoy.com\/primero\/wp-content\/uploads\/2021\/08\/pic-2-2.jpg 740w, http:\/\/www.pasadenahoy.com\/primero\/wp-content\/uploads\/2021\/08\/pic-2-2-300x162.jpg 300w, http:\/\/www.pasadenahoy.com\/primero\/wp-content\/uploads\/2021\/08\/pic-2-2-241x130.jpg 241w, http:\/\/www.pasadenahoy.com\/primero\/wp-content\/uploads\/2021\/08\/pic-2-2-333x180.jpg 333w, http:\/\/www.pasadenahoy.com\/primero\/wp-content\/uploads\/2021\/08\/pic-2-2-700x378.jpg 700w, http:\/\/www.pasadenahoy.com\/primero\/wp-content\/uploads\/2021\/08\/pic-2-2-360x195.jpg 360w, http:\/\/www.pasadenahoy.com\/primero\/wp-content\/uploads\/2021\/08\/pic-2-2-720x389.jpg 720w\" sizes=\"100vw\" \/><\/figure><\/figure>\n\n\n\n<p>Dos miembros de la Junta de Educaci\u00f3n del Distrito Escolar Unificado de Pasadena (PUSD) criticaron el jueves al alcalde Victor Gordo por el llamado de este \u00faltimo para que la ciudad persiga la retenci\u00f3n de fondos para el distrito escolar si la Junta no tom\u00f3 las medidas necesarias para garantizar que las escuelas puedan reabrir.<\/p>\n\n\n\n<p>En sus comentarios al Concejo Municipal, Gordo se centr\u00f3 en las vacunas para el personal del PUSD.<\/p>\n\n\n\n<p>\u201cSimplemente creo que ser\u00eda vergonzoso que las escuelas no reabrieran porque los empleados no est\u00e1n vacunados\u201d, dijo Gordo.<\/p>\n\n\n\n<p>Durante la reuni\u00f3n de la junta del jueves, la miembro Jennifer Hall Lee expres\u00f3 su consternaci\u00f3n por las recientes declaraciones del alcalde.<\/p>\n\n\n\n<p>&#8220;\u00bfPor qu\u00e9 un alcalde amenazar\u00eda con retirar dinero de un distrito escolar p\u00fablico, especialmente cuando este financiamiento para las escuelas fue aprobado por m\u00e1s del 72 por ciento de los votantes?&#8221;<\/p>\n\n\n\n<p>&#8220;Estoy profundamente consternado por estas amenazas a nuestro distrito escolar p\u00fablico sobre las vacunas obligatorias&#8221;, dijo Lee.<\/p>\n\n\n\n<p>Lee dijo que las escuelas est\u00e1n listas para abrir el 12 de agosto y afirm\u00f3 que el pr\u00f3ximo a\u00f1o escolar ser\u00e1 exitoso.<\/p>\n\n\n\n<p>El lunes pasado, Gordo dijo que si las escuelas no reabren a tiempo debido a preocupaciones sobre el estado de vacunaci\u00f3n de los empleados del distrito escolar, la ciudad podr\u00eda retener los fondos que transfiri\u00f3 al PUSD y usarlos para establecer los propios centros de aprendizaje de la ciudad.<\/p>\n\n\n\n<p>En reuniones recientes, la junta escolar ha discutido la posible implementaci\u00f3n de un mandato de vacunaci\u00f3n para su personal y la prueba semanal de COVID-19 para sus estudiantes y personal.<\/p>\n\n\n\n<p>La junta no ha tomado ninguna decisi\u00f3n sobre ninguno de los dos asuntos. El jueves, tres miembros de la junta expresaron su apoyo a las pol\u00edticas propuestas.<\/p>\n\n\n\n<p>Las escuelas est\u00e1n programadas para proceder con la reapertura para clases presenciales completas el 12 de agosto, incluso en espera de la decisi\u00f3n de la junta.<\/p>\n\n\n\n<p>Durante su reuni\u00f3n del jueves, la miembro de la junta Michelle Richardson Bailey inst\u00f3 a los miembros de la junta escolar a hablar con sus respectivos concejales para discutir las declaraciones de Gordo mientras llamaba al alcalde por sus declaraciones que, seg\u00fan ella, degradaban al PUSD y no respetaban el trabajo realizado por su personal. en educar a los ni\u00f1os.<\/p>\n\n\n\n<p>\u201cCuando le est\u00e1 dando algo al distrito en apoyo de los ni\u00f1os y se enoja con el liderazgo y quiere recuperar lo que est\u00e1 dando, no est\u00e1 da\u00f1ando al liderazgo, est\u00e1 da\u00f1ando a los estudiantes, est\u00e1 da\u00f1ando al ni\u00f1os \u201d, dijo Bailey.<\/p>\n\n\n\n<p>En lugar de degradar al PUSD, le dijo al consejo de la ciudad que apoyara a la junta y la ayudara a aumentar la inscripci\u00f3n creando viviendas para la fuerza laboral y trayendo familias de regreso a la comunidad.<\/p>\n\n\n\n<p>\u201cEsta es la primera vez que pasamos por esto, la ciudad est\u00e1 teniendo problemas con las vacunas y las pruebas y el distrito escolar tambi\u00e9n, entonces, \u00bfpor qu\u00e9 no podemos unirnos en la mesa y tratar de comprender los problemas entre nosotros y no ser tan r\u00e1pido para querer dispararse el uno al otro? &#8220;<\/p>\n\n\n\n<p>\u201cNo somos enemigos de esta comunidad. Estamos trabajando arduamente para encontrar formas de educar a los ni\u00f1os de esta comunidad \u201d, dijo Bailey.<\/p>\n\n\n\n<p>En respuesta a la llamada de Bailey, la miembro de la junta Elizabeth Pomeroy dijo que hablar\u00e1 con su concejal para discutir el tema entre el alcalde y el PUSD con respecto a la vacunaci\u00f3n obligatoria.<\/p>\n","protected":false},"excerpt":{"rendered":"<p>Dos miembros de la Junta de Educaci\u00f3n del Distrito Escolar Unificado de Pasadena (PUSD) criticaron el jueves al alcalde Victor Gordo por el llamado de este \u00faltimo para que la ciudad persiga la retenci\u00f3n de fondos para el distrito escolar si la Junta no tom\u00f3 las medidas necesarias para garantizar que las escuelas puedan reabrir. En sus comentarios al Concejo Municipal, Gordo se centr\u00f3 en las vacunas para el personal del PUSD. \u201cSimplemente creo que ser\u00eda vergonzoso que las escuelas [&hellip;]<\/p>\n","protected":false},"author":4,"featured_media":10233,"comment_status":"open","ping_status":"closed","sticky":false,"template":"","format":"standard","meta":[],"categories":[6],"tags":[],"acf":[],"_links":{"self":[{"href":"http:\/\/www.pasadenahoy.com\/primero\/wp-json\/wp\/v2\/posts\/10232"}],"collection":[{"href":"http:\/\/www.pasadenahoy.com\/primero\/wp-json\/wp\/v2\/posts"}],"about":[{"href":"http:\/\/www.pasadenahoy.com\/primero\/wp-json\/wp\/v2\/types\/post"}],"author":[{"embeddable":true,"href":"http:\/\/www.pasadenahoy.com\/primero\/wp-json\/wp\/v2\/users\/4"}],"replies":[{"embeddable":true,"href":"http:\/\/www.pasadenahoy.com\/primero\/wp-json\/wp\/v2\/comments?post=10232"}],"version-history":[{"count":2,"href":"http:\/\/www.pasadenahoy.com\/primero\/wp-json\/wp\/v2\/posts\/10232\/revisions"}],"predecessor-version":[{"id":10235,"href":"http:\/\/www.pasadenahoy.com\/primero\/wp-json\/wp\/v2\/posts\/10232\/revisions\/10235"}],"wp:featuredmedia":[{"embeddable":true,"href":"http:\/\/www.pasadenahoy.com\/primero\/wp-json\/wp\/v2\/media\/10233"}],"wp:attachment":[{"href":"http:\/\/www.pasadenahoy.com\/primero\/wp-json\/wp\/v2\/media?parent=10232"}],"wp:term":[{"taxonomy":"category","embeddable":true,"href":"http:\/\/www.pasadenahoy.com\/primero\/wp-json\/wp\/v2\/categories?post=10232"},{"taxonomy":"post_tag","embeddable":true,"href":"http:\/\/www.pasadenahoy.com\/primero\/wp-json\/wp\/v2\/tags?post=10232"}],"curies":[{"name":"wp","href":"https:\/\/api.w.org\/{rel}","templated":true}]}}