{"id":10236,"date":"2021-08-06T15:23:01","date_gmt":"2021-08-06T15:23:01","guid":{"rendered":"http:\/\/www.pasadenahoy.com\/primero\/?p=10236"},"modified":"2021-08-06T15:23:03","modified_gmt":"2021-08-06T15:23:03","slug":"el-condado-sugiere-que-los-nuevos-casos-de-covid-19-podrian-estancarse-a-medida-que-se-informan-44-casos-nuevos-en-pasadena","status":"publish","type":"post","link":"http:\/\/www.pasadenahoy.com\/primero\/la-comunidad\/el-condado-sugiere-que-los-nuevos-casos-de-covid-19-podrian-estancarse-a-medida-que-se-informan-44-casos-nuevos-en-pasadena\/","title":{"rendered":"El condado sugiere que los nuevos casos de COVID-19 podr\u00edan &#8220;estancarse&#8221; a medida que se informan 44 casos nuevos en Pasadena"},"content":{"rendered":"\n<figure class=\"wp-block-image alignnone size-large\"><figure class=\"alignnone\"><img loading=\"lazy\" width=\"700\" height=\"378\" src=\"http:\/\/www.pasadenahoy.com\/primero\/wp-content\/uploads\/2021\/04\/Covid-Update-1-1-1-700x378-1.jpg\" alt=\"\" class=\"wp-image-7899\" srcset=\"http:\/\/www.pasadenahoy.com\/primero\/wp-content\/uploads\/2021\/04\/Covid-Update-1-1-1-700x378-1.jpg 700w, http:\/\/www.pasadenahoy.com\/primero\/wp-content\/uploads\/2021\/04\/Covid-Update-1-1-1-700x378-1-300x162.jpg 300w, http:\/\/www.pasadenahoy.com\/primero\/wp-content\/uploads\/2021\/04\/Covid-Update-1-1-1-700x378-1-241x130.jpg 241w, http:\/\/www.pasadenahoy.com\/primero\/wp-content\/uploads\/2021\/04\/Covid-Update-1-1-1-700x378-1-333x180.jpg 333w, http:\/\/www.pasadenahoy.com\/primero\/wp-content\/uploads\/2021\/04\/Covid-Update-1-1-1-700x378-1-360x194.jpg 360w\" sizes=\"100vw\" \/><\/figure><\/figure>\n\n\n\n<p>Pasadena registr\u00f3 44 nuevas infecciones por COVID-19 el mi\u00e9rcoles, aunque no se reportaron muertes atribuidas al virus, dijeron las autoridades.<\/p>\n\n\n\n<p>El recuento elev\u00f3 el total de la pandemia de Pasadena a 12,048 infecciones confirmadas, mientras que las muertes se mantuvieron estables en 353, seg\u00fan datos del Departamento de Salud P\u00fablica de Pasadena.<\/p>\n\n\n\n<p>Se detect\u00f3 un promedio de 32,3 nuevos casos de COVID-19 en la ciudad cada d\u00eda durante la semana anterior, lo que representa la tasa m\u00e1s alta desde el 9 de febrero.<\/p>\n\n\n\n<p>El Hospital Huntington inform\u00f3 el jueves haber tratado a 16 pacientes por el virus, y dos de ellos fueron atendidos en una unidad de cuidados intensivos.<\/p>\n\n\n\n<p>El Departamento de Salud P\u00fablica del Condado de Los \u00c1ngeles inform\u00f3 el jueves 3.672 nuevas infecciones y 19 muertes, lo que eleva los totales del condado a 1.315.313 casos de COVID-19 y 24.379 muertes.<\/p>\n\n\n\n<p>&#8220;Aunque la transmisi\u00f3n en el condado de Los \u00c1ngeles se mantiene en un nivel alto, la tasa de casos del condado se redujo a 21,1 casos nuevos por cada 100.000 residentes, una disminuci\u00f3n con respecto a la tasa de la semana pasada de 24,1 casos por cada 100.000&#8221;, dijo la agencia en un comunicado escrito. &#8220;Aunque es probable que la tasa de hoy cambie algo en los pr\u00f3ximos d\u00edas a medida que se informen resultados de pruebas adicionales, esto sugiere que el aumento de casos en el condado puede estar estabiliz\u00e1ndose&#8221;.<\/p>\n\n\n\n<p>La tasa de positividad de las pruebas del condado de Los \u00c1ngeles disminuy\u00f3 un 4,7%, frente al 5,8% de la semana pasada, dijeron los funcionarios de salud del condado.<\/p>\n\n\n\n<p>Las autoridades enumeraron a 1.279 pacientes hospitalizados con el virus, lo que representa un aumento del 39% desde la semana pasada.<\/p>\n\n\n\n<p>Los funcionarios de salud p\u00fablica a nivel estatal anunciaron 9.517 nuevas infecciones y 56 muertes el jueves, lo que eleva los totales estatales a 3.899.158 infecciones por COVID-19 y 64.206 muertes.<\/p>\n\n\n\n<p>La tasa de positividad semanal promedio del estado continu\u00f3 aumentando, alcanzando el 7.1%, seg\u00fan datos del Departamento de Salud P\u00fablica de California.<\/p>\n\n\n\n<p>Hasta el jueves, el condado de Los \u00c1ngeles representaba el 34% de las infecciones por COVID-19 de California y el 39% de las muertes del estado.<\/p>\n","protected":false},"excerpt":{"rendered":"<p>Pasadena registr\u00f3 44 nuevas infecciones por COVID-19 el mi\u00e9rcoles, aunque no se reportaron muertes atribuidas al virus, dijeron las autoridades. El recuento elev\u00f3 el total de la pandemia de Pasadena a 12,048 infecciones confirmadas, mientras que las muertes se mantuvieron estables en 353, seg\u00fan datos del Departamento de Salud P\u00fablica de Pasadena. Se detect\u00f3 un promedio de 32,3 nuevos casos de COVID-19 en la ciudad cada d\u00eda durante la semana anterior, lo que representa la tasa m\u00e1s alta desde el [&hellip;]<\/p>\n","protected":false},"author":4,"featured_media":7899,"comment_status":"open","ping_status":"closed","sticky":false,"template":"","format":"standard","meta":[],"categories":[4],"tags":[],"acf":[],"_links":{"self":[{"href":"http:\/\/www.pasadenahoy.com\/primero\/wp-json\/wp\/v2\/posts\/10236"}],"collection":[{"href":"http:\/\/www.pasadenahoy.com\/primero\/wp-json\/wp\/v2\/posts"}],"about":[{"href":"http:\/\/www.pasadenahoy.com\/primero\/wp-json\/wp\/v2\/types\/post"}],"author":[{"embeddable":true,"href":"http:\/\/www.pasadenahoy.com\/primero\/wp-json\/wp\/v2\/users\/4"}],"replies":[{"embeddable":true,"href":"http:\/\/www.pasadenahoy.com\/primero\/wp-json\/wp\/v2\/comments?post=10236"}],"version-history":[{"count":2,"href":"http:\/\/www.pasadenahoy.com\/primero\/wp-json\/wp\/v2\/posts\/10236\/revisions"}],"predecessor-version":[{"id":10238,"href":"http:\/\/www.pasadenahoy.com\/primero\/wp-json\/wp\/v2\/posts\/10236\/revisions\/10238"}],"wp:featuredmedia":[{"embeddable":true,"href":"http:\/\/www.pasadenahoy.com\/primero\/wp-json\/wp\/v2\/media\/7899"}],"wp:attachment":[{"href":"http:\/\/www.pasadenahoy.com\/primero\/wp-json\/wp\/v2\/media?parent=10236"}],"wp:term":[{"taxonomy":"category","embeddable":true,"href":"http:\/\/www.pasadenahoy.com\/primero\/wp-json\/wp\/v2\/categories?post=10236"},{"taxonomy":"post_tag","embeddable":true,"href":"http:\/\/www.pasadenahoy.com\/primero\/wp-json\/wp\/v2\/tags?post=10236"}],"curies":[{"name":"wp","href":"https:\/\/api.w.org\/{rel}","templated":true}]}}