{"id":10239,"date":"2021-08-06T15:28:49","date_gmt":"2021-08-06T15:28:49","guid":{"rendered":"http:\/\/www.pasadenahoy.com\/primero\/?p=10239"},"modified":"2021-08-06T15:28:52","modified_gmt":"2021-08-06T15:28:52","slug":"cinco-presuntos-pandilleros-de-altadena-y-duarte-arrestados-por-cargos-de-armas-en-una-redada-federal","status":"publish","type":"post","link":"http:\/\/www.pasadenahoy.com\/primero\/la-comunidad\/cinco-presuntos-pandilleros-de-altadena-y-duarte-arrestados-por-cargos-de-armas-en-una-redada-federal\/","title":{"rendered":"Cinco presuntos pandilleros de Altadena y Duarte arrestados por cargos de armas en una redada federal"},"content":{"rendered":"\n<figure class=\"wp-block-image alignnone size-large\"><figure class=\"alignnone\"><img loading=\"lazy\" width=\"740\" height=\"400\" src=\"http:\/\/www.pasadenahoy.com\/primero\/wp-content\/uploads\/2021\/08\/pic-4-3.jpg\" alt=\"\" class=\"wp-image-10240\" srcset=\"http:\/\/www.pasadenahoy.com\/primero\/wp-content\/uploads\/2021\/08\/pic-4-3.jpg 740w, http:\/\/www.pasadenahoy.com\/primero\/wp-content\/uploads\/2021\/08\/pic-4-3-300x162.jpg 300w, http:\/\/www.pasadenahoy.com\/primero\/wp-content\/uploads\/2021\/08\/pic-4-3-241x130.jpg 241w, http:\/\/www.pasadenahoy.com\/primero\/wp-content\/uploads\/2021\/08\/pic-4-3-333x180.jpg 333w, http:\/\/www.pasadenahoy.com\/primero\/wp-content\/uploads\/2021\/08\/pic-4-3-700x378.jpg 700w, http:\/\/www.pasadenahoy.com\/primero\/wp-content\/uploads\/2021\/08\/pic-4-3-360x195.jpg 360w, http:\/\/www.pasadenahoy.com\/primero\/wp-content\/uploads\/2021\/08\/pic-4-3-720x389.jpg 720w\" sizes=\"100vw\" \/><figcaption><span class=\"caption-text\">Un tiroteo entre presuntos pandilleros de Altadena y Duarte y rivales de Pasadena en Ontario el 17 de febrero de 2021 fue capturado en im\u00e1genes de la c\u00e1mara de vigilancia. (Cr\u00e9dito: Departamento de Justicia de EE. UU.)<\/span><\/figcaption><\/figure><\/figure>\n\n\n\n<p>Cinco presuntos pandilleros del \u00e1rea de Altadena y Duarte enfrentan cargos federales por armas luego de su arresto esta semana como parte de una investigaci\u00f3n sobre una disputa violenta de larga duraci\u00f3n con una pandilla con sede en Pasadena, anunciaron los fiscales el jueves.<\/p>\n\n\n\n<p>Los arrestos de esta semana se derivaron de una investigaci\u00f3n sobre un tiroteo entre pandillas que tuvo lugar el 17 de febrero durante una fiesta f\u00fanebre de un presunto pandillero de Altadena en Ontario, seg\u00fan el portavoz del Departamento de Justicia de Estados Unidos, Thom Mrozek.<\/p>\n\n\n\n<p>\u201cLos investigadores del Departamento de Polic\u00eda de Ontario creen que el tiroteo fue el resultado de un ataque de los Pasadena Denver Lane Bloods, que ha estado en una guerra de pandillas de larga duraci\u00f3n con [los Altadena Blocc Crips] y sus aliados en Duroc Crips, con sede en Duarte \u201d, Dijo Mrozek en una declaraci\u00f3n escrita.<\/p>\n\n\n\n<p>El video de vigilancia de la casa donde ocurri\u00f3 el tiroteo \u201cmostr\u00f3 que una vez que los miembros del PDL dispararon los primeros tiros, al menos cinco sujetos de la fiesta funeraria de ABC corrieron desde el patio trasero de la casa al patio delantero y comenzaron a disparar imprudentemente hacia los miembros no identificados del PDL, \u201dSeg\u00fan la declaraci\u00f3n jurada de un agente especial de la ATF, que se\u00f1ala que las balas alcanzaron varias casas y veh\u00edculos en el vecindario, dijo Mrozek.<\/p>\n\n\n\n<p>Las autoridades arrestaron el mi\u00e9rcoles a Daniel Corey Roach, de 41 a\u00f1os, de Altadena, bajo sospecha de posesi\u00f3n ilegal de municiones; Lionel Roberts, 32, de Altadena, bajo sospecha de posesi\u00f3n ilegal de un peque\u00f1o rev\u00f3lver; Tristan Jon Taylor, 32, de Ontario, bajo sospecha de posesi\u00f3n ilegal de un rev\u00f3lver calibre .38; y Shawn Terrell Lyndolph, 30, de Rialto, bajo sospecha de poseer ilegalmente una pistola semiautom\u00e1tica, dijeron las autoridades.<\/p>\n\n\n\n<p>Dejon Thomas Nunley Sr., 32, de Adelanto, fue arrestado bajo sospecha de posesi\u00f3n ilegal de una pistola de 9 mm, seg\u00fan los fiscales.<\/p>\n\n\n\n<p>Los cinco acusados \u200b\u200bfueron descritos como &#8220;presuntos miembros de la pandilla ABC o Duroc Crips&#8221;, dijo Mrozek.<\/p>\n\n\n\n<p>Se esperaba que los cargos se llevaran a cabo a finales de este mes.<\/p>\n\n\n\n<p>Si es declarado culpable de los cargos, cada acusado enfrenta una pena m\u00e1xima de 10 a\u00f1os en una prisi\u00f3n federal, agregaron las autoridades.<\/p>\n\n\n\n<p>La investigaci\u00f3n est\u00e1 en curso y los funcionarios est\u00e1n buscando posibles conexiones entre las armas incautadas y otros delitos recientes.<\/p>\n\n\n\n<p>La investigaci\u00f3n se lleva a cabo bajo la <a href=\"https:\/\/www.justice.gov\/usao-cdca\/pr\/department-justice-announces-launch-firearms-trafficking-strike-forces-crack-down\">Fuerza de Ataque contra el Tr\u00e1fico de Armas de Fuego<\/a>, que fue iniciada por el Departamento de Justicia el mes pasado.<\/p>\n","protected":false},"excerpt":{"rendered":"<p>Cinco presuntos pandilleros del \u00e1rea de Altadena y Duarte enfrentan cargos federales por armas luego de su arresto esta semana como parte de una investigaci\u00f3n sobre una disputa violenta de larga duraci\u00f3n con una pandilla con sede en Pasadena, anunciaron los fiscales el jueves. Los arrestos de esta semana se derivaron de una investigaci\u00f3n sobre un tiroteo entre pandillas que tuvo lugar el 17 de febrero durante una fiesta f\u00fanebre de un presunto pandillero de Altadena en Ontario, seg\u00fan el [&hellip;]<\/p>\n","protected":false},"author":4,"featured_media":0,"comment_status":"open","ping_status":"closed","sticky":false,"template":"","format":"standard","meta":[],"categories":[4],"tags":[],"acf":[],"_links":{"self":[{"href":"http:\/\/www.pasadenahoy.com\/primero\/wp-json\/wp\/v2\/posts\/10239"}],"collection":[{"href":"http:\/\/www.pasadenahoy.com\/primero\/wp-json\/wp\/v2\/posts"}],"about":[{"href":"http:\/\/www.pasadenahoy.com\/primero\/wp-json\/wp\/v2\/types\/post"}],"author":[{"embeddable":true,"href":"http:\/\/www.pasadenahoy.com\/primero\/wp-json\/wp\/v2\/users\/4"}],"replies":[{"embeddable":true,"href":"http:\/\/www.pasadenahoy.com\/primero\/wp-json\/wp\/v2\/comments?post=10239"}],"version-history":[{"count":2,"href":"http:\/\/www.pasadenahoy.com\/primero\/wp-json\/wp\/v2\/posts\/10239\/revisions"}],"predecessor-version":[{"id":10242,"href":"http:\/\/www.pasadenahoy.com\/primero\/wp-json\/wp\/v2\/posts\/10239\/revisions\/10242"}],"wp:attachment":[{"href":"http:\/\/www.pasadenahoy.com\/primero\/wp-json\/wp\/v2\/media?parent=10239"}],"wp:term":[{"taxonomy":"category","embeddable":true,"href":"http:\/\/www.pasadenahoy.com\/primero\/wp-json\/wp\/v2\/categories?post=10239"},{"taxonomy":"post_tag","embeddable":true,"href":"http:\/\/www.pasadenahoy.com\/primero\/wp-json\/wp\/v2\/tags?post=10239"}],"curies":[{"name":"wp","href":"https:\/\/api.w.org\/{rel}","templated":true}]}}