{"id":10247,"date":"2021-08-06T15:39:07","date_gmt":"2021-08-06T15:39:07","guid":{"rendered":"http:\/\/www.pasadenahoy.com\/primero\/?p=10247"},"modified":"2021-08-06T15:39:09","modified_gmt":"2021-08-06T15:39:09","slug":"la-union-de-diputados-critica-la-orden-ejecutiva-del-condado-de-los-angeles-que-exige-vacunas-covid","status":"publish","type":"post","link":"http:\/\/www.pasadenahoy.com\/primero\/la-comunidad\/la-union-de-diputados-critica-la-orden-ejecutiva-del-condado-de-los-angeles-que-exige-vacunas-covid\/","title":{"rendered":"La Uni\u00f3n de Diputados critica la orden ejecutiva del condado de Los \u00c1ngeles que exige vacunas COVID"},"content":{"rendered":"\n<figure class=\"wp-block-image alignnone size-large\"><figure class=\"alignnone\"><img loading=\"lazy\" width=\"740\" height=\"400\" src=\"http:\/\/www.pasadenahoy.com\/primero\/wp-content\/uploads\/2021\/08\/pic-6-3.jpg\" alt=\"\" class=\"wp-image-10248\" srcset=\"http:\/\/www.pasadenahoy.com\/primero\/wp-content\/uploads\/2021\/08\/pic-6-3.jpg 740w, http:\/\/www.pasadenahoy.com\/primero\/wp-content\/uploads\/2021\/08\/pic-6-3-300x162.jpg 300w, http:\/\/www.pasadenahoy.com\/primero\/wp-content\/uploads\/2021\/08\/pic-6-3-241x130.jpg 241w, http:\/\/www.pasadenahoy.com\/primero\/wp-content\/uploads\/2021\/08\/pic-6-3-333x180.jpg 333w, http:\/\/www.pasadenahoy.com\/primero\/wp-content\/uploads\/2021\/08\/pic-6-3-700x378.jpg 700w, http:\/\/www.pasadenahoy.com\/primero\/wp-content\/uploads\/2021\/08\/pic-6-3-360x195.jpg 360w, http:\/\/www.pasadenahoy.com\/primero\/wp-content\/uploads\/2021\/08\/pic-6-3-720x389.jpg 720w\" sizes=\"100vw\" \/><\/figure><\/figure>\n\n\n\n<p>El presidente del sindicato que representa a los diputados del alguacil del condado de Los \u00c1ngeles dijo hoy que el sindicato fue &#8220;sorprendido&#8221; por una orden ejecutiva que ordena la vacunaci\u00f3n COVID-19 para todos los trabajadores del condado.<\/p>\n\n\n\n<p>La presidenta de la Junta de Supervisores del Condado, Hilda L. Solis, emiti\u00f3 la orden ejecutiva el mi\u00e9rcoles por la noche, citando el aumento del n\u00famero de casos atribuidos a la variante infecciosa Delta de COVID-19, y diciendo que &#8220;la necesidad de una acci\u00f3n inmediata es grande&#8221;.<\/p>\n\n\n\n<p>James Wheeler, presidente de la Asociaci\u00f3n de Alguaciles Adjuntos de Los \u00c1ngeles, dijo en un comunicado el jueves que despu\u00e9s de enterarse de la orden en Twitter, \u201ctodav\u00eda estamos examinando los complejos problemas relacionados con\u201d la orden.<\/p>\n\n\n\n<p>\u201cALADS, al igual que otras partes interesadas, fue completamente sorprendida por esta orden emitida apresuradamente, que afectar\u00e1 a m\u00e1s de 100,000 empleados del condado\u201d, dijo Wheeler. \u201cCreemos que la Junta de Supervisores deber\u00eda haber colaborado y comunicado con las partes que pueden verse afectadas por esto. En cambio, fuimos notificados de este cambio repentino en la pol\u00edtica de la noche a la ma\u00f1ana a trav\u00e9s de las redes sociales. Esperamos sinceramente que Hilda Sol\u00eds piense m\u00e1s en los problemas relacionados con esta orden ejecutiva que en la forma en que la anunci\u00f3 \u201d.<\/p>\n\n\n\n<p>Seg\u00fan ALADS, el sindicato ya hab\u00eda iniciado conversaciones laborales con el alguacil Alex Villanueva sobre una directiva que exige que los diputados se vacunen o se sometan a pruebas COVID semanales. Los abogados del sindicato est\u00e1n revisando la orden y ALADS envi\u00f3 una carta a Sol\u00eds para notificarle que el sindicato est\u00e1 &#8220;haciendo valer sus derechos de negociaci\u00f3n sobre su decisi\u00f3n&#8221;.<\/p>\n\n\n\n<p>Al emitir la orden el mi\u00e9rcoles, Sol\u00eds cit\u00f3 un aumento de 18 veces en los casos y un aumento de cinco veces en las hospitalizaciones desde el 15 de junio, cuando el condado levant\u00f3 las restricciones de coronavirus en medio de la ca\u00edda de las tasas de casos.<\/p>\n\n\n\n<p>Sol\u00eds dijo que habr\u00e1 exenciones por motivos m\u00e9dicos y religiosos, pero de lo contrario, se aplicar\u00e1 a todos los 110.000 empleados del condado &#8220;independientemente del departamento al que presten servicios&#8221;. Los empleados tendr\u00e1n una fecha l\u00edmite el 1 de octubre para vacunarse.<\/p>\n\n\n\n<p>Tambi\u00e9n dijo que, como presidenta de la junta, tiene el poder, durante una emergencia local proclamada, &#8220;para promulgar \u00f3rdenes y reglamentos necesarios para proteger la vida o la propiedad&#8221;.<\/p>\n\n\n\n<p>\u201cEstamos demostrando una vez m\u00e1s a los empleadores de todo el condado que estamos preparados para predicar con el ejemplo y establecer un est\u00e1ndar para frenar la propagaci\u00f3n, tal como lo hicimos al restablecer el enmascaramiento en interiores, que desde entonces ha sido emulado en diversos grados por los CDC (el Centros para el Control de Enfermedades federales), el estado y las localidades de todo el pa\u00eds \u201d, dijo.<\/p>\n\n\n\n<p>\u201cTodos debemos estar preparados para unirnos y hacer nuestra parte para protegernos unos a otros y tener este virus bajo control una vez m\u00e1s. No podemos esperar un d\u00eda m\u00e1s mientras este virus contin\u00faa cambiando y alterando dram\u00e1ticamente la vida de nuestros residentes. Con la orden ejecutiva de hoy, el condado est\u00e1 preparado para liderar y espero que otros empleadores de nuestro gran condado hagan lo mismo &#8220;.<\/p>\n","protected":false},"excerpt":{"rendered":"<p>El presidente del sindicato que representa a los diputados del alguacil del condado de Los \u00c1ngeles dijo hoy que el sindicato fue &#8220;sorprendido&#8221; por una orden ejecutiva que ordena la vacunaci\u00f3n COVID-19 para todos los trabajadores del condado. La presidenta de la Junta de Supervisores del Condado, Hilda L. Solis, emiti\u00f3 la orden ejecutiva el mi\u00e9rcoles por la noche, citando el aumento del n\u00famero de casos atribuidos a la variante infecciosa Delta de COVID-19, y diciendo que &#8220;la necesidad de [&hellip;]<\/p>\n","protected":false},"author":4,"featured_media":0,"comment_status":"open","ping_status":"closed","sticky":false,"template":"","format":"standard","meta":[],"categories":[4],"tags":[],"acf":[],"_links":{"self":[{"href":"http:\/\/www.pasadenahoy.com\/primero\/wp-json\/wp\/v2\/posts\/10247"}],"collection":[{"href":"http:\/\/www.pasadenahoy.com\/primero\/wp-json\/wp\/v2\/posts"}],"about":[{"href":"http:\/\/www.pasadenahoy.com\/primero\/wp-json\/wp\/v2\/types\/post"}],"author":[{"embeddable":true,"href":"http:\/\/www.pasadenahoy.com\/primero\/wp-json\/wp\/v2\/users\/4"}],"replies":[{"embeddable":true,"href":"http:\/\/www.pasadenahoy.com\/primero\/wp-json\/wp\/v2\/comments?post=10247"}],"version-history":[{"count":2,"href":"http:\/\/www.pasadenahoy.com\/primero\/wp-json\/wp\/v2\/posts\/10247\/revisions"}],"predecessor-version":[{"id":10250,"href":"http:\/\/www.pasadenahoy.com\/primero\/wp-json\/wp\/v2\/posts\/10247\/revisions\/10250"}],"wp:attachment":[{"href":"http:\/\/www.pasadenahoy.com\/primero\/wp-json\/wp\/v2\/media?parent=10247"}],"wp:term":[{"taxonomy":"category","embeddable":true,"href":"http:\/\/www.pasadenahoy.com\/primero\/wp-json\/wp\/v2\/categories?post=10247"},{"taxonomy":"post_tag","embeddable":true,"href":"http:\/\/www.pasadenahoy.com\/primero\/wp-json\/wp\/v2\/tags?post=10247"}],"curies":[{"name":"wp","href":"https:\/\/api.w.org\/{rel}","templated":true}]}}