{"id":10263,"date":"2021-08-09T15:35:12","date_gmt":"2021-08-09T15:35:12","guid":{"rendered":"http:\/\/www.pasadenahoy.com\/primero\/?p=10263"},"modified":"2021-08-09T15:35:14","modified_gmt":"2021-08-09T15:35:14","slug":"el-condado-ve-solo-un-ligero-aumento-en-los-pacientes-con-covid-19-el-domingo","status":"publish","type":"post","link":"http:\/\/www.pasadenahoy.com\/primero\/la-comunidad\/el-condado-ve-solo-un-ligero-aumento-en-los-pacientes-con-covid-19-el-domingo\/","title":{"rendered":"El condado ve solo un ligero aumento en los pacientes con COVID-19 el domingo"},"content":{"rendered":"\n<figure class=\"wp-block-image alignnone size-large\"><figure class=\"alignnone\"><img loading=\"lazy\" width=\"740\" height=\"400\" src=\"http:\/\/www.pasadenahoy.com\/primero\/wp-content\/uploads\/2021\/08\/pic-3-4.jpg\" alt=\"\" class=\"wp-image-10264\" srcset=\"http:\/\/www.pasadenahoy.com\/primero\/wp-content\/uploads\/2021\/08\/pic-3-4.jpg 740w, http:\/\/www.pasadenahoy.com\/primero\/wp-content\/uploads\/2021\/08\/pic-3-4-300x162.jpg 300w, http:\/\/www.pasadenahoy.com\/primero\/wp-content\/uploads\/2021\/08\/pic-3-4-241x130.jpg 241w, http:\/\/www.pasadenahoy.com\/primero\/wp-content\/uploads\/2021\/08\/pic-3-4-333x180.jpg 333w, http:\/\/www.pasadenahoy.com\/primero\/wp-content\/uploads\/2021\/08\/pic-3-4-700x378.jpg 700w, http:\/\/www.pasadenahoy.com\/primero\/wp-content\/uploads\/2021\/08\/pic-3-4-360x195.jpg 360w, http:\/\/www.pasadenahoy.com\/primero\/wp-content\/uploads\/2021\/08\/pic-3-4-720x389.jpg 720w\" sizes=\"100vw\" \/><\/figure><\/figure>\n\n\n\n<p>El aumento en las hospitalizaciones debido al coronavirus se desaceler\u00f3 en el condado de Los \u00c1ngeles, aumentando en solo cuatro pacientes a 1.437, con 333 de esas personas en cuidados intensivos, tambi\u00e9n un aumento de cuatro desde el s\u00e1bado, seg\u00fan datos estatales publicados hoy.<\/p>\n\n\n\n<p>Las cifras se produjeron un d\u00eda despu\u00e9s de que los funcionarios de salud del condado informaron 4.283 nuevos casos de COVID-19 y 13 muertes adicionales, que atribuyeron a las continuas altas tasas de transmisi\u00f3n y aumentos significativos en las pruebas, incluidas dos en las unidades de UCI de los hospitales.<\/p>\n\n\n\n<p>Fue el mayor n\u00famero de casos notificados en un d\u00eda en m\u00e1s de seis meses. Sin embargo, en algunas buenas noticias, la tasa de positividad de la prueba del s\u00e1bado fue del 4,7%, frente al 5,3% del viernes y la tasa de la semana anterior del 6,3%.<\/p>\n\n\n\n<p>A nivel local, 20 pacientes est\u00e1n siendo tratados en Huntington Hospital, los programas de pruebas de rutina est\u00e1n aumentando en negocios y escuelas, y habr\u00e1 una identificaci\u00f3n m\u00e1s r\u00e1pida de personas asintom\u00e1ticas infectadas con COVID-19, seg\u00fan el Departamento de Salud P\u00fablica del Condado de Los \u00c1ngeles.<\/p>\n\n\n\n<p>El personal se pondr\u00e1 en contacto con todas las personas que den positivo para asegurarse de que est\u00e9n aisladas durante 10 d\u00edas e identificar a todos sus contactos cercanos que ser\u00e1n notificados de la necesidad de ponerse en cuarentena, dijo el departamento.<\/p>\n\n\n\n<p>Los funcionarios de salud han atribuido el fuerte aumento de las infecciones en los \u00faltimos dos meses a la variante Delta altamente infecciosa del virus que se descubri\u00f3 por primera vez en la India.<\/p>\n\n\n\n<p>\u201cCon el aumento de las pruebas, es probable que nuestro n\u00famero de casos aumente hasta que reduzcamos significativamente la transmisi\u00f3n en la comunidad\u201d, dijo la Dra. Barbara Ferrer, directora de Salud P\u00fablica del condado. \u201cSi bien el enmascaramiento y cuarentena en interiores y el aislamiento de casos y contactos cercanos son estrategias efectivas para reducir la transmisi\u00f3n, la forma m\u00e1s r\u00e1pida de frenar la propagaci\u00f3n es aumentar la cobertura de vacunaci\u00f3n. Hoy, mientras trabajaba con nuestro equipo en la cl\u00ednica de vacunaci\u00f3n del Parque Obreg\u00f3n, me anim\u00f3 ver a tantos adolescentes que entraban para vacunarse. Todos estos adolescentes reci\u00e9n vacunados contribuyen a la reapertura segura de las escuelas y nos acercan a la inmunidad comunitaria &#8220;.<\/p>\n","protected":false},"excerpt":{"rendered":"<p>El aumento en las hospitalizaciones debido al coronavirus se desaceler\u00f3 en el condado de Los \u00c1ngeles, aumentando en solo cuatro pacientes a 1.437, con 333 de esas personas en cuidados intensivos, tambi\u00e9n un aumento de cuatro desde el s\u00e1bado, seg\u00fan datos estatales publicados hoy. Las cifras se produjeron un d\u00eda despu\u00e9s de que los funcionarios de salud del condado informaron 4.283 nuevos casos de COVID-19 y 13 muertes adicionales, que atribuyeron a las continuas altas tasas de transmisi\u00f3n y aumentos [&hellip;]<\/p>\n","protected":false},"author":4,"featured_media":10264,"comment_status":"open","ping_status":"closed","sticky":false,"template":"","format":"standard","meta":[],"categories":[4],"tags":[],"acf":[],"_links":{"self":[{"href":"http:\/\/www.pasadenahoy.com\/primero\/wp-json\/wp\/v2\/posts\/10263"}],"collection":[{"href":"http:\/\/www.pasadenahoy.com\/primero\/wp-json\/wp\/v2\/posts"}],"about":[{"href":"http:\/\/www.pasadenahoy.com\/primero\/wp-json\/wp\/v2\/types\/post"}],"author":[{"embeddable":true,"href":"http:\/\/www.pasadenahoy.com\/primero\/wp-json\/wp\/v2\/users\/4"}],"replies":[{"embeddable":true,"href":"http:\/\/www.pasadenahoy.com\/primero\/wp-json\/wp\/v2\/comments?post=10263"}],"version-history":[{"count":2,"href":"http:\/\/www.pasadenahoy.com\/primero\/wp-json\/wp\/v2\/posts\/10263\/revisions"}],"predecessor-version":[{"id":10266,"href":"http:\/\/www.pasadenahoy.com\/primero\/wp-json\/wp\/v2\/posts\/10263\/revisions\/10266"}],"wp:featuredmedia":[{"embeddable":true,"href":"http:\/\/www.pasadenahoy.com\/primero\/wp-json\/wp\/v2\/media\/10264"}],"wp:attachment":[{"href":"http:\/\/www.pasadenahoy.com\/primero\/wp-json\/wp\/v2\/media?parent=10263"}],"wp:term":[{"taxonomy":"category","embeddable":true,"href":"http:\/\/www.pasadenahoy.com\/primero\/wp-json\/wp\/v2\/categories?post=10263"},{"taxonomy":"post_tag","embeddable":true,"href":"http:\/\/www.pasadenahoy.com\/primero\/wp-json\/wp\/v2\/tags?post=10263"}],"curies":[{"name":"wp","href":"https:\/\/api.w.org\/{rel}","templated":true}]}}