{"id":10272,"date":"2021-08-09T16:07:31","date_gmt":"2021-08-09T16:07:31","guid":{"rendered":"http:\/\/www.pasadenahoy.com\/primero\/?p=10272"},"modified":"2021-08-09T16:07:33","modified_gmt":"2021-08-09T16:07:33","slug":"hombre-robado-de-guitarra-en-pasadena-bus-bench","status":"publish","type":"post","link":"http:\/\/www.pasadenahoy.com\/primero\/la-comunidad\/hombre-robado-de-guitarra-en-pasadena-bus-bench\/","title":{"rendered":"Hombre robado de guitarra en Pasadena Bus Bench"},"content":{"rendered":"\n<figure class=\"wp-block-image alignnone size-large\"><figure class=\"alignnone\"><img loading=\"lazy\" width=\"740\" height=\"400\" src=\"http:\/\/www.pasadenahoy.com\/primero\/wp-content\/uploads\/2021\/08\/pic-5-2.png\" alt=\"\" class=\"wp-image-10273\" srcset=\"http:\/\/www.pasadenahoy.com\/primero\/wp-content\/uploads\/2021\/08\/pic-5-2.png 740w, http:\/\/www.pasadenahoy.com\/primero\/wp-content\/uploads\/2021\/08\/pic-5-2-300x162.png 300w, http:\/\/www.pasadenahoy.com\/primero\/wp-content\/uploads\/2021\/08\/pic-5-2-241x130.png 241w, http:\/\/www.pasadenahoy.com\/primero\/wp-content\/uploads\/2021\/08\/pic-5-2-333x180.png 333w, http:\/\/www.pasadenahoy.com\/primero\/wp-content\/uploads\/2021\/08\/pic-5-2-700x378.png 700w, http:\/\/www.pasadenahoy.com\/primero\/wp-content\/uploads\/2021\/08\/pic-5-2-360x195.png 360w, http:\/\/www.pasadenahoy.com\/primero\/wp-content\/uploads\/2021\/08\/pic-5-2-720x389.png 720w\" sizes=\"100vw\" \/><\/figure><\/figure>\n\n\n\n<p>La polic\u00eda busc\u00f3 a un hombre armado que rob\u00f3 una guitarra a otro hombre en una parada de autob\u00fas de Pasadena el s\u00e1bado por la tarde, dijeron las autoridades.<\/p>\n\n\n\n<p>El crimen tuvo lugar poco despu\u00e9s de la 1 p.m. mientras la v\u00edctima estaba sentada en un banco de autob\u00fas en la cuadra 800 de North Lake Avenue, dijo el teniente Jesse Carrillo de la polic\u00eda de Pasadena.<\/p>\n\n\n\n<p>Otro hombre se acerc\u00f3 y pregunt\u00f3 si pod\u00eda tocar la guitarra ac\u00fastica de la v\u00edctima, dijo el teniente.<\/p>\n\n\n\n<p>Cuando la v\u00edctima se neg\u00f3, el ladr\u00f3n mostr\u00f3 una pistola metida en la cintura y exigi\u00f3 el instrumento, seg\u00fan Carrillo. Despu\u00e9s de obtener la guitarra, el ladr\u00f3n fue visto por \u00faltima vez dirigi\u00e9ndose hacia el sur por Lake Avenue.<\/p>\n\n\n\n<p>La polic\u00eda describi\u00f3 al ladr\u00f3n como un hombre negro de entre 20 y 40 a\u00f1os, de unos 6 pies de altura, vestido con una camisa negra y pantalones negros.<\/p>\n\n\n\n<p>Cualquier persona que tenga informaci\u00f3n puede comunicarse con el Departamento de Polic\u00eda de Pasadena al (626) 744-4241. Las pistas tambi\u00e9n se pueden enviar de forma an\u00f3nima a <a href=\"https:\/\/www.lacrimestoppers.org\/\">L.A. Regional Crime Stoppers <\/a>al (800) 222-8477.<\/p>\n","protected":false},"excerpt":{"rendered":"<p>La polic\u00eda busc\u00f3 a un hombre armado que rob\u00f3 una guitarra a otro hombre en una parada de autob\u00fas de Pasadena el s\u00e1bado por la tarde, dijeron las autoridades. El crimen tuvo lugar poco despu\u00e9s de la 1 p.m. mientras la v\u00edctima estaba sentada en un banco de autob\u00fas en la cuadra 800 de North Lake Avenue, dijo el teniente Jesse Carrillo de la polic\u00eda de Pasadena. Otro hombre se acerc\u00f3 y pregunt\u00f3 si pod\u00eda tocar la guitarra ac\u00fastica de [&hellip;]<\/p>\n","protected":false},"author":4,"featured_media":0,"comment_status":"open","ping_status":"closed","sticky":false,"template":"","format":"standard","meta":[],"categories":[4],"tags":[],"acf":[],"_links":{"self":[{"href":"http:\/\/www.pasadenahoy.com\/primero\/wp-json\/wp\/v2\/posts\/10272"}],"collection":[{"href":"http:\/\/www.pasadenahoy.com\/primero\/wp-json\/wp\/v2\/posts"}],"about":[{"href":"http:\/\/www.pasadenahoy.com\/primero\/wp-json\/wp\/v2\/types\/post"}],"author":[{"embeddable":true,"href":"http:\/\/www.pasadenahoy.com\/primero\/wp-json\/wp\/v2\/users\/4"}],"replies":[{"embeddable":true,"href":"http:\/\/www.pasadenahoy.com\/primero\/wp-json\/wp\/v2\/comments?post=10272"}],"version-history":[{"count":2,"href":"http:\/\/www.pasadenahoy.com\/primero\/wp-json\/wp\/v2\/posts\/10272\/revisions"}],"predecessor-version":[{"id":10275,"href":"http:\/\/www.pasadenahoy.com\/primero\/wp-json\/wp\/v2\/posts\/10272\/revisions\/10275"}],"wp:attachment":[{"href":"http:\/\/www.pasadenahoy.com\/primero\/wp-json\/wp\/v2\/media?parent=10272"}],"wp:term":[{"taxonomy":"category","embeddable":true,"href":"http:\/\/www.pasadenahoy.com\/primero\/wp-json\/wp\/v2\/categories?post=10272"},{"taxonomy":"post_tag","embeddable":true,"href":"http:\/\/www.pasadenahoy.com\/primero\/wp-json\/wp\/v2\/tags?post=10272"}],"curies":[{"name":"wp","href":"https:\/\/api.w.org\/{rel}","templated":true}]}}