{"id":10300,"date":"2021-08-10T15:02:00","date_gmt":"2021-08-10T15:02:00","guid":{"rendered":"http:\/\/www.pasadenahoy.com\/primero\/?p=10300"},"modified":"2021-08-10T15:02:02","modified_gmt":"2021-08-10T15:02:02","slug":"el-consejo-modifica-las-directrices-sobre-el-cannabis-pero-aun-no-hay-equidad-social","status":"publish","type":"post","link":"http:\/\/www.pasadenahoy.com\/primero\/la-comunidad\/el-consejo-modifica-las-directrices-sobre-el-cannabis-pero-aun-no-hay-equidad-social\/","title":{"rendered":"El Consejo modifica las directrices sobre el cannabis, pero a\u00fan no hay equidad social"},"content":{"rendered":"\n<figure class=\"wp-block-image alignnone size-large\"><figure class=\"alignnone\"><img loading=\"lazy\" width=\"740\" height=\"400\" src=\"http:\/\/www.pasadenahoy.com\/primero\/wp-content\/uploads\/2021\/08\/Cannabis-CUP-Hearing.jpg\" alt=\"\" class=\"wp-image-10301\" srcset=\"http:\/\/www.pasadenahoy.com\/primero\/wp-content\/uploads\/2021\/08\/Cannabis-CUP-Hearing.jpg 740w, http:\/\/www.pasadenahoy.com\/primero\/wp-content\/uploads\/2021\/08\/Cannabis-CUP-Hearing-300x162.jpg 300w, http:\/\/www.pasadenahoy.com\/primero\/wp-content\/uploads\/2021\/08\/Cannabis-CUP-Hearing-241x130.jpg 241w, http:\/\/www.pasadenahoy.com\/primero\/wp-content\/uploads\/2021\/08\/Cannabis-CUP-Hearing-333x180.jpg 333w, http:\/\/www.pasadenahoy.com\/primero\/wp-content\/uploads\/2021\/08\/Cannabis-CUP-Hearing-700x378.jpg 700w, http:\/\/www.pasadenahoy.com\/primero\/wp-content\/uploads\/2021\/08\/Cannabis-CUP-Hearing-360x195.jpg 360w, http:\/\/www.pasadenahoy.com\/primero\/wp-content\/uploads\/2021\/08\/Cannabis-CUP-Hearing-720x389.jpg 720w\" sizes=\"100vw\" \/><\/figure><\/figure>\n\n\n\n<p>El concejal John Kennedy se pronunci\u00f3 a favor de la equidad social en los esfuerzos de la ciudad para flexibilizar las regulaciones de cannabis de la ciudad el lunes.<\/p>\n\n\n\n<p>Las nuevas regulaciones permitir\u00e1n hasta tres minoristas de cannabis por distrito municipal, en lugar de uno, y reducir\u00e1n la distancia requerida entre los minoristas de cannabis de 1,000 pies a 450 pies.<\/p>\n\n\n\n<p>Sin embargo, las directrices no abordan una plataforma de equidad social.<\/p>\n\n\n\n<p>Los programas de equidad social est\u00e1n dise\u00f1ados para apoyar la igualdad de oportunidades en la industria del cannabis al hacer que la propiedad legal de negocios de cannabis y las oportunidades de empleo sean m\u00e1s accesibles para las personas de bajos ingresos y las comunidades m\u00e1s afectadas por la criminalizaci\u00f3n del cannabis.<\/p>\n\n\n\n<p>El consejo no discutir\u00e1 un programa de equidad social hasta abril.<\/p>\n\n\n\n<p>\u201cEstamos aqu\u00ed hoy y ni siquiera estamos discutiendo la equidad social, pero ustedes est\u00e1n dispuestos a poner tres dispensarios en el Distrito 3 sin equidad social\u201d, dijo Kennedy. \u201cEs discriminatorio. No hay afroamericanos o latinos en la cola para recibir una licencia &#8220;.<\/p>\n\n\n\n<p>Kennedy suplic\u00f3 a sus colegas que respetaran sus esfuerzos por luchar por su distrito y se\u00f1al\u00f3 que en el pasado hab\u00eda hecho lo mismo por ellos.<\/p>\n\n\n\n<p>Kennedy y los concejales Felicia Williams y Gene Masuda votaron en contra del tema.<\/p>\n\n\n\n<p>Hasta ahora no existe un programa local de equidad social, aunque la fiscal de distrito del condado de Los \u00c1ngeles, Jackie Lacey, asegur\u00f3 la desestimaci\u00f3n de 66,000 condenas relacionadas con la marihuana en 2020.<\/p>\n\n\n\n<p>La oficina del fiscal de la ciudad autoriz\u00f3 al fiscal de distrito a desestimar los casos de 250 casos del fiscal de la ciudad de Pasadena que se desestimaron como parte del programa piloto Clear My Record de LA DA.<\/p>\n\n\n\n<p>Los afroamericanos y los latinos fueron los m\u00e1s afectados por las acciones de aplicaci\u00f3n de la ley por las actividades del cannabis durante d\u00e9cadas y ahora, en muchas comunidades, se ven superados por las ventajas econ\u00f3micas de vender cannabis legalmente.<\/p>\n\n\n\n<p>\u201cHubo un trabajo que el personal podr\u00eda haber hecho y que no nos hubiera dejado donde estamos hoy\u201d, dijo Kennedy.<\/p>\n\n\n\n<p>Kennedy dijo que pensaba que la recomendaci\u00f3n era injusta &#8220;.<\/p>\n\n\n\n<p>La mitad de los minoristas de cannabis de la ciudad estar\u00e1n en el distrito de Kennedy.<\/p>\n\n\n\n<p>El Distrito 3 es en gran parte un distrito minoritario.<\/p>\n\n\n\n<p>Kennedy acus\u00f3 al personal de la Ciudad de ser falso por no compartir que ha habido un cambio de propiedad en una de las empresas.<\/p>\n\n\n\n<p>En 2020, High Times compr\u00f3 los dispensarios minoristas de cannabis de Harvest en California.<\/p>\n\n\n\n<p>La ciudad eligi\u00f3 seis dispensarios en 2019 para avanzar en su proceso: Integral, Atrium, Sweetflower, Medmen, Harvest y Tony Fong.<\/p>\n\n\n\n<p>Hasta ahora, solo dos de esos dispensarios, Integral y Tony Fong, han abierto. Seg\u00fan un informe del personal, Harvest tiene planes de abrir en el Distrito 3.<\/p>\n\n\n\n<p>Harvest ha obtenido un permiso, pero a\u00fan no ha abierto.<\/p>\n\n\n\n<p>Atrium y Sweetflower intentaron sin \u00e9xito demandar a la ciudad despu\u00e9s de que no se les permiti\u00f3 avanzar en el proceso.<\/p>\n\n\n\n<p>Sweetflower perdi\u00f3 una apelaci\u00f3n en la Junta de Apelaciones de Zonificaci\u00f3n despu\u00e9s de presentar una solicitud incompleta y cuando fue convocada para revisi\u00f3n en el Concejo Municipal, el concejo vot\u00f3 6-1 en contra de la apelaci\u00f3n.<\/p>\n\n\n\n<p>Sin explicar c\u00f3mo se revoc\u00f3 el voto del consejo, la ciudad ahora dice que Sweetflower entreg\u00f3 una solicitud completa.<\/p>\n\n\n\n<p>A Atrium tambi\u00e9n se le neg\u00f3 un Permiso de uso condicional despu\u00e9s de que Harvest entreg\u00f3 una solicitud completa para hacer negocios en el Distrito 3.<\/p>\n\n\n\n<p>MedMen tambi\u00e9n fue descalificado.<\/p>\n\n\n\n<p>Los votantes aprobaron abrumadoramente la Medida CC en 2019, que exig\u00eda un m\u00e1ximo de seis dispensarios y estableci\u00f3 requisitos de distancia entre los dispensarios de cannabis e iglesias, escuelas y parques.<\/p>\n\n\n\n<p>El Ayuntamiento dijo en ese momento que no habr\u00eda una concentraci\u00f3n excesiva de dispensarios en ning\u00fan distrito.<\/p>\n\n\n\n<p>En 2019, el consejo rechaz\u00f3 un esfuerzo por enmendar la ordenanza sobre el cannabis cuando present\u00f3 una moci\u00f3n que habr\u00eda cambiado la ley para permitir que hasta tres dispensarios funcionen en cada uno de los siete distritos del consejo de la ciudad.<\/p>\n\n\n\n<p>Durante esa audiencia, varios miembros del consejo expresaron su preocupaci\u00f3n de que cambiar la ordenanza ir\u00eda en contra de la voluntad de los votantes y 41 personas enviaron correspondencia oponi\u00e9ndose al cambio.<\/p>\n\n\n\n<p>En esa reuni\u00f3n, se pidi\u00f3 al alcalde y al consejo que revisaran la discusi\u00f3n sobre las regulaciones de cannabis de la ciudad una vez que tres minoristas de cannabis estuvieran operativos para que el personal pudiera evaluar los impactos en la ciudad y el mercado de cannabis.<\/p>\n\n\n\n<p>Los funcionarios de la ciudad dijeron que la ordenanza se revisar\u00eda despu\u00e9s de que abrieran tres minoristas de cannabis.<\/p>\n\n\n\n<p>Sin embargo, tres dispensarios no han abierto.<\/p>\n\n\n\n<p>Se han presentado al menos cuatro demandas fallidas contra la ciudad.<\/p>\n","protected":false},"excerpt":{"rendered":"<p>El concejal John Kennedy se pronunci\u00f3 a favor de la equidad social en los esfuerzos de la ciudad para flexibilizar las regulaciones de cannabis de la ciudad el lunes. Las nuevas regulaciones permitir\u00e1n hasta tres minoristas de cannabis por distrito municipal, en lugar de uno, y reducir\u00e1n la distancia requerida entre los minoristas de cannabis de 1,000 pies a 450 pies. Sin embargo, las directrices no abordan una plataforma de equidad social. Los programas de equidad social est\u00e1n dise\u00f1ados para [&hellip;]<\/p>\n","protected":false},"author":4,"featured_media":10301,"comment_status":"open","ping_status":"closed","sticky":false,"template":"","format":"standard","meta":[],"categories":[4],"tags":[],"acf":[],"_links":{"self":[{"href":"http:\/\/www.pasadenahoy.com\/primero\/wp-json\/wp\/v2\/posts\/10300"}],"collection":[{"href":"http:\/\/www.pasadenahoy.com\/primero\/wp-json\/wp\/v2\/posts"}],"about":[{"href":"http:\/\/www.pasadenahoy.com\/primero\/wp-json\/wp\/v2\/types\/post"}],"author":[{"embeddable":true,"href":"http:\/\/www.pasadenahoy.com\/primero\/wp-json\/wp\/v2\/users\/4"}],"replies":[{"embeddable":true,"href":"http:\/\/www.pasadenahoy.com\/primero\/wp-json\/wp\/v2\/comments?post=10300"}],"version-history":[{"count":2,"href":"http:\/\/www.pasadenahoy.com\/primero\/wp-json\/wp\/v2\/posts\/10300\/revisions"}],"predecessor-version":[{"id":10303,"href":"http:\/\/www.pasadenahoy.com\/primero\/wp-json\/wp\/v2\/posts\/10300\/revisions\/10303"}],"wp:featuredmedia":[{"embeddable":true,"href":"http:\/\/www.pasadenahoy.com\/primero\/wp-json\/wp\/v2\/media\/10301"}],"wp:attachment":[{"href":"http:\/\/www.pasadenahoy.com\/primero\/wp-json\/wp\/v2\/media?parent=10300"}],"wp:term":[{"taxonomy":"category","embeddable":true,"href":"http:\/\/www.pasadenahoy.com\/primero\/wp-json\/wp\/v2\/categories?post=10300"},{"taxonomy":"post_tag","embeddable":true,"href":"http:\/\/www.pasadenahoy.com\/primero\/wp-json\/wp\/v2\/tags?post=10300"}],"curies":[{"name":"wp","href":"https:\/\/api.w.org\/{rel}","templated":true}]}}