{"id":10309,"date":"2021-08-10T15:17:33","date_gmt":"2021-08-10T15:17:33","guid":{"rendered":"http:\/\/www.pasadenahoy.com\/primero\/?p=10309"},"modified":"2021-08-10T15:17:35","modified_gmt":"2021-08-10T15:17:35","slug":"los-supervisores-del-condado-consideraran-hoy-una-propuesta-que-requiere-prueba-de-vacuna-en-algunos-lugares-cerrados","status":"publish","type":"post","link":"http:\/\/www.pasadenahoy.com\/primero\/la-comunidad\/los-supervisores-del-condado-consideraran-hoy-una-propuesta-que-requiere-prueba-de-vacuna-en-algunos-lugares-cerrados\/","title":{"rendered":"Los supervisores del condado considerar\u00e1n hoy una propuesta que requiere prueba de vacuna en algunos lugares cerrados"},"content":{"rendered":"\n<figure class=\"wp-block-image alignnone size-large\"><figure class=\"alignnone\"><img loading=\"lazy\" width=\"740\" height=\"400\" src=\"http:\/\/www.pasadenahoy.com\/primero\/wp-content\/uploads\/2021\/08\/pic-4-5.jpg\" alt=\"\" class=\"wp-image-10310\" srcset=\"http:\/\/www.pasadenahoy.com\/primero\/wp-content\/uploads\/2021\/08\/pic-4-5.jpg 740w, http:\/\/www.pasadenahoy.com\/primero\/wp-content\/uploads\/2021\/08\/pic-4-5-300x162.jpg 300w, http:\/\/www.pasadenahoy.com\/primero\/wp-content\/uploads\/2021\/08\/pic-4-5-241x130.jpg 241w, http:\/\/www.pasadenahoy.com\/primero\/wp-content\/uploads\/2021\/08\/pic-4-5-333x180.jpg 333w, http:\/\/www.pasadenahoy.com\/primero\/wp-content\/uploads\/2021\/08\/pic-4-5-700x378.jpg 700w, http:\/\/www.pasadenahoy.com\/primero\/wp-content\/uploads\/2021\/08\/pic-4-5-360x195.jpg 360w, http:\/\/www.pasadenahoy.com\/primero\/wp-content\/uploads\/2021\/08\/pic-4-5-720x389.jpg 720w\" sizes=\"100vw\" \/><\/figure><\/figure>\n\n\n\n<p>Se requerir\u00eda mostrar prueba de vacunaci\u00f3n contra el coronavirus para ingresar a algunos espacios p\u00fablicos interiores en \u00e1reas no incorporadas del condado de Los \u00c1ngeles seg\u00fan una propuesta que recibir\u00e1 una revisi\u00f3n preliminar de la Junta de Supervisores el martes.<\/p>\n\n\n\n<p>La supervisora \u200b\u200bJanice Hahn redact\u00f3 la moci\u00f3n. Si se aprueba, se les pedir\u00e1 al personal y los abogados del condado que informen en dos semanas sobre c\u00f3mo podr\u00eda ser dicha pol\u00edtica, por ejemplo, si deber\u00eda aplicarse a todos los espacios p\u00fablicos y eventos interiores o solo a ciertos no esenciales, y si deber\u00eda requerir inmunizaci\u00f3n total o parcial.<\/p>\n\n\n\n<p>Tambi\u00e9n existe la cuesti\u00f3n de si se pueden utilizar registros en papel o digitales para verificar el estado de vacunaci\u00f3n de una persona.<\/p>\n\n\n\n<p>\u201cCasi 4 millones de personas en el condado de Los \u00c1ngeles a\u00fan no est\u00e1n vacunadas y COVID-19 contin\u00faa propag\u00e1ndose m\u00e1s f\u00e1cilmente en espacios interiores, multitudes y otros entornos donde las personas no vacunadas est\u00e1n en contacto cercano\u201d, escribi\u00f3 Hahn en su moci\u00f3n.<\/p>\n\n\n\n<p>&#8220;Para evitar la circulaci\u00f3n de nuevas variantes y aumentos repentinos en el futuro, especialmente a medida que nos acercamos al oto\u00f1o y al invierno, debemos considerar si son necesarias medidas adicionales, como los requisitos de vacunas para ciertos entornos&#8221;.<\/p>\n\n\n\n<p>La propuesta de Hahn viene inmediatamente despu\u00e9s de una moci\u00f3n similar que est\u00e1 siendo considerada por el Ayuntamiento de Los \u00c1ngeles. La moci\u00f3n de la ciudad requerir\u00eda al menos una vacunaci\u00f3n parcial para ingresar a espacios p\u00fablicos cerrados, incluidos restaurantes, gimnasios, salas de conciertos, cines y establecimientos minoristas.<\/p>\n\n\n\n<p>Tanto la ciudad como el condado est\u00e1n experimentando un aumento en el n\u00famero diario de nuevos casos de COVID-19, y la mayor\u00eda de las infecciones ocurren entre residentes no vacunados. El fuerte aumento de las infecciones durante los \u00faltimos dos meses se ha atribuido a la variante Delta del virus, altamente infecciosa.<\/p>\n\n\n\n<p>&#8220;Con el aumento de las pruebas, es probable que aumenten nuestros n\u00fameros de casos hasta que reduzcamos significativamente la transmisi\u00f3n en la comunidad&#8221;, dijo la directora de Salud P\u00fablica Barbara Ferrer la semana pasada.<\/p>\n\n\n\n<p>&#8220;\u2026 Si bien el enmascaramiento y cuarentena en interiores y el aislamiento de casos y contactos cercanos son estrategias efectivas para reducir la transmisi\u00f3n, la forma m\u00e1s r\u00e1pida de frenar la propagaci\u00f3n es aumentar la cobertura de vacunaci\u00f3n&#8221;.<\/p>\n\n\n\n<p>Se\u00f1al\u00f3 que el condado ha visto tres semanas consecutivas de aumentos en la cantidad de personas que reciben una primera dosis de vacuna, luego de meses de disminuciones.<\/p>\n\n\n\n<p>Ese aumento en las vacunas podr\u00eda deberse, en parte, a que el estado de California requiri\u00f3 recientemente que todos los trabajadores estatales se vacunen o se realicen pruebas con regularidad. El estado tambi\u00e9n exige vacunas para todos los trabajadores de la salud.<\/p>\n\n\n\n<p>Algunas ciudades, universidades e instituciones privadas tambi\u00e9n han exigido recientemente vacunas o pruebas peri\u00f3dicas para empleados y estudiantes.<\/p>\n\n\n\n<p>Aunque las personas vacunadas pueden infectarse con el virus, Ferrer dijo que es mucho menos probable que se enfermen gravemente o requieran hospitalizaci\u00f3n.<\/p>\n\n\n\n<p>Desde el 1 de mayo hasta el 17 de julio, las personas no vacunadas ten\u00edan casi cuatro veces m\u00e1s probabilidades de infectarse con COVID que los residentes vacunados, dijo Ferrer. De las 3,158 personas que fueron hospitalizadas en el condado durante ese per\u00edodo de tiempo, el 8% estaban completamente vacunadas. Tambi\u00e9n ha notado que algunos de los pacientes del hospital con COVID en realidad fueron admitidos por otras razones y solo descubrieron que estaban infectados durante el examen de admisi\u00f3n de rutina.<\/p>\n\n\n\n<p>Entre el 1 de abril y el 18 de julio, el 95,2% de las personas mayores de 16 a\u00f1os que murieron de COVID en el condado no estaban vacunadas, dijo Ferrer.<\/p>\n\n\n\n<p>La moci\u00f3n de Hahn se\u00f1ala que la ciudad de Nueva York ya ha implementado un mandato de vacuna para ingresar a ciertos negocios cerrados, incluidos restaurantes, lugares de entretenimiento y gimnasios.<\/p>\n\n\n\n<p>Seg\u00fan datos preliminares de la ciudad de Nueva York, el mandato ha sido eficaz para vacunar a m\u00e1s personas. La semana pasada, casi 80.000 neoyorquinos recibieron su primera dosis de la vacuna COVID-19, lo que supuso un aumento del 40% respecto al n\u00famero de residentes que recibieron su primera inyecci\u00f3n en la primera semana de julio, seg\u00fan la moci\u00f3n de Hahn.<\/p>\n\n\n\n<p>&#8220;Las vacunas siguen siendo la herramienta m\u00e1s poderosa en nuestro viaje de recuperaci\u00f3n, ya que aquellos que est\u00e1n completamente vacunados tienen un riesgo significativamente menor de enfermedad grave, hospitalizaci\u00f3n o muerte que aquellos que no est\u00e1n vacunados&#8221;, escribi\u00f3 Hahn en su moci\u00f3n.<\/p>\n","protected":false},"excerpt":{"rendered":"<p>Se requerir\u00eda mostrar prueba de vacunaci\u00f3n contra el coronavirus para ingresar a algunos espacios p\u00fablicos interiores en \u00e1reas no incorporadas del condado de Los \u00c1ngeles seg\u00fan una propuesta que recibir\u00e1 una revisi\u00f3n preliminar de la Junta de Supervisores el martes. La supervisora \u200b\u200bJanice Hahn redact\u00f3 la moci\u00f3n. Si se aprueba, se les pedir\u00e1 al personal y los abogados del condado que informen en dos semanas sobre c\u00f3mo podr\u00eda ser dicha pol\u00edtica, por ejemplo, si deber\u00eda aplicarse a todos los espacios [&hellip;]<\/p>\n","protected":false},"author":4,"featured_media":10310,"comment_status":"open","ping_status":"closed","sticky":false,"template":"","format":"standard","meta":[],"categories":[4],"tags":[],"acf":[],"_links":{"self":[{"href":"http:\/\/www.pasadenahoy.com\/primero\/wp-json\/wp\/v2\/posts\/10309"}],"collection":[{"href":"http:\/\/www.pasadenahoy.com\/primero\/wp-json\/wp\/v2\/posts"}],"about":[{"href":"http:\/\/www.pasadenahoy.com\/primero\/wp-json\/wp\/v2\/types\/post"}],"author":[{"embeddable":true,"href":"http:\/\/www.pasadenahoy.com\/primero\/wp-json\/wp\/v2\/users\/4"}],"replies":[{"embeddable":true,"href":"http:\/\/www.pasadenahoy.com\/primero\/wp-json\/wp\/v2\/comments?post=10309"}],"version-history":[{"count":2,"href":"http:\/\/www.pasadenahoy.com\/primero\/wp-json\/wp\/v2\/posts\/10309\/revisions"}],"predecessor-version":[{"id":10312,"href":"http:\/\/www.pasadenahoy.com\/primero\/wp-json\/wp\/v2\/posts\/10309\/revisions\/10312"}],"wp:featuredmedia":[{"embeddable":true,"href":"http:\/\/www.pasadenahoy.com\/primero\/wp-json\/wp\/v2\/media\/10310"}],"wp:attachment":[{"href":"http:\/\/www.pasadenahoy.com\/primero\/wp-json\/wp\/v2\/media?parent=10309"}],"wp:term":[{"taxonomy":"category","embeddable":true,"href":"http:\/\/www.pasadenahoy.com\/primero\/wp-json\/wp\/v2\/categories?post=10309"},{"taxonomy":"post_tag","embeddable":true,"href":"http:\/\/www.pasadenahoy.com\/primero\/wp-json\/wp\/v2\/tags?post=10309"}],"curies":[{"name":"wp","href":"https:\/\/api.w.org\/{rel}","templated":true}]}}