{"id":10323,"date":"2021-08-10T15:37:31","date_gmt":"2021-08-10T15:37:31","guid":{"rendered":"http:\/\/www.pasadenahoy.com\/primero\/?p=10323"},"modified":"2021-08-10T15:37:33","modified_gmt":"2021-08-10T15:37:33","slug":"mujer-acusada-de-agredir-a-tia-con-rock-en-pasadena","status":"publish","type":"post","link":"http:\/\/www.pasadenahoy.com\/primero\/la-comunidad\/mujer-acusada-de-agredir-a-tia-con-rock-en-pasadena\/","title":{"rendered":"Mujer acusada de agredir a t\u00eda con rock en Pasadena"},"content":{"rendered":"\n<figure class=\"wp-block-image alignnone size-large\"><figure class=\"alignnone\"><img loading=\"lazy\" width=\"740\" height=\"400\" src=\"http:\/\/www.pasadenahoy.com\/primero\/wp-content\/uploads\/2021\/08\/pic-7.png\" alt=\"\" class=\"wp-image-10324\" srcset=\"http:\/\/www.pasadenahoy.com\/primero\/wp-content\/uploads\/2021\/08\/pic-7.png 740w, http:\/\/www.pasadenahoy.com\/primero\/wp-content\/uploads\/2021\/08\/pic-7-300x162.png 300w, http:\/\/www.pasadenahoy.com\/primero\/wp-content\/uploads\/2021\/08\/pic-7-241x130.png 241w, http:\/\/www.pasadenahoy.com\/primero\/wp-content\/uploads\/2021\/08\/pic-7-333x180.png 333w, http:\/\/www.pasadenahoy.com\/primero\/wp-content\/uploads\/2021\/08\/pic-7-700x378.png 700w, http:\/\/www.pasadenahoy.com\/primero\/wp-content\/uploads\/2021\/08\/pic-7-360x195.png 360w, http:\/\/www.pasadenahoy.com\/primero\/wp-content\/uploads\/2021\/08\/pic-7-720x389.png 720w\" sizes=\"100vw\" \/><figcaption><span class=\"caption-text\">\u00a9 Colaboradores de OpenStreetMap<\/span><\/figcaption><\/figure><\/figure>\n\n\n\n<p>La polic\u00eda de Pasadena arrest\u00f3 a una mujer bajo sospecha de agresi\u00f3n con un arma mortal despu\u00e9s de que golpe\u00f3 a su t\u00eda en la cabeza con una gran piedra el domingo por la tarde, dijeron las autoridades.<\/p>\n\n\n\n<p>El incidente se desarroll\u00f3 alrededor de las 4:50 p.m. en una casa en la cuadra 1700 de la avenida El Sereno, dijo el teniente de la polic\u00eda de Pasadena, Sean Dawkins.<\/p>\n\n\n\n<p>La v\u00edctima, una mujer de unos 60 a\u00f1os, estaba sentada en su patio trasero cuando su sobrina de 26 a\u00f1os lleg\u00f3 a la casa, dijo Dawkins. La sobrina estaba molesta despu\u00e9s de haber sido expulsada de la casa varias semanas antes.<\/p>\n\n\n\n<p>Dawkins dijo que la sobrina le arroj\u00f3 objetos a su t\u00eda, incluida una piedra grande, que golpe\u00f3 a la v\u00edctima en la cabeza. El impacto result\u00f3 en una laceraci\u00f3n en la oreja de la v\u00edctima, pero ella no quiso ser hospitalizada.<\/p>\n\n\n\n<p>Los agentes que respondieron encontraron al sospechoso cerca y la arrestaron, dijo Dawkins. Fue identificada como Christina Marie Ham Evans, seg\u00fan la polic\u00eda y los registros de reserva del condado de Los \u00c1ngeles.<\/p>\n\n\n\n<p>La fianza para Evans se fij\u00f3 en $ 30,000 en espera de su comparecencia inicial en la corte, que a\u00fan no se hab\u00eda programado el lunes, seg\u00fan muestran los registros.<\/p>\n","protected":false},"excerpt":{"rendered":"<p>La polic\u00eda de Pasadena arrest\u00f3 a una mujer bajo sospecha de agresi\u00f3n con un arma mortal despu\u00e9s de que golpe\u00f3 a su t\u00eda en la cabeza con una gran piedra el domingo por la tarde, dijeron las autoridades. El incidente se desarroll\u00f3 alrededor de las 4:50 p.m. en una casa en la cuadra 1700 de la avenida El Sereno, dijo el teniente de la polic\u00eda de Pasadena, Sean Dawkins. La v\u00edctima, una mujer de unos 60 a\u00f1os, estaba sentada en [&hellip;]<\/p>\n","protected":false},"author":4,"featured_media":0,"comment_status":"open","ping_status":"closed","sticky":false,"template":"","format":"standard","meta":[],"categories":[4],"tags":[],"acf":[],"_links":{"self":[{"href":"http:\/\/www.pasadenahoy.com\/primero\/wp-json\/wp\/v2\/posts\/10323"}],"collection":[{"href":"http:\/\/www.pasadenahoy.com\/primero\/wp-json\/wp\/v2\/posts"}],"about":[{"href":"http:\/\/www.pasadenahoy.com\/primero\/wp-json\/wp\/v2\/types\/post"}],"author":[{"embeddable":true,"href":"http:\/\/www.pasadenahoy.com\/primero\/wp-json\/wp\/v2\/users\/4"}],"replies":[{"embeddable":true,"href":"http:\/\/www.pasadenahoy.com\/primero\/wp-json\/wp\/v2\/comments?post=10323"}],"version-history":[{"count":2,"href":"http:\/\/www.pasadenahoy.com\/primero\/wp-json\/wp\/v2\/posts\/10323\/revisions"}],"predecessor-version":[{"id":10326,"href":"http:\/\/www.pasadenahoy.com\/primero\/wp-json\/wp\/v2\/posts\/10323\/revisions\/10326"}],"wp:attachment":[{"href":"http:\/\/www.pasadenahoy.com\/primero\/wp-json\/wp\/v2\/media?parent=10323"}],"wp:term":[{"taxonomy":"category","embeddable":true,"href":"http:\/\/www.pasadenahoy.com\/primero\/wp-json\/wp\/v2\/categories?post=10323"},{"taxonomy":"post_tag","embeddable":true,"href":"http:\/\/www.pasadenahoy.com\/primero\/wp-json\/wp\/v2\/tags?post=10323"}],"curies":[{"name":"wp","href":"https:\/\/api.w.org\/{rel}","templated":true}]}}