{"id":10330,"date":"2021-08-16T16:00:50","date_gmt":"2021-08-16T16:00:50","guid":{"rendered":"http:\/\/www.pasadenahoy.com\/primero\/?p=10330"},"modified":"2021-08-16T16:04:13","modified_gmt":"2021-08-16T16:04:13","slug":"los-residentes-locales-se-reunen-un-ano-despues-del-tiroteo-de-mcclain","status":"publish","type":"post","link":"http:\/\/www.pasadenahoy.com\/primero\/la-comunidad\/los-residentes-locales-se-reunen-un-ano-despues-del-tiroteo-de-mcclain\/","title":{"rendered":"Los residentes locales se re\u00fanen un a\u00f1o despu\u00e9s del tiroteo de McClain"},"content":{"rendered":"\n<figure class=\"wp-block-image alignnone size-large\"><figure class=\"alignnone\"><img loading=\"lazy\" width=\"800\" height=\"428\" src=\"http:\/\/www.pasadenahoy.com\/primero\/wp-content\/uploads\/2021\/08\/pic-1-5.jpg\" alt=\"\" class=\"wp-image-10331\" srcset=\"http:\/\/www.pasadenahoy.com\/primero\/wp-content\/uploads\/2021\/08\/pic-1-5.jpg 800w, http:\/\/www.pasadenahoy.com\/primero\/wp-content\/uploads\/2021\/08\/pic-1-5-300x161.jpg 300w, http:\/\/www.pasadenahoy.com\/primero\/wp-content\/uploads\/2021\/08\/pic-1-5-768x411.jpg 768w, http:\/\/www.pasadenahoy.com\/primero\/wp-content\/uploads\/2021\/08\/pic-1-5-243x130.jpg 243w, http:\/\/www.pasadenahoy.com\/primero\/wp-content\/uploads\/2021\/08\/pic-1-5-336x180.jpg 336w, http:\/\/www.pasadenahoy.com\/primero\/wp-content\/uploads\/2021\/08\/pic-1-5-780x417.jpg 780w, http:\/\/www.pasadenahoy.com\/primero\/wp-content\/uploads\/2021\/08\/pic-1-5-700x375.jpg 700w, http:\/\/www.pasadenahoy.com\/primero\/wp-content\/uploads\/2021\/08\/pic-1-5-360x193.jpg 360w, http:\/\/www.pasadenahoy.com\/primero\/wp-content\/uploads\/2021\/08\/pic-1-5-720x385.jpg 720w\" sizes=\"100vw\" \/><figcaption><span class=\"caption-text\">Visita de familiares, amigos y simpatizantes y enciende una vela en el memorial de Anthoney McClain durante una vigilia para celebrar su vida en el primer aniversario de su muerte en Pintoresca Park en Pasadena el domingo 15 de agosto de 2021. (Foto de James Carbone)<\/span><\/figcaption><\/figure><\/figure>\n\n\n\n<p>Los residentes locales se reunieron el domingo en el parque La Pintoresca para conmemorar el primer aniversario de la muerte de Anthony McClain.<\/p>\n\n\n\n<p>McClain, un pasajero en un autom\u00f3vil detenido por la polic\u00eda, fue asesinado a tiros por un oficial de polic\u00eda de Pasadena el 15 de agosto de 2020 mientras hu\u00eda de la escena.<\/p>\n\n\n\n<p>Los abogados que representan a miembros de la familia han presentado varias demandas federales de derechos civiles.<\/p>\n\n\n\n<p>\u201cHoy hace un a\u00f1o, la polic\u00eda de Pasadena dispar\u00f3 fatalmente en la espalda a Anthony McClain. Anthony literalmente sali\u00f3 corriendo de sus zapatos tratando de escapar. NO era una amenaza \u201d, escribi\u00f3 el abogado Ben Crump en Twitter. &#8220;Debemos hacer justicia para #AnthonyMcClain&#8221;.<\/p>\n\n\n\n<p>McClain era un pasajero en un autom\u00f3vil que fue detenido por la polic\u00eda en agosto pasado en North Raymond Avenue cerca del parque La Pintoresca por no mostrar una placa frontal.<\/p>\n\n\n\n<p>Despu\u00e9s de que se les pidi\u00f3 al conductor y a McClain que salieran del autom\u00f3vil, McClain huy\u00f3 de los oficiales. La polic\u00eda dice que McClain se quit\u00f3 una pistola de la cintura mientras hu\u00eda, lo que provoc\u00f3 que el oficial Edwin Dumaguindin abriera fuego. McClain continu\u00f3 corriendo una corta distancia antes de arrojar una pistola al otro lado de la calle y colapsar, seg\u00fan la polic\u00eda.<\/p>\n\n\n\n<p>Algunos residentes locales dicen que no ven un arma en las im\u00e1genes de la c\u00e1mara del incidente.<\/p>\n\n\n\n<p>Los familiares de McClain han argumentado que el tiroteo fue injustificado.<\/p>\n\n\n\n<p>El ADN de McClain se recuper\u00f3 de una pistola que la polic\u00eda incaut\u00f3 en el lugar, dijeron los investigadores policiales. Pero los abogados de familia han cuestionado la evidencia.<\/p>\n\n\n\n<p>La ciudad ha integrado una comisi\u00f3n de supervisi\u00f3n policial comunitaria de 11 miembros.<\/p>\n\n\n\n<p>Actualmente ese panel todav\u00eda est\u00e1 en formaci\u00f3n.<\/p>\n\n\n\n<p>Los pedidos de una comisi\u00f3n de supervisi\u00f3n de la polic\u00eda civil se remontan a principios de la d\u00e9cada de 1990 despu\u00e9s de que la absoluci\u00f3n de los cuatro agentes de polic\u00eda de Los \u00c1ngeles que golpearon a Rodney King de Altadena en 1992 desencaden\u00f3 los disturbios de Los \u00c1ngeles.<\/p>\n\n\n\n<p>Despu\u00e9s de los disturbios, los residentes locales Meta McCullough y Karen Hooks Roon encabezaron los llamamientos para una comisi\u00f3n de supervisi\u00f3n civil, pero esos llamamientos cayeron en o\u00eddos sordos en el Ayuntamiento.<\/p>\n\n\n\n<p>Un a\u00f1o m\u00e1s tarde, la muerte del popular barbero local Michael Bryant, involucrado por un oficial, quien fue asesinado luego de una persecuci\u00f3n policial, reaviv\u00f3 el debate.<\/p>\n\n\n\n<p>El problema volvi\u00f3 despu\u00e9s de las muertes involucradas por oficiales de Maurice Clark y LaMont Robinson, quienes murieron con 10 d\u00edas de diferencia en incidentes involucrados por oficiales en 2004.<\/p>\n\n\n\n<p>El problema volvi\u00f3 a la superficie en 2012 luego de la muerte a tiros de Kendrec McDade, de 19 a\u00f1os, involucrada por un oficial.<\/p>\n\n\n\n<p>Ir\u00f3nicamente, un incidente en las afueras de Pasadena result\u00f3 ser un momento decisivo.<\/p>\n\n\n\n<p>Al igual que la paliza policial a Rodney King, la muerte del automovilista de Minnesota George Floyd oblig\u00f3 a muchos residentes blancos a reconocer los problemas policiales en el pa\u00eds y finalmente hizo que el Concejo Municipal aprobara una comisi\u00f3n de supervisi\u00f3n policial y un auditor policial independiente.<\/p>\n\n\n\n<p>El domingo, los activistas y los dolientes expresaron su pesar y preocupaci\u00f3n.<\/p>\n\n\n\n<p>&#8220;El dolor del asesinato de Anthony McClain todav\u00eda duele un a\u00f1o despu\u00e9s&#8221;, dijo el activista local Patrice Marshall McKenzie. \u201cLevantamos a sus hijos, familiares y amigos que contin\u00faan luchando con la p\u00e9rdida de su amado padre, hijo, hermano y sobrino. Esperamos que ninguna otra familia tenga que soportar una p\u00e9rdida como esta \u201d.<\/p>\n\n\n\n<p>El domingo, los residentes colocaron flores en un monumento a McClain, otros levantaron sus pu\u00f1os en solidaridad durante las oraciones.<\/p>\n","protected":false},"excerpt":{"rendered":"<p>Los residentes locales se reunieron el domingo en el parque La Pintoresca para conmemorar el primer aniversario de la muerte de Anthony McClain. McClain, un pasajero en un autom\u00f3vil detenido por la polic\u00eda, fue asesinado a tiros por un oficial de polic\u00eda de Pasadena el 15 de agosto de 2020 mientras hu\u00eda de la escena. Los abogados que representan a miembros de la familia han presentado varias demandas federales de derechos civiles. \u201cHoy hace un a\u00f1o, la polic\u00eda de Pasadena [&hellip;]<\/p>\n","protected":false},"author":4,"featured_media":10331,"comment_status":"open","ping_status":"closed","sticky":false,"template":"","format":"standard","meta":[],"categories":[4],"tags":[],"acf":[],"_links":{"self":[{"href":"http:\/\/www.pasadenahoy.com\/primero\/wp-json\/wp\/v2\/posts\/10330"}],"collection":[{"href":"http:\/\/www.pasadenahoy.com\/primero\/wp-json\/wp\/v2\/posts"}],"about":[{"href":"http:\/\/www.pasadenahoy.com\/primero\/wp-json\/wp\/v2\/types\/post"}],"author":[{"embeddable":true,"href":"http:\/\/www.pasadenahoy.com\/primero\/wp-json\/wp\/v2\/users\/4"}],"replies":[{"embeddable":true,"href":"http:\/\/www.pasadenahoy.com\/primero\/wp-json\/wp\/v2\/comments?post=10330"}],"version-history":[{"count":2,"href":"http:\/\/www.pasadenahoy.com\/primero\/wp-json\/wp\/v2\/posts\/10330\/revisions"}],"predecessor-version":[{"id":10334,"href":"http:\/\/www.pasadenahoy.com\/primero\/wp-json\/wp\/v2\/posts\/10330\/revisions\/10334"}],"wp:featuredmedia":[{"embeddable":true,"href":"http:\/\/www.pasadenahoy.com\/primero\/wp-json\/wp\/v2\/media\/10331"}],"wp:attachment":[{"href":"http:\/\/www.pasadenahoy.com\/primero\/wp-json\/wp\/v2\/media?parent=10330"}],"wp:term":[{"taxonomy":"category","embeddable":true,"href":"http:\/\/www.pasadenahoy.com\/primero\/wp-json\/wp\/v2\/categories?post=10330"},{"taxonomy":"post_tag","embeddable":true,"href":"http:\/\/www.pasadenahoy.com\/primero\/wp-json\/wp\/v2\/tags?post=10330"}],"curies":[{"name":"wp","href":"https:\/\/api.w.org\/{rel}","templated":true}]}}