{"id":10339,"date":"2021-08-16T16:19:26","date_gmt":"2021-08-16T16:19:26","guid":{"rendered":"http:\/\/www.pasadenahoy.com\/primero\/?p=10339"},"modified":"2021-08-16T16:19:28","modified_gmt":"2021-08-16T16:19:28","slug":"las-enmiendas-del-ayuntamiento-a-la-ordenanza-sobre-el-cannabis-permitiran-mas-dispensarios","status":"publish","type":"post","link":"http:\/\/www.pasadenahoy.com\/primero\/el-gobierno-local\/las-enmiendas-del-ayuntamiento-a-la-ordenanza-sobre-el-cannabis-permitiran-mas-dispensarios\/","title":{"rendered":"Las enmiendas del ayuntamiento a la ordenanza sobre el cannabis permitir\u00e1n m\u00e1s dispensarios"},"content":{"rendered":"\n<figure class=\"wp-block-image alignnone size-large\"><figure class=\"alignnone\"><img loading=\"lazy\" width=\"740\" height=\"400\" src=\"http:\/\/www.pasadenahoy.com\/primero\/wp-content\/uploads\/2021\/08\/pic3.jpg\" alt=\"\" class=\"wp-image-10340\" srcset=\"http:\/\/www.pasadenahoy.com\/primero\/wp-content\/uploads\/2021\/08\/pic3.jpg 740w, http:\/\/www.pasadenahoy.com\/primero\/wp-content\/uploads\/2021\/08\/pic3-300x162.jpg 300w, http:\/\/www.pasadenahoy.com\/primero\/wp-content\/uploads\/2021\/08\/pic3-241x130.jpg 241w, http:\/\/www.pasadenahoy.com\/primero\/wp-content\/uploads\/2021\/08\/pic3-333x180.jpg 333w, http:\/\/www.pasadenahoy.com\/primero\/wp-content\/uploads\/2021\/08\/pic3-700x378.jpg 700w, http:\/\/www.pasadenahoy.com\/primero\/wp-content\/uploads\/2021\/08\/pic3-360x195.jpg 360w, http:\/\/www.pasadenahoy.com\/primero\/wp-content\/uploads\/2021\/08\/pic3-720x389.jpg 720w\" sizes=\"100vw\" \/><\/figure><\/figure>\n\n\n\n<p>[ACTUALIZADO] El Ayuntamiento llevar\u00e1 a cabo la primera lectura de una ordenanza de cannabis enmendada que aumentar\u00e1 el n\u00famero de dispensarios permitidos en la ciudad y cambiar\u00e1 los requisitos de distancia entre esos puntos de venta.<\/p>\n\n\n\n<p>Las nuevas regulaciones permitir\u00e1n que el n\u00famero de minoristas de cannabis aumente de uno a tres en cada uno de los siete distritos del consejo de la ciudad y reducir\u00e1 la distancia requerida entre los minoristas de 1,000 pies a 450 pies.<\/p>\n\n\n\n<p>La semana pasada, un consejo dividido vot\u00f3 a favor de los cambios y los concejales John Kennedy, Felicia Williams y Gene Masuda se opusieron a la medida.<\/p>\n\n\n\n<p>\u201cEs discriminatorio. No hay afroamericanos o latinos en la cola para recibir una licencia \u201d, dijo Kennedy.<\/p>\n\n\n\n<p>Los afroamericanos y los latinos fueron los m\u00e1s afectados por las acciones de aplicaci\u00f3n de la ley por las actividades ilegales de cannabis durante d\u00e9cadas, pero ahora se est\u00e1n eliminando las ventajas econ\u00f3micas de vender cannabis legalmente en muchas comunidades.<\/p>\n\n\n\n<p>En Pasadena, cost\u00f3 $ 14,000 solo para ingresar al proceso de aprobaci\u00f3n de cannabis de la ciudad.<\/p>\n\n\n\n<p>No se espera que la ciudad considere implementar un programa de equidad social para el comercio de cannabis hasta el pr\u00f3ximo a\u00f1o.<\/p>\n\n\n\n<p>En 2018, los votantes aprobaron la Medida CC, que permite un m\u00e1ximo de seis dispensarios y requiere que cada tienda mantenga una distancia de otros dispensarios, as\u00ed como de iglesias, escuelas, bibliotecas y parques.<\/p>\n\n\n\n<p>En 2019, el consejo rechaz\u00f3 un esfuerzo por enmendar la ordenanza sobre el cannabis cuando present\u00f3 una moci\u00f3n que habr\u00eda cambiado la ley para permitir que hasta tres dispensarios funcionen en cada uno de los siete distritos del consejo de la ciudad.<\/p>\n\n\n\n<p>Durante esa audiencia, varios miembros del consejo expresaron su preocupaci\u00f3n de que cambiar la ordenanza ir\u00eda en contra de la voluntad de los votantes despu\u00e9s de que 41 personas enviaron correspondencia oponi\u00e9ndose al cambio.<\/p>\n\n\n\n<p>En esa reuni\u00f3n, se pidi\u00f3 al alcalde y a los miembros del consejo que revisaran la discusi\u00f3n sobre las regulaciones de cannabis de la ciudad una vez que tres minoristas de cannabis estuvieran operativos para que el personal pudiera evaluar los impactos en la ciudad y el mercado de cannabis.<\/p>\n\n\n\n<p>A pesar de la calificaci\u00f3n para devolver el art\u00edculo al consejo, tres minoristas de cannabis nunca han operado legalmente en la ciudad.<\/p>\n\n\n\n<p>Se han presentado al menos cuatro demandas fallidas contra la ciudad.<\/p>\n\n\n\n<p>Las enmiendas propuestas eliminar\u00edan esos l\u00edmites de distancia mediante la adopci\u00f3n de requisitos impuestos por el estado.<\/p>\n\n\n\n<p>La ciudad eligi\u00f3 seis dispensarios en 2019 para avanzar en su proceso con Integral, Atrium, Sweetflower, Medmen, Harvest y Tony Fong.<\/p>\n\n\n\n<p>Hasta ahora, solo dos de esos dispensarios, Integral y Tony Fong, han abierto. Seg\u00fan un informe del personal, Harvest tiene planes de abrir en el Distrito 3.<\/p>\n\n\n\n<p>Atrium, MedMen y Sweetflower intentaron sin \u00e9xito demandar a la ciudad despu\u00e9s de que no se les permiti\u00f3 avanzar en el proceso de aprobaci\u00f3n.<\/p>\n","protected":false},"excerpt":{"rendered":"<p>[ACTUALIZADO] El Ayuntamiento llevar\u00e1 a cabo la primera lectura de una ordenanza de cannabis enmendada que aumentar\u00e1 el n\u00famero de dispensarios permitidos en la ciudad y cambiar\u00e1 los requisitos de distancia entre esos puntos de venta. Las nuevas regulaciones permitir\u00e1n que el n\u00famero de minoristas de cannabis aumente de uno a tres en cada uno de los siete distritos del consejo de la ciudad y reducir\u00e1 la distancia requerida entre los minoristas de 1,000 pies a 450 pies. La semana [&hellip;]<\/p>\n","protected":false},"author":4,"featured_media":10340,"comment_status":"open","ping_status":"closed","sticky":false,"template":"","format":"standard","meta":[],"categories":[6],"tags":[],"acf":[],"_links":{"self":[{"href":"http:\/\/www.pasadenahoy.com\/primero\/wp-json\/wp\/v2\/posts\/10339"}],"collection":[{"href":"http:\/\/www.pasadenahoy.com\/primero\/wp-json\/wp\/v2\/posts"}],"about":[{"href":"http:\/\/www.pasadenahoy.com\/primero\/wp-json\/wp\/v2\/types\/post"}],"author":[{"embeddable":true,"href":"http:\/\/www.pasadenahoy.com\/primero\/wp-json\/wp\/v2\/users\/4"}],"replies":[{"embeddable":true,"href":"http:\/\/www.pasadenahoy.com\/primero\/wp-json\/wp\/v2\/comments?post=10339"}],"version-history":[{"count":2,"href":"http:\/\/www.pasadenahoy.com\/primero\/wp-json\/wp\/v2\/posts\/10339\/revisions"}],"predecessor-version":[{"id":10342,"href":"http:\/\/www.pasadenahoy.com\/primero\/wp-json\/wp\/v2\/posts\/10339\/revisions\/10342"}],"wp:featuredmedia":[{"embeddable":true,"href":"http:\/\/www.pasadenahoy.com\/primero\/wp-json\/wp\/v2\/media\/10340"}],"wp:attachment":[{"href":"http:\/\/www.pasadenahoy.com\/primero\/wp-json\/wp\/v2\/media?parent=10339"}],"wp:term":[{"taxonomy":"category","embeddable":true,"href":"http:\/\/www.pasadenahoy.com\/primero\/wp-json\/wp\/v2\/categories?post=10339"},{"taxonomy":"post_tag","embeddable":true,"href":"http:\/\/www.pasadenahoy.com\/primero\/wp-json\/wp\/v2\/tags?post=10339"}],"curies":[{"name":"wp","href":"https:\/\/api.w.org\/{rel}","templated":true}]}}