{"id":10347,"date":"2021-08-16T16:29:43","date_gmt":"2021-08-16T16:29:43","guid":{"rendered":"http:\/\/www.pasadenahoy.com\/primero\/?p=10347"},"modified":"2021-08-16T16:29:45","modified_gmt":"2021-08-16T16:29:45","slug":"el-ayuntamiento-debatira-la-ordenanza-que-limita-las-contribuciones-a-las-campanas-locales","status":"publish","type":"post","link":"http:\/\/www.pasadenahoy.com\/primero\/el-gobierno-local\/el-ayuntamiento-debatira-la-ordenanza-que-limita-las-contribuciones-a-las-campanas-locales\/","title":{"rendered":"El Ayuntamiento debatir\u00e1 la ordenanza que limita las contribuciones a las campa\u00f1as locales"},"content":{"rendered":"\n<figure class=\"wp-block-image alignnone size-large\"><figure class=\"alignnone\"><img loading=\"lazy\" width=\"740\" height=\"400\" src=\"http:\/\/www.pasadenahoy.com\/primero\/wp-content\/uploads\/2021\/08\/pic-5-3.jpg\" alt=\"\" class=\"wp-image-10348\" srcset=\"http:\/\/www.pasadenahoy.com\/primero\/wp-content\/uploads\/2021\/08\/pic-5-3.jpg 740w, http:\/\/www.pasadenahoy.com\/primero\/wp-content\/uploads\/2021\/08\/pic-5-3-300x162.jpg 300w, http:\/\/www.pasadenahoy.com\/primero\/wp-content\/uploads\/2021\/08\/pic-5-3-241x130.jpg 241w, http:\/\/www.pasadenahoy.com\/primero\/wp-content\/uploads\/2021\/08\/pic-5-3-333x180.jpg 333w, http:\/\/www.pasadenahoy.com\/primero\/wp-content\/uploads\/2021\/08\/pic-5-3-700x378.jpg 700w, http:\/\/www.pasadenahoy.com\/primero\/wp-content\/uploads\/2021\/08\/pic-5-3-360x195.jpg 360w, http:\/\/www.pasadenahoy.com\/primero\/wp-content\/uploads\/2021\/08\/pic-5-3-720x389.jpg 720w\" sizes=\"100vw\" \/><\/figure><\/figure>\n\n\n\n<p>\u00bfDeber\u00edan limitarse las contribuciones a las campa\u00f1as pol\u00edticas locales?<\/p>\n\n\n\n<p>Esa es una pregunta que el Concejo Municipal intentar\u00e1 responder el lunes cuando los miembros discutan una ordenanza que establecer\u00eda l\u00edmites a las contribuciones de campa\u00f1a.<\/p>\n\n\n\n<p>De acuerdo con el Proyecto de Ley 571 de la Asamblea, a partir del 1 de enero de 2021, los l\u00edmites de contribuci\u00f3n de la campa\u00f1a estatal se aplican a los candidatos de la ciudad y el condado cuando la ciudad o el condado no ha promulgado un l\u00edmite de contribuci\u00f3n para dichos candidatos.<\/p>\n\n\n\n<p>El l\u00edmite predeterminado para las contribuciones a los candidatos de la ciudad y el condado sujetos a AB 571 para 2021-22 se establece en $ 4,900 por individuo durante una elecci\u00f3n.<\/p>\n\n\n\n<p>Actualmente, Pasadena no tiene l\u00edmite en la financiaci\u00f3n de campa\u00f1as.<\/p>\n\n\n\n<p>En algunas contiendas disputadas por el Concejo Municipal, los candidatos han recaudado m\u00e1s de $ 100,000 y $ 250,000 en contiendas por la alcald\u00eda.<\/p>\n\n\n\n<p>El 28 de junio, un comit\u00e9 ad hoc compuesto por el alcalde Victor Gordo y los concejales Steve Madison y Felicia Williams se reuni\u00f3 con la fiscal municipal Michele Bagneris y el secretario municipal Mark Jomsky para discutir el tema.<\/p>\n\n\n\n<p>El comit\u00e9 ad hoc decidi\u00f3 que el Ayuntamiento en pleno considerara una ordenanza local con respecto a los l\u00edmites de financiaci\u00f3n de campa\u00f1as para el Ayuntamiento.<\/p>\n\n\n\n<p>Las tres opciones consideradas, seg\u00fan un informe del personal incluido en la agenda del Ayuntamiento del lunes, son:<\/p>\n\n\n\n<p>Una ordenanza que establece que no habr\u00e1 l\u00edmites en d\u00f3lares para las contribuciones de financiamiento de campa\u00f1as locales, lo cual es consistente con lo que ha existido hist\u00f3ricamente en Pasadena antes de AB 571.<br>Una ordenanza que establece l\u00edmites de financiamiento de campa\u00f1as locales que son diferentes de los l\u00edmites estatales. Esto requerir\u00eda una discusi\u00f3n sobre qu\u00e9 l\u00edmites establecer, c\u00f3mo se har\u00edan cumplir dichos l\u00edmites, cualquier ajuste que pudiera ocurrir con el tiempo (como aumentos del \u00edndice de precios al consumidor) y cualquier consecuencia no intencional creada por los l\u00edmites de contribuci\u00f3n de la campa\u00f1a, como un aumento en los gastos independientes. , lo que puede resultar en una menor divulgaci\u00f3n y menor transparencia con respecto a la fuente de las contribuciones pol\u00edticas.<br>Por defecto a los l\u00edmites estatales para las contribuciones para los candidatos de la ciudad seg\u00fan lo establecido por AB 571, que actualmente es de $ 4,900 por elecci\u00f3n de una sola fuente.<br>Actualmente, AB 571 est\u00e1 en vigor ya que el consejo no ha promulgado una ordenanza local.<\/p>\n\n\n\n<p>La Comisi\u00f3n de Pr\u00e1cticas Pol\u00edticas Justas no es responsable de la administraci\u00f3n o aplicaci\u00f3n de un l\u00edmite de contribuci\u00f3n.<\/p>\n\n\n\n<p>Si el Concejo Municipal estableciera un l\u00edmite en d\u00f3lares diferente del l\u00edmite estatal, ser\u00eda responsabilidad de la ciudad hacer cumplir las violaciones de los l\u00edmites de contribuci\u00f3n locales.<\/p>\n\n\n\n<p>Los Distritos 3, 5 y 7 del Concejo Municipal est\u00e1n programados para ser impugnados en el pr\u00f3ximo ciclo de elecciones.<\/p>\n\n\n\n<p>El per\u00edodo oficial de nominaciones para las elecciones del 7 de junio comienza el 14 de febrero.<\/p>\n","protected":false},"excerpt":{"rendered":"<p>\u00bfDeber\u00edan limitarse las contribuciones a las campa\u00f1as pol\u00edticas locales? Esa es una pregunta que el Concejo Municipal intentar\u00e1 responder el lunes cuando los miembros discutan una ordenanza que establecer\u00eda l\u00edmites a las contribuciones de campa\u00f1a. De acuerdo con el Proyecto de Ley 571 de la Asamblea, a partir del 1 de enero de 2021, los l\u00edmites de contribuci\u00f3n de la campa\u00f1a estatal se aplican a los candidatos de la ciudad y el condado cuando la ciudad o el condado no [&hellip;]<\/p>\n","protected":false},"author":4,"featured_media":0,"comment_status":"open","ping_status":"closed","sticky":false,"template":"","format":"standard","meta":[],"categories":[6],"tags":[],"acf":[],"_links":{"self":[{"href":"http:\/\/www.pasadenahoy.com\/primero\/wp-json\/wp\/v2\/posts\/10347"}],"collection":[{"href":"http:\/\/www.pasadenahoy.com\/primero\/wp-json\/wp\/v2\/posts"}],"about":[{"href":"http:\/\/www.pasadenahoy.com\/primero\/wp-json\/wp\/v2\/types\/post"}],"author":[{"embeddable":true,"href":"http:\/\/www.pasadenahoy.com\/primero\/wp-json\/wp\/v2\/users\/4"}],"replies":[{"embeddable":true,"href":"http:\/\/www.pasadenahoy.com\/primero\/wp-json\/wp\/v2\/comments?post=10347"}],"version-history":[{"count":2,"href":"http:\/\/www.pasadenahoy.com\/primero\/wp-json\/wp\/v2\/posts\/10347\/revisions"}],"predecessor-version":[{"id":10350,"href":"http:\/\/www.pasadenahoy.com\/primero\/wp-json\/wp\/v2\/posts\/10347\/revisions\/10350"}],"wp:attachment":[{"href":"http:\/\/www.pasadenahoy.com\/primero\/wp-json\/wp\/v2\/media?parent=10347"}],"wp:term":[{"taxonomy":"category","embeddable":true,"href":"http:\/\/www.pasadenahoy.com\/primero\/wp-json\/wp\/v2\/categories?post=10347"},{"taxonomy":"post_tag","embeddable":true,"href":"http:\/\/www.pasadenahoy.com\/primero\/wp-json\/wp\/v2\/tags?post=10347"}],"curies":[{"name":"wp","href":"https:\/\/api.w.org\/{rel}","templated":true}]}}