{"id":10351,"date":"2021-08-16T16:33:17","date_gmt":"2021-08-16T16:33:17","guid":{"rendered":"http:\/\/www.pasadenahoy.com\/primero\/?p=10351"},"modified":"2021-08-16T16:33:19","modified_gmt":"2021-08-16T16:33:19","slug":"congresista-local-califica-la-caida-del-gobierno-afgano-como-desgarradora","status":"publish","type":"post","link":"http:\/\/www.pasadenahoy.com\/primero\/el-gobierno-local\/congresista-local-califica-la-caida-del-gobierno-afgano-como-desgarradora\/","title":{"rendered":"Congresista local califica la ca\u00edda del gobierno afgano como &#8220;desgarradora&#8221;"},"content":{"rendered":"\n<figure class=\"wp-block-image alignnone size-large\"><figure class=\"alignnone\"><img loading=\"lazy\" width=\"740\" height=\"400\" src=\"http:\/\/www.pasadenahoy.com\/primero\/wp-content\/uploads\/2021\/08\/pic-6-6.jpg\" alt=\"\" class=\"wp-image-10352\" srcset=\"http:\/\/www.pasadenahoy.com\/primero\/wp-content\/uploads\/2021\/08\/pic-6-6.jpg 740w, http:\/\/www.pasadenahoy.com\/primero\/wp-content\/uploads\/2021\/08\/pic-6-6-300x162.jpg 300w, http:\/\/www.pasadenahoy.com\/primero\/wp-content\/uploads\/2021\/08\/pic-6-6-241x130.jpg 241w, http:\/\/www.pasadenahoy.com\/primero\/wp-content\/uploads\/2021\/08\/pic-6-6-333x180.jpg 333w, http:\/\/www.pasadenahoy.com\/primero\/wp-content\/uploads\/2021\/08\/pic-6-6-700x378.jpg 700w, http:\/\/www.pasadenahoy.com\/primero\/wp-content\/uploads\/2021\/08\/pic-6-6-360x195.jpg 360w, http:\/\/www.pasadenahoy.com\/primero\/wp-content\/uploads\/2021\/08\/pic-6-6-720x389.jpg 720w\" sizes=\"100vw\" \/><figcaption><span class=\"caption-text\">Representante Adam Schiff<\/span><\/figcaption><\/figure><\/figure>\n\n\n\n<p>El congresista de Pasadena Adam Schiff, presidente del Comit\u00e9 de Inteligencia de la C\u00e1mara de Representantes, calific\u00f3 la situaci\u00f3n en Afganist\u00e1n de \u201ctr\u00e1gica\u201d en un comunicado el domingo.<\/p>\n\n\n\n<p>\u201cEstados Unidos fue a la guerra en Afganist\u00e1n despu\u00e9s del 11 de septiembre para matar al cerebro de ese asalto mortal y reducir la amenaza de otro ataque en nuestro suelo. En esto tuvimos \u00e9xito, pero tuvo un gran costo para nuestros valientes miembros del servicio y sus familias \u201d, dijo Schiff. \u201cLes debemos una deuda que nunca podremos pagar.<\/p>\n\n\n\n<p>\u201cEs desgarrador ver la ca\u00edda precipitada del gobierno afgano despu\u00e9s de que tantos estadounidenses se sacrificaran durante dos d\u00e9cadas en un intento por construir un futuro diferente para el pueblo afgano. Despu\u00e9s de un compromiso militar estadounidense tan prolongado, la presencia continua de miles de tropas estadounidenses era insostenible y no habr\u00eda dado lugar a un resultado diferente dentro de unos a\u00f1os. Y a\u00fan as\u00ed, aunque era previsible una toma de posesi\u00f3n del pa\u00eds por los talibanes, ha tenido lugar con una velocidad tr\u00e1gica e impresionante \u201d.<\/p>\n\n\n\n<p>Schiff dijo que la tarea m\u00e1s inminente es sacar a las tropas estadounidenses, el personal diplom\u00e1tico y los ciudadanos de Afganist\u00e1n de manera segura.<\/p>\n\n\n\n<p>\u201cY, como he dicho durante a\u00f1os, tenemos la obligaci\u00f3n de proteger a los socios afganos que sirvieron y se sacrificaron junto a nosotros, as\u00ed como a otras personas en riesgo inminente, como periodistas, funcionarios p\u00fablicos y defensores de la sociedad civil, especialmente las mujeres que pueden ser objeto de violencia por parte de los talibanes por su activismo \u201d, dijo.<\/p>\n\n\n\n<p>Al decir que no ser\u00e1 f\u00e1cil, Schiff dijo que cree que la administraci\u00f3n de Biden debe destinar recursos significativos hacia la evacuaci\u00f3n segura de estos afganos vulnerables y continuar brindando v\u00edas para el reasentamiento en los a\u00f1os siguientes.<\/p>\n\n\n\n<p>&#8220;El Comit\u00e9 de Inteligencia de la C\u00e1mara de Representantes celebrar\u00e1 pronto una sesi\u00f3n informativa clasificada para los miembros&#8221;, dijo Schiff.<\/p>\n","protected":false},"excerpt":{"rendered":"<p>El congresista de Pasadena Adam Schiff, presidente del Comit\u00e9 de Inteligencia de la C\u00e1mara de Representantes, calific\u00f3 la situaci\u00f3n en Afganist\u00e1n de \u201ctr\u00e1gica\u201d en un comunicado el domingo. \u201cEstados Unidos fue a la guerra en Afganist\u00e1n despu\u00e9s del 11 de septiembre para matar al cerebro de ese asalto mortal y reducir la amenaza de otro ataque en nuestro suelo. En esto tuvimos \u00e9xito, pero tuvo un gran costo para nuestros valientes miembros del servicio y sus familias \u201d, dijo Schiff. [&hellip;]<\/p>\n","protected":false},"author":4,"featured_media":0,"comment_status":"open","ping_status":"closed","sticky":false,"template":"","format":"standard","meta":[],"categories":[6],"tags":[],"acf":[],"_links":{"self":[{"href":"http:\/\/www.pasadenahoy.com\/primero\/wp-json\/wp\/v2\/posts\/10351"}],"collection":[{"href":"http:\/\/www.pasadenahoy.com\/primero\/wp-json\/wp\/v2\/posts"}],"about":[{"href":"http:\/\/www.pasadenahoy.com\/primero\/wp-json\/wp\/v2\/types\/post"}],"author":[{"embeddable":true,"href":"http:\/\/www.pasadenahoy.com\/primero\/wp-json\/wp\/v2\/users\/4"}],"replies":[{"embeddable":true,"href":"http:\/\/www.pasadenahoy.com\/primero\/wp-json\/wp\/v2\/comments?post=10351"}],"version-history":[{"count":2,"href":"http:\/\/www.pasadenahoy.com\/primero\/wp-json\/wp\/v2\/posts\/10351\/revisions"}],"predecessor-version":[{"id":10354,"href":"http:\/\/www.pasadenahoy.com\/primero\/wp-json\/wp\/v2\/posts\/10351\/revisions\/10354"}],"wp:attachment":[{"href":"http:\/\/www.pasadenahoy.com\/primero\/wp-json\/wp\/v2\/media?parent=10351"}],"wp:term":[{"taxonomy":"category","embeddable":true,"href":"http:\/\/www.pasadenahoy.com\/primero\/wp-json\/wp\/v2\/categories?post=10351"},{"taxonomy":"post_tag","embeddable":true,"href":"http:\/\/www.pasadenahoy.com\/primero\/wp-json\/wp\/v2\/tags?post=10351"}],"curies":[{"name":"wp","href":"https:\/\/api.w.org\/{rel}","templated":true}]}}