{"id":10355,"date":"2021-08-16T16:37:48","date_gmt":"2021-08-16T16:37:48","guid":{"rendered":"http:\/\/www.pasadenahoy.com\/primero\/?p=10355"},"modified":"2021-08-16T16:37:50","modified_gmt":"2021-08-16T16:37:50","slug":"motociclista-herido-en-colision-de-pasadena","status":"publish","type":"post","link":"http:\/\/www.pasadenahoy.com\/primero\/la-comunidad\/motociclista-herido-en-colision-de-pasadena\/","title":{"rendered":"Motociclista herido en colisi\u00f3n de Pasadena"},"content":{"rendered":"\n<figure class=\"wp-block-image alignnone size-large\"><figure class=\"alignnone\"><img loading=\"lazy\" width=\"740\" height=\"400\" src=\"http:\/\/www.pasadenahoy.com\/primero\/wp-content\/uploads\/2021\/08\/pic7.png\" alt=\"\" class=\"wp-image-10356\" srcset=\"http:\/\/www.pasadenahoy.com\/primero\/wp-content\/uploads\/2021\/08\/pic7.png 740w, http:\/\/www.pasadenahoy.com\/primero\/wp-content\/uploads\/2021\/08\/pic7-300x162.png 300w, http:\/\/www.pasadenahoy.com\/primero\/wp-content\/uploads\/2021\/08\/pic7-241x130.png 241w, http:\/\/www.pasadenahoy.com\/primero\/wp-content\/uploads\/2021\/08\/pic7-333x180.png 333w, http:\/\/www.pasadenahoy.com\/primero\/wp-content\/uploads\/2021\/08\/pic7-700x378.png 700w, http:\/\/www.pasadenahoy.com\/primero\/wp-content\/uploads\/2021\/08\/pic7-360x195.png 360w, http:\/\/www.pasadenahoy.com\/primero\/wp-content\/uploads\/2021\/08\/pic7-720x389.png 720w\" sizes=\"100vw\" \/><\/figure><\/figure>\n\n\n\n<p>Un motociclista sufri\u00f3 lesiones, incluidas posibles fracturas de huesos, en una colisi\u00f3n con un autom\u00f3vil a lo largo de Colorado Boulevard el domingo por la tarde, dijeron las autoridades.<\/p>\n\n\n\n<p>El accidente se inform\u00f3 poco despu\u00e9s de las 4 p.m. en Colorado Boulevard y Meridith Avenue, dijo el teniente Mario Ortiz de la polic\u00eda de Pasadena.<\/p>\n\n\n\n<p>La investigaci\u00f3n inicial indic\u00f3 que un autom\u00f3vil gir\u00f3 a la izquierda frente a la motocicleta que se aproximaba, lo que provoc\u00f3 un choque, dijo.<\/p>\n\n\n\n<p>El motociclista fue trasladado a un hospital para recibir tratamiento por lesiones que se cre\u00edan importantes, pero que no pon\u00edan en peligro su vida.<\/p>\n\n\n\n<p>La polic\u00eda dijo que el conductor involucrado permaneci\u00f3 en el lugar y cooper\u00f3.<\/p>\n\n\n\n<p>No hubo m\u00e1s detalles disponibles.<\/p>\n","protected":false},"excerpt":{"rendered":"<p>Un motociclista sufri\u00f3 lesiones, incluidas posibles fracturas de huesos, en una colisi\u00f3n con un autom\u00f3vil a lo largo de Colorado Boulevard el domingo por la tarde, dijeron las autoridades. El accidente se inform\u00f3 poco despu\u00e9s de las 4 p.m. en Colorado Boulevard y Meridith Avenue, dijo el teniente Mario Ortiz de la polic\u00eda de Pasadena. La investigaci\u00f3n inicial indic\u00f3 que un autom\u00f3vil gir\u00f3 a la izquierda frente a la motocicleta que se aproximaba, lo que provoc\u00f3 un choque, dijo. El [&hellip;]<\/p>\n","protected":false},"author":4,"featured_media":0,"comment_status":"open","ping_status":"closed","sticky":false,"template":"","format":"standard","meta":[],"categories":[4],"tags":[],"acf":[],"_links":{"self":[{"href":"http:\/\/www.pasadenahoy.com\/primero\/wp-json\/wp\/v2\/posts\/10355"}],"collection":[{"href":"http:\/\/www.pasadenahoy.com\/primero\/wp-json\/wp\/v2\/posts"}],"about":[{"href":"http:\/\/www.pasadenahoy.com\/primero\/wp-json\/wp\/v2\/types\/post"}],"author":[{"embeddable":true,"href":"http:\/\/www.pasadenahoy.com\/primero\/wp-json\/wp\/v2\/users\/4"}],"replies":[{"embeddable":true,"href":"http:\/\/www.pasadenahoy.com\/primero\/wp-json\/wp\/v2\/comments?post=10355"}],"version-history":[{"count":2,"href":"http:\/\/www.pasadenahoy.com\/primero\/wp-json\/wp\/v2\/posts\/10355\/revisions"}],"predecessor-version":[{"id":10358,"href":"http:\/\/www.pasadenahoy.com\/primero\/wp-json\/wp\/v2\/posts\/10355\/revisions\/10358"}],"wp:attachment":[{"href":"http:\/\/www.pasadenahoy.com\/primero\/wp-json\/wp\/v2\/media?parent=10355"}],"wp:term":[{"taxonomy":"category","embeddable":true,"href":"http:\/\/www.pasadenahoy.com\/primero\/wp-json\/wp\/v2\/categories?post=10355"},{"taxonomy":"post_tag","embeddable":true,"href":"http:\/\/www.pasadenahoy.com\/primero\/wp-json\/wp\/v2\/tags?post=10355"}],"curies":[{"name":"wp","href":"https:\/\/api.w.org\/{rel}","templated":true}]}}