{"id":10375,"date":"2021-08-17T15:02:57","date_gmt":"2021-08-17T15:02:57","guid":{"rendered":"http:\/\/www.pasadenahoy.com\/primero\/?p=10375"},"modified":"2021-08-17T15:02:59","modified_gmt":"2021-08-17T15:02:59","slug":"la-nueva-orden-de-salud-requiere-mascaras-en-los-megaeventos-al-aire-libre","status":"publish","type":"post","link":"http:\/\/www.pasadenahoy.com\/primero\/la-comunidad\/la-nueva-orden-de-salud-requiere-mascaras-en-los-megaeventos-al-aire-libre\/","title":{"rendered":"La nueva orden de salud requiere m\u00e1scaras en los megaeventos al aire libre"},"content":{"rendered":"\n<figure class=\"wp-block-image alignnone size-large\"><figure class=\"alignnone\"><img loading=\"lazy\" width=\"740\" height=\"400\" src=\"http:\/\/www.pasadenahoy.com\/primero\/wp-content\/uploads\/2021\/08\/pic-1-6.jpg\" alt=\"\" class=\"wp-image-10376\" srcset=\"http:\/\/www.pasadenahoy.com\/primero\/wp-content\/uploads\/2021\/08\/pic-1-6.jpg 740w, http:\/\/www.pasadenahoy.com\/primero\/wp-content\/uploads\/2021\/08\/pic-1-6-300x162.jpg 300w, http:\/\/www.pasadenahoy.com\/primero\/wp-content\/uploads\/2021\/08\/pic-1-6-241x130.jpg 241w, http:\/\/www.pasadenahoy.com\/primero\/wp-content\/uploads\/2021\/08\/pic-1-6-333x180.jpg 333w, http:\/\/www.pasadenahoy.com\/primero\/wp-content\/uploads\/2021\/08\/pic-1-6-700x378.jpg 700w, http:\/\/www.pasadenahoy.com\/primero\/wp-content\/uploads\/2021\/08\/pic-1-6-360x195.jpg 360w, http:\/\/www.pasadenahoy.com\/primero\/wp-content\/uploads\/2021\/08\/pic-1-6-720x389.jpg 720w\" sizes=\"100vw\" \/><\/figure><\/figure>\n\n\n\n<p>Seg\u00fan una nueva orden de salud del condado de Los \u00c1ngeles, a las 11:59 p.m. Se requerir\u00e1n m\u00e1scaras faciales el 18 de agosto en todos los megaeventos al aire libre, excepto para comer.<\/p>\n\n\n\n<p>La orden de salud espec\u00edfica de Pasadena se est\u00e1 finalizando y entrar\u00e1 en vigencia a la medianoche de este jueves. Se espera que afecte a una serie de eventos en el Rose Bowl en particular, incluidos los espectadores de f\u00fatbol de UCLA.<\/p>\n\n\n\n<p>Seg\u00fan la orden del condado, los casos de COVID-19 y las tasas de positividad contin\u00faan aumentando.<\/p>\n\n\n\n<p>Los expertos en salud contin\u00faan luchando contra la variante delta m\u00e1s contagiosa del coronavirus, y millones de personas siguen sin vacunarse.<\/p>\n\n\n\n<p>A nivel local, 34 personas que luchan contra el virus han sido ingresadas en el Huntington Hospital y ocho de ellas est\u00e1n en la Unidad de Cuidados Intensivos.<\/p>\n\n\n\n<p>\u201cTodav\u00eda estamos experimentando un aumento repentino\u201d, dijo el lunes el Director de Salud P\u00fablica, el Dr. Ying-Ying Goh, al Concejo Municipal. &#8220;Estamos en el mismo nivel alto de transmisi\u00f3n que el condado de Los \u00c1ngeles y Long Beach&#8221;.<\/p>\n\n\n\n<p>Seg\u00fan Goh, la tasa de casos locales ha aumentado a 31 nuevos casos por d\u00eda desde el 4 de julio.<\/p>\n\n\n\n<p>Ning\u00fan residente completamente vacunado ha muerto por el virus en Pasadena.<\/p>\n\n\n\n<p>Los residentes no vacunados tienen 3,5 veces m\u00e1s probabilidades que los residentes vacunados de contraer el virus.<\/p>\n\n\n\n<p>Las cifras del condado muestran que la gran mayor\u00eda de las personas hospitalizadas con COVID no est\u00e1n vacunadas. Durante el mes de julio, los residentes vacunados representaron solo el 13% de las personas hospitalizadas con el virus.<\/p>\n\n\n\n<p>Seg\u00fan el departamento de salud, las tasas de infecci\u00f3n muestran que las personas no vacunadas tienen casi cuatro veces m\u00e1s probabilidades de infectarse con COVID-19. La tasa de casos para las personas no vacunadas es de 243 casos por cada 100.000 personas, mientras que la tasa de casos para las personas completamente vacunadas es de 66 casos por cada 100.000 personas.<\/p>\n\n\n\n<p>Las personas vacunadas tienen aproximadamente 14 veces menos probabilidades de ser hospitalizadas que sus contrapartes no vacunadas o parcialmente vacunadas, dijeron funcionarios de salud.<\/p>\n\n\n\n<p>Con la bendici\u00f3n recientemente otorgada por el gobierno federal, los funcionarios de salud del condado de Los \u00c1ngeles comenzaron a ofrecer terceras dosis de las vacunas Pfizer y Moderna COVID-19 el s\u00e1bado para personas con sistemas inmunol\u00f3gicos gravemente comprometidos.<\/p>\n\n\n\n<p>Entre los que califican para las vacunas de refuerzo se encuentran los receptores de trasplantes de \u00f3rganos, las personas que se someten a un tratamiento contra el c\u00e1ncer, los pacientes con VIH y las personas que toman &#8220;medicamentos inmunosupresores&#8221; selectos.<\/p>\n\n\n\n<p>El departamento de salud inst\u00f3 a las personas a consultar a sus m\u00e9dicos para confirmar su elegibilidad para la tercera inyecci\u00f3n, que debe administrarse al menos 28 d\u00edas despu\u00e9s de la segunda dosis.<\/p>\n\n\n\n<p>Las terceras dosis se ofrecen en los lugares de vacunaci\u00f3n del condado que ofrecen las vacunas Pfizer y Moderna. Las personas que busquen las vacunas podr\u00e1n simplemente &#8220;dar fe de s\u00ed mismas&#8221; de que tienen una afecci\u00f3n m\u00e9dica que los califique.<\/p>\n\n\n\n<p>Las vacunas de refuerzo recibieron la aprobaci\u00f3n final la semana pasada de la Administraci\u00f3n de Alimentos y Medicamentos de EE. UU. Y los Centros para el Control y la Prevenci\u00f3n de Enfermedades.<\/p>\n","protected":false},"excerpt":{"rendered":"<p>Seg\u00fan una nueva orden de salud del condado de Los \u00c1ngeles, a las 11:59 p.m. Se requerir\u00e1n m\u00e1scaras faciales el 18 de agosto en todos los megaeventos al aire libre, excepto para comer. La orden de salud espec\u00edfica de Pasadena se est\u00e1 finalizando y entrar\u00e1 en vigencia a la medianoche de este jueves. Se espera que afecte a una serie de eventos en el Rose Bowl en particular, incluidos los espectadores de f\u00fatbol de UCLA. Seg\u00fan la orden del condado, [&hellip;]<\/p>\n","protected":false},"author":4,"featured_media":10376,"comment_status":"open","ping_status":"closed","sticky":false,"template":"","format":"standard","meta":[],"categories":[4],"tags":[],"acf":[],"_links":{"self":[{"href":"http:\/\/www.pasadenahoy.com\/primero\/wp-json\/wp\/v2\/posts\/10375"}],"collection":[{"href":"http:\/\/www.pasadenahoy.com\/primero\/wp-json\/wp\/v2\/posts"}],"about":[{"href":"http:\/\/www.pasadenahoy.com\/primero\/wp-json\/wp\/v2\/types\/post"}],"author":[{"embeddable":true,"href":"http:\/\/www.pasadenahoy.com\/primero\/wp-json\/wp\/v2\/users\/4"}],"replies":[{"embeddable":true,"href":"http:\/\/www.pasadenahoy.com\/primero\/wp-json\/wp\/v2\/comments?post=10375"}],"version-history":[{"count":2,"href":"http:\/\/www.pasadenahoy.com\/primero\/wp-json\/wp\/v2\/posts\/10375\/revisions"}],"predecessor-version":[{"id":10378,"href":"http:\/\/www.pasadenahoy.com\/primero\/wp-json\/wp\/v2\/posts\/10375\/revisions\/10378"}],"wp:featuredmedia":[{"embeddable":true,"href":"http:\/\/www.pasadenahoy.com\/primero\/wp-json\/wp\/v2\/media\/10376"}],"wp:attachment":[{"href":"http:\/\/www.pasadenahoy.com\/primero\/wp-json\/wp\/v2\/media?parent=10375"}],"wp:term":[{"taxonomy":"category","embeddable":true,"href":"http:\/\/www.pasadenahoy.com\/primero\/wp-json\/wp\/v2\/categories?post=10375"},{"taxonomy":"post_tag","embeddable":true,"href":"http:\/\/www.pasadenahoy.com\/primero\/wp-json\/wp\/v2\/tags?post=10375"}],"curies":[{"name":"wp","href":"https:\/\/api.w.org\/{rel}","templated":true}]}}