{"id":10379,"date":"2021-08-17T15:09:28","date_gmt":"2021-08-17T15:09:28","guid":{"rendered":"http:\/\/www.pasadenahoy.com\/primero\/?p=10379"},"modified":"2021-08-17T15:41:16","modified_gmt":"2021-08-17T15:41:16","slug":"director-de-salud-la-ciudad-aun-experimenta-un-aumento-en-los-casos-de-covid-19","status":"publish","type":"post","link":"http:\/\/www.pasadenahoy.com\/primero\/la-comunidad\/director-de-salud-la-ciudad-aun-experimenta-un-aumento-en-los-casos-de-covid-19\/","title":{"rendered":"Director de salud: la ciudad a\u00fan experimenta un aumento en los casos de COVID-19"},"content":{"rendered":"\n<div class=\"wp-block-image alignright\"><figure class=\"alignright size-large\"><img loading=\"lazy\" width=\"286\" height=\"416\" src=\"http:\/\/www.pasadenahoy.com\/primero\/wp-content\/uploads\/2021\/08\/pic-2-5.jpg\" alt=\"\" class=\"wp-image-10380\" srcset=\"http:\/\/www.pasadenahoy.com\/primero\/wp-content\/uploads\/2021\/08\/pic-2-5.jpg 286w, http:\/\/www.pasadenahoy.com\/primero\/wp-content\/uploads\/2021\/08\/pic-2-5-206x300.jpg 206w, http:\/\/www.pasadenahoy.com\/primero\/wp-content\/uploads\/2021\/08\/pic-2-5-89x130.jpg 89w, http:\/\/www.pasadenahoy.com\/primero\/wp-content\/uploads\/2021\/08\/pic-2-5-124x180.jpg 124w\" sizes=\"100vw\" \/><figcaption><span class=\"caption-text\">Dr. Ying Ying Goh<\/span><\/figcaption><\/figure><\/div>\n\n\n\n<p>El lunes, el director de Salud P\u00fablica, el Dr. Ying-Ying Goh, actualiz\u00f3 al Ayuntamiento sobre la batalla de la ciudad contra COVID-19.<\/p>\n\n\n\n<p>&#8220;Todav\u00eda estamos experimentando un aumento&#8221;, dijo el Dr. Goh. &#8220;Estamos en el mismo nivel alto de transmisi\u00f3n que el condado de Los \u00c1ngeles y Long Beach&#8221;.<\/p>\n\n\n\n<p>Seg\u00fan Goh, la tasa de casos locales ha aumentado a 31 nuevos casos por d\u00eda desde el 4 de julio.<\/p>\n\n\n\n<p>Ning\u00fan residente completamente vacunado ha muerto por el virus en Pasadena.<\/p>\n\n\n\n<p>Los residentes no vacunados tienen 3,5 veces m\u00e1s probabilidades que los residentes vacunados de contraer el virus.<\/p>\n\n\n\n<p>Los ni\u00f1os menores de 12 a\u00f1os en este momento no pueden vacunarse contra el virus. Goh dijo que desde que comenzaron las clases la semana pasada, algunos ni\u00f1os en edad escolar dieron positivo.<\/p>\n\n\n\n<p>Goh no enumer\u00f3 las escuelas involucradas.<\/p>\n\n\n\n<p>\u201cNecesitamos monitorear ese tema de cerca\u201d, dijo el alcalde V\u00edctor Gordo. Gordo pidi\u00f3 al distrito que ordenara las vacunas a fines del mes pasado.<\/p>\n\n\n\n<p>Sin embargo, el distrito no tom\u00f3 ninguna medida. La semana pasada, el gobernador Gavin Newsom orden\u00f3 que los trabajadores de las escuelas se vacunen o se sometan a pruebas obligatorias.<\/p>\n\n\n\n<p>Gordo dijo que la ciudad debe estar preparada para moverse r\u00e1pidamente una vez que los ni\u00f1os m\u00e1s peque\u00f1os puedan recibir la vacuna.<\/p>\n\n\n\n<p>Gordo recomend\u00f3 que la ciudad inicie un programa de inclusi\u00f3n voluntaria que proporcione incentivos para las empresas que exigen vacunas y carteles para que los empleados identifiquen esas empresas al p\u00fablico para aumentar la confianza del consumidor entre el p\u00fablico.<\/p>\n\n\n\n<p>Gordo dijo que recibi\u00f3 comentarios positivos de la comunidad empresarial.<\/p>\n\n\n\n<p>Seg\u00fan los \u00faltimos datos proporcionados a Pasadena Now el lunes, las autoridades de Pasadena informaron 59 nuevos casos de COVID-19 durante el fin de semana y 49 casos el lunes. No se han reportado nuevas muertes desde el viernes.<\/p>\n\n\n\n<p>Actualmente hay 34 pacientes que luchan contra el virus en el Huntington Hospital, seg\u00fan la presidenta y directora ejecutiva, la Dra. Lori Morgan. Ocho de ellos se encuentran en la Unidad de Cuidados Intensivos.<\/p>\n\n\n\n<p>&#8220;Hemos visto un aumento bastante dram\u00e1tico en el n\u00famero de pacientes que han sido hospitalizados&#8221;, dijo Morgan.<\/p>\n\n\n\n<p>El hospital se redujo a menos de cinco pacientes en la Unidad de Cuidados Intensivos el mes pasado.<\/p>\n\n\n\n<p>&#8220;Nos quedamos dos o tres&#8221;, dijo Morgan. \u201cNo estamos ni cerca de donde est\u00e1bamos en enero. Esperamos no volver all\u00ed de nuevo.<\/p>\n\n\n\n<p>Seg\u00fan Morgan, todos los pacientes de COVID-19 en Huntington no estaban vacunados o estaban parcialmente vacunados.<\/p>\n\n\n\n<p>\u201cDelta no ser\u00e1 la \u00faltima variante de la que se va a enterar\u201d, dijo Morgan.<\/p>\n\n\n\n<p>El administrador de la ciudad, Steve Mermell, dijo que la ciudad contin\u00faa protegiendo a los empleados municipales.<\/p>\n\n\n\n<p>\u201cSeguimos haciendo cumplir las reglas para asegurarnos de que nuestra fuerza laboral se mantenga segura\u201d, dijo Mermell.<\/p>\n\n\n\n<p>Con la bendici\u00f3n recientemente otorgada por el gobierno federal, los funcionarios de salud del condado de Los \u00c1ngeles comenzaron a ofrecer terceras dosis de las vacunas Pfizer y Moderna COVID-19 el s\u00e1bado para personas con sistemas inmunol\u00f3gicos gravemente comprometidos.<\/p>\n\n\n\n<p>Entre los que califican para las vacunas de refuerzo se encuentran los receptores de trasplantes de \u00f3rganos, las personas que se someten a un tratamiento contra el c\u00e1ncer, los pacientes con VIH y las personas que toman &#8220;medicamentos inmunosupresores&#8221; selectos.<\/p>\n\n\n\n<p>El departamento de salud inst\u00f3 a las personas a consultar a sus m\u00e9dicos para confirmar su elegibilidad para la tercera inyecci\u00f3n, que debe administrarse al menos 28 d\u00edas despu\u00e9s de la segunda dosis.<\/p>\n\n\n\n<p>Las terceras dosis se ofrecen en los lugares de vacunaci\u00f3n del condado que ofrecen las vacunas Pfizer y Moderna.<\/p>\n\n\n\n<p>Las personas que busquen las vacunas podr\u00e1n simplemente &#8220;dar fe de s\u00ed mismas&#8221; de que tienen una afecci\u00f3n m\u00e9dica que los califique.<\/p>\n\n\n\n<p>Las vacunas de refuerzo recibieron la aprobaci\u00f3n final la semana pasada de la Administraci\u00f3n de Alimentos y Medicamentos de EE. UU. Y los Centros para el Control y la Prevenci\u00f3n de Enfermedades.<\/p>\n","protected":false},"excerpt":{"rendered":"<p>El lunes, el director de Salud P\u00fablica, el Dr. Ying-Ying Goh, actualiz\u00f3 al Ayuntamiento sobre la batalla de la ciudad contra COVID-19. &#8220;Todav\u00eda estamos experimentando un aumento&#8221;, dijo el Dr. Goh. &#8220;Estamos en el mismo nivel alto de transmisi\u00f3n que el condado de Los \u00c1ngeles y Long Beach&#8221;. Seg\u00fan Goh, la tasa de casos locales ha aumentado a 31 nuevos casos por d\u00eda desde el 4 de julio. Ning\u00fan residente completamente vacunado ha muerto por el virus en Pasadena. Los [&hellip;]<\/p>\n","protected":false},"author":4,"featured_media":10380,"comment_status":"open","ping_status":"closed","sticky":false,"template":"","format":"standard","meta":[],"categories":[4],"tags":[],"acf":[],"_links":{"self":[{"href":"http:\/\/www.pasadenahoy.com\/primero\/wp-json\/wp\/v2\/posts\/10379"}],"collection":[{"href":"http:\/\/www.pasadenahoy.com\/primero\/wp-json\/wp\/v2\/posts"}],"about":[{"href":"http:\/\/www.pasadenahoy.com\/primero\/wp-json\/wp\/v2\/types\/post"}],"author":[{"embeddable":true,"href":"http:\/\/www.pasadenahoy.com\/primero\/wp-json\/wp\/v2\/users\/4"}],"replies":[{"embeddable":true,"href":"http:\/\/www.pasadenahoy.com\/primero\/wp-json\/wp\/v2\/comments?post=10379"}],"version-history":[{"count":2,"href":"http:\/\/www.pasadenahoy.com\/primero\/wp-json\/wp\/v2\/posts\/10379\/revisions"}],"predecessor-version":[{"id":10382,"href":"http:\/\/www.pasadenahoy.com\/primero\/wp-json\/wp\/v2\/posts\/10379\/revisions\/10382"}],"wp:featuredmedia":[{"embeddable":true,"href":"http:\/\/www.pasadenahoy.com\/primero\/wp-json\/wp\/v2\/media\/10380"}],"wp:attachment":[{"href":"http:\/\/www.pasadenahoy.com\/primero\/wp-json\/wp\/v2\/media?parent=10379"}],"wp:term":[{"taxonomy":"category","embeddable":true,"href":"http:\/\/www.pasadenahoy.com\/primero\/wp-json\/wp\/v2\/categories?post=10379"},{"taxonomy":"post_tag","embeddable":true,"href":"http:\/\/www.pasadenahoy.com\/primero\/wp-json\/wp\/v2\/tags?post=10379"}],"curies":[{"name":"wp","href":"https:\/\/api.w.org\/{rel}","templated":true}]}}