{"id":10383,"date":"2021-08-17T15:15:45","date_gmt":"2021-08-17T15:15:45","guid":{"rendered":"http:\/\/www.pasadenahoy.com\/primero\/?p=10383"},"modified":"2021-08-17T15:15:48","modified_gmt":"2021-08-17T15:15:48","slug":"primera-lectura-de-la-ordenanza-modificada-sobre-el-cannabis-presentada","status":"publish","type":"post","link":"http:\/\/www.pasadenahoy.com\/primero\/la-comunidad\/primera-lectura-de-la-ordenanza-modificada-sobre-el-cannabis-presentada\/","title":{"rendered":"Primera lectura de la ordenanza modificada sobre el cannabis presentada"},"content":{"rendered":"\n<figure class=\"wp-block-image alignnone size-large\"><figure class=\"alignnone\"><img loading=\"lazy\" width=\"740\" height=\"400\" src=\"http:\/\/www.pasadenahoy.com\/primero\/wp-content\/uploads\/2021\/08\/pic-3-5.jpg\" alt=\"\" class=\"wp-image-10384\" srcset=\"http:\/\/www.pasadenahoy.com\/primero\/wp-content\/uploads\/2021\/08\/pic-3-5.jpg 740w, http:\/\/www.pasadenahoy.com\/primero\/wp-content\/uploads\/2021\/08\/pic-3-5-300x162.jpg 300w, http:\/\/www.pasadenahoy.com\/primero\/wp-content\/uploads\/2021\/08\/pic-3-5-241x130.jpg 241w, http:\/\/www.pasadenahoy.com\/primero\/wp-content\/uploads\/2021\/08\/pic-3-5-333x180.jpg 333w, http:\/\/www.pasadenahoy.com\/primero\/wp-content\/uploads\/2021\/08\/pic-3-5-700x378.jpg 700w, http:\/\/www.pasadenahoy.com\/primero\/wp-content\/uploads\/2021\/08\/pic-3-5-360x195.jpg 360w, http:\/\/www.pasadenahoy.com\/primero\/wp-content\/uploads\/2021\/08\/pic-3-5-720x389.jpg 720w\" sizes=\"100vw\" \/><\/figure><\/figure>\n\n\n\n<p>Al comienzo de la reuni\u00f3n del Concejo Municipal del lunes, el alcalde V\u00edctor Gordo anunci\u00f3 que la primera lectura de la enmienda se llevar\u00e1 a cabo en una fecha posterior.<\/p>\n\n\n\n<p>Seg\u00fan Gordo, se est\u00e1 haciendo &#8220;m\u00e1s trabajo&#8221; en la ordenanza.<\/p>\n\n\n\n<p>La semana pasada, el consejo vot\u00f3 para enmendar la ordenanza para aumentar el n\u00famero de dispensarios permitidos en la ciudad y cambiar los requisitos de distancia entre esos puntos de venta.<\/p>\n\n\n\n<p>Las nuevas regulaciones permitir\u00e1n que el n\u00famero de minoristas de cannabis aumente de uno a tres en cada uno de los siete distritos del consejo de la ciudad y reducir\u00e1 la distancia requerida entre los minoristas de 1,000 pies a 450 pies.<\/p>\n\n\n\n<p>Los concejales John Kennedy, Felicia Williams y Gene Masuda se opusieron a la medida.<\/p>\n\n\n\n<p>Kennedy expres\u00f3 su oposici\u00f3n a las enmiendas y abiertamente las llam\u00f3 discriminatorias y dijo que el personal hizo un trabajo &#8220;de mala calidad&#8221; en la enmienda.<\/p>\n\n\n\n<p>Los afroamericanos y los latinos fueron los m\u00e1s afectados por las acciones de aplicaci\u00f3n de la ley por las actividades ilegales de cannabis durante d\u00e9cadas, pero ahora se est\u00e1n eliminando las ventajas econ\u00f3micas de vender cannabis legalmente en muchas comunidades.<\/p>\n\n\n\n<p>En Pasadena, cost\u00f3 $ 14,000 solo para ingresar al proceso de aprobaci\u00f3n de cannabis de la ciudad.<\/p>\n\n\n\n<p>No se espera que la ciudad considere implementar un programa de equidad social para el comercio de cannabis hasta el pr\u00f3ximo a\u00f1o.<\/p>\n\n\n\n<p>En 2018, los votantes aprobaron la Medida CC, que permite un m\u00e1ximo de seis dispensarios y requiere que cada tienda mantenga una distancia de otros dispensarios, as\u00ed como de iglesias, escuelas, bibliotecas y parques.<\/p>\n\n\n\n<p>Las enmiendas propuestas eliminar\u00edan esos l\u00edmites de distancia mediante la adopci\u00f3n de requisitos impuestos por el estado.<\/p>\n\n\n\n<p>La ciudad eligi\u00f3 seis dispensarios en 2019 para avanzar en su proceso con Integral, Atrium, Sweetflower, Medmen, Harvest y Tony Fong.<\/p>\n\n\n\n<p>Hasta ahora, solo dos de esos dispensarios, Integral y Tony Fong, han abierto. Seg\u00fan un informe del personal, Harvest tiene planes de abrir en el Distrito 3.<\/p>\n\n\n\n<p>Atrium, MedMen y Sweetflower intentaron sin \u00e9xito demandar a la ciudad despu\u00e9s de que no se les permiti\u00f3 avanzar en el proceso de aprobaci\u00f3n.<br>More about this source textSource text required for additional translation information<\/p>\n","protected":false},"excerpt":{"rendered":"<p>Al comienzo de la reuni\u00f3n del Concejo Municipal del lunes, el alcalde V\u00edctor Gordo anunci\u00f3 que la primera lectura de la enmienda se llevar\u00e1 a cabo en una fecha posterior. Seg\u00fan Gordo, se est\u00e1 haciendo &#8220;m\u00e1s trabajo&#8221; en la ordenanza. La semana pasada, el consejo vot\u00f3 para enmendar la ordenanza para aumentar el n\u00famero de dispensarios permitidos en la ciudad y cambiar los requisitos de distancia entre esos puntos de venta. Las nuevas regulaciones permitir\u00e1n que el n\u00famero de minoristas [&hellip;]<\/p>\n","protected":false},"author":4,"featured_media":10384,"comment_status":"open","ping_status":"closed","sticky":false,"template":"","format":"standard","meta":[],"categories":[4],"tags":[],"acf":[],"_links":{"self":[{"href":"http:\/\/www.pasadenahoy.com\/primero\/wp-json\/wp\/v2\/posts\/10383"}],"collection":[{"href":"http:\/\/www.pasadenahoy.com\/primero\/wp-json\/wp\/v2\/posts"}],"about":[{"href":"http:\/\/www.pasadenahoy.com\/primero\/wp-json\/wp\/v2\/types\/post"}],"author":[{"embeddable":true,"href":"http:\/\/www.pasadenahoy.com\/primero\/wp-json\/wp\/v2\/users\/4"}],"replies":[{"embeddable":true,"href":"http:\/\/www.pasadenahoy.com\/primero\/wp-json\/wp\/v2\/comments?post=10383"}],"version-history":[{"count":2,"href":"http:\/\/www.pasadenahoy.com\/primero\/wp-json\/wp\/v2\/posts\/10383\/revisions"}],"predecessor-version":[{"id":10386,"href":"http:\/\/www.pasadenahoy.com\/primero\/wp-json\/wp\/v2\/posts\/10383\/revisions\/10386"}],"wp:featuredmedia":[{"embeddable":true,"href":"http:\/\/www.pasadenahoy.com\/primero\/wp-json\/wp\/v2\/media\/10384"}],"wp:attachment":[{"href":"http:\/\/www.pasadenahoy.com\/primero\/wp-json\/wp\/v2\/media?parent=10383"}],"wp:term":[{"taxonomy":"category","embeddable":true,"href":"http:\/\/www.pasadenahoy.com\/primero\/wp-json\/wp\/v2\/categories?post=10383"},{"taxonomy":"post_tag","embeddable":true,"href":"http:\/\/www.pasadenahoy.com\/primero\/wp-json\/wp\/v2\/tags?post=10383"}],"curies":[{"name":"wp","href":"https:\/\/api.w.org\/{rel}","templated":true}]}}