{"id":10402,"date":"2021-08-18T15:09:18","date_gmt":"2021-08-18T15:09:18","guid":{"rendered":"http:\/\/www.pasadenahoy.com\/primero\/?p=10402"},"modified":"2021-08-18T15:09:21","modified_gmt":"2021-08-18T15:09:21","slug":"la-junta-del-pcc-votara-sobre-el-mandato-de-vacunas-para-profesores-personal-y-estudiantes","status":"publish","type":"post","link":"http:\/\/www.pasadenahoy.com\/primero\/la-comunidad\/la-junta-del-pcc-votara-sobre-el-mandato-de-vacunas-para-profesores-personal-y-estudiantes\/","title":{"rendered":"La junta del PCC votar\u00e1 sobre el mandato de vacunas para profesores, personal y estudiantes"},"content":{"rendered":"\n<figure class=\"wp-block-image alignnone size-large\"><figure class=\"alignnone\"><img loading=\"lazy\" width=\"740\" height=\"400\" src=\"http:\/\/www.pasadenahoy.com\/primero\/wp-content\/uploads\/2021\/08\/pic-1-7.jpg\" alt=\"\" class=\"wp-image-10403\" srcset=\"http:\/\/www.pasadenahoy.com\/primero\/wp-content\/uploads\/2021\/08\/pic-1-7.jpg 740w, http:\/\/www.pasadenahoy.com\/primero\/wp-content\/uploads\/2021\/08\/pic-1-7-300x162.jpg 300w, http:\/\/www.pasadenahoy.com\/primero\/wp-content\/uploads\/2021\/08\/pic-1-7-241x130.jpg 241w, http:\/\/www.pasadenahoy.com\/primero\/wp-content\/uploads\/2021\/08\/pic-1-7-333x180.jpg 333w, http:\/\/www.pasadenahoy.com\/primero\/wp-content\/uploads\/2021\/08\/pic-1-7-700x378.jpg 700w, http:\/\/www.pasadenahoy.com\/primero\/wp-content\/uploads\/2021\/08\/pic-1-7-360x195.jpg 360w, http:\/\/www.pasadenahoy.com\/primero\/wp-content\/uploads\/2021\/08\/pic-1-7-720x389.jpg 720w\" sizes=\"100vw\" \/><\/figure><\/figure>\n\n\n\n<p>La Junta de S\u00edndicos de Pasadena City College votar\u00e1 el jueves sobre un memorando de entendimiento (MOU) que prohibir\u00eda la entrada al campus a estudiantes, personal y profesores no vacunados a partir del 30 de septiembre.<\/p>\n\n\n\n<p>\u201cLos estudiantes que no est\u00e9n completamente vacunados para el 30 de septiembre de 2021 ser\u00e1n retirados de todas sus clases presenciales\u201d, seg\u00fan un acuerdo de regreso al campus del semestre de oto\u00f1o de 2021.<\/p>\n\n\n\n<p>\u201cLos profesores, que no est\u00e1n exentos y que optan por no vacunarse, ser\u00e1n colocados en licencia sin goce de sueldo por la duraci\u00f3n del semestre en el que no est\u00e9n vacunados, sin exceder los dos semestres con la aprobaci\u00f3n de la junta\u201d, establece el acuerdo.<\/p>\n\n\n\n<p>Los estudiantes que tomen clases en el campus deber\u00e1n recibir al menos una vacuna antes del 30 de agosto con verificaci\u00f3n de la segunda vacuna antes del 13 de septiembre, lo que permitir\u00e1 las exenciones m\u00e9dicas y religiosas requeridas por la ley estatal y federal.<\/p>\n\n\n\n<p>El MOU enumera las vacunas como una &#8220;condici\u00f3n de empleo o inscripci\u00f3n&#8221;.<\/p>\n\n\n\n<p>Los profesores que ense\u00f1an en el campus que tienen exenciones y ense\u00f1an en el campus o no est\u00e1n vacunados deben ser evaluados semanalmente.<\/p>\n\n\n\n<p>La junta est\u00e1 programada para reunirse a las 4 p.m. Jueves.<\/p>\n\n\n\n<p>Cuando fue contactada por Pasadena Now, la presidenta del PCC, Erika A. Endrijonas, dijo que no discutir\u00eda el tema hasta despu\u00e9s de que la junta votara el jueves.<\/p>\n\n\n\n<p>La presidenta de la Junta de Fideicomisarios, Berlinda Brown, dijo que discutir\u00eda el tema despu\u00e9s de la votaci\u00f3n para poder hablar en nombre de la junta.<\/p>\n\n\n\n<p>Los colegios estatales han instituido mandatos similares.<\/p>\n\n\n\n<p>PCC pas\u00f3 a la educaci\u00f3n a distancia en marzo de 2020.<\/p>\n\n\n\n<p>Se est\u00e1n promulgando mandatos de vacunas en un esfuerzo por combatir el coronavirus, que ahora se encuentra en su cuarta ola de infecciones graves.<\/p>\n\n\n\n<p>Actualmente, la variante Delta es la cepa m\u00e1s dominante en casos en los EE. UU.<\/p>\n\n\n\n<p>La cepa Delta es dos veces m\u00e1s contagiosa que la Delta prime.<\/p>\n\n\n\n<p>Las personas no vacunadas tienen casi cuatro veces m\u00e1s probabilidades de contraer el virus que las personas vacunadas.<\/p>\n\n\n\n<p>El lunes, la presidenta del Huntington Hospital, Lori Morgan, le dijo al Ayuntamiento de Pasadena que actualmente hay 34 pacientes que luchan contra el virus en el hospital, incluidos ocho en cuidados intensivos.<\/p>\n\n\n\n<p>&#8220;Hemos visto un aumento bastante dram\u00e1tico en el n\u00famero de pacientes que han sido hospitalizados&#8221;, dijo Morgan.<\/p>\n\n\n\n<p>El hospital se redujo a menos de cinco pacientes en cuidados intensivos el mes pasado.<\/p>\n\n\n\n<p>&#8220;Nos quedamos dos o tres&#8221;, dijo Morgan. \u201cNo estamos ni cerca de donde est\u00e1bamos en enero. Esperamos no volver all\u00ed de nuevo &#8220;.<\/p>\n\n\n\n<p>Seg\u00fan Morgan, todos los pacientes de COVID-19 en Huntington no estaban vacunados o estaban parcialmente vacunados.<\/p>\n\n\n\n<p>\u201cDelta no ser\u00e1 la \u00faltima variante de la que se va a enterar\u201d, dijo Morgan.<\/p>\n\n\n\n<p>La reuni\u00f3n se puede ver en: <a href=\"https:\/\/youtu.be\/9i5aUV98uh0\">https:\/\/youtu.be\/9i5aUV98uh0<\/a><\/p>\n","protected":false},"excerpt":{"rendered":"<p>La Junta de S\u00edndicos de Pasadena City College votar\u00e1 el jueves sobre un memorando de entendimiento (MOU) que prohibir\u00eda la entrada al campus a estudiantes, personal y profesores no vacunados a partir del 30 de septiembre. \u201cLos estudiantes que no est\u00e9n completamente vacunados para el 30 de septiembre de 2021 ser\u00e1n retirados de todas sus clases presenciales\u201d, seg\u00fan un acuerdo de regreso al campus del semestre de oto\u00f1o de 2021. \u201cLos profesores, que no est\u00e1n exentos y que optan por [&hellip;]<\/p>\n","protected":false},"author":4,"featured_media":10403,"comment_status":"open","ping_status":"closed","sticky":false,"template":"","format":"standard","meta":[],"categories":[4],"tags":[],"acf":[],"_links":{"self":[{"href":"http:\/\/www.pasadenahoy.com\/primero\/wp-json\/wp\/v2\/posts\/10402"}],"collection":[{"href":"http:\/\/www.pasadenahoy.com\/primero\/wp-json\/wp\/v2\/posts"}],"about":[{"href":"http:\/\/www.pasadenahoy.com\/primero\/wp-json\/wp\/v2\/types\/post"}],"author":[{"embeddable":true,"href":"http:\/\/www.pasadenahoy.com\/primero\/wp-json\/wp\/v2\/users\/4"}],"replies":[{"embeddable":true,"href":"http:\/\/www.pasadenahoy.com\/primero\/wp-json\/wp\/v2\/comments?post=10402"}],"version-history":[{"count":2,"href":"http:\/\/www.pasadenahoy.com\/primero\/wp-json\/wp\/v2\/posts\/10402\/revisions"}],"predecessor-version":[{"id":10405,"href":"http:\/\/www.pasadenahoy.com\/primero\/wp-json\/wp\/v2\/posts\/10402\/revisions\/10405"}],"wp:featuredmedia":[{"embeddable":true,"href":"http:\/\/www.pasadenahoy.com\/primero\/wp-json\/wp\/v2\/media\/10403"}],"wp:attachment":[{"href":"http:\/\/www.pasadenahoy.com\/primero\/wp-json\/wp\/v2\/media?parent=10402"}],"wp:term":[{"taxonomy":"category","embeddable":true,"href":"http:\/\/www.pasadenahoy.com\/primero\/wp-json\/wp\/v2\/categories?post=10402"},{"taxonomy":"post_tag","embeddable":true,"href":"http:\/\/www.pasadenahoy.com\/primero\/wp-json\/wp\/v2\/tags?post=10402"}],"curies":[{"name":"wp","href":"https:\/\/api.w.org\/{rel}","templated":true}]}}