{"id":10406,"date":"2021-08-18T15:14:12","date_gmt":"2021-08-18T15:14:12","guid":{"rendered":"http:\/\/www.pasadenahoy.com\/primero\/?p=10406"},"modified":"2021-08-18T15:14:15","modified_gmt":"2021-08-18T15:14:15","slug":"el-ayuntamiento-rechaza-la-ley-estatal-que-restringe-las-contribuciones-a-las-campanas-y-elimina-los-limites","status":"publish","type":"post","link":"http:\/\/www.pasadenahoy.com\/primero\/el-gobierno-local\/el-ayuntamiento-rechaza-la-ley-estatal-que-restringe-las-contribuciones-a-las-campanas-y-elimina-los-limites\/","title":{"rendered":"El Ayuntamiento rechaza la ley estatal que restringe las contribuciones a las campa\u00f1as y elimina los l\u00edmites"},"content":{"rendered":"\n<figure class=\"wp-block-image alignnone size-large\"><figure class=\"alignnone\"><img loading=\"lazy\" width=\"740\" height=\"400\" src=\"http:\/\/www.pasadenahoy.com\/primero\/wp-content\/uploads\/2021\/08\/pic-2-6.jpg\" alt=\"\" class=\"wp-image-10407\" srcset=\"http:\/\/www.pasadenahoy.com\/primero\/wp-content\/uploads\/2021\/08\/pic-2-6.jpg 740w, http:\/\/www.pasadenahoy.com\/primero\/wp-content\/uploads\/2021\/08\/pic-2-6-300x162.jpg 300w, http:\/\/www.pasadenahoy.com\/primero\/wp-content\/uploads\/2021\/08\/pic-2-6-241x130.jpg 241w, http:\/\/www.pasadenahoy.com\/primero\/wp-content\/uploads\/2021\/08\/pic-2-6-333x180.jpg 333w, http:\/\/www.pasadenahoy.com\/primero\/wp-content\/uploads\/2021\/08\/pic-2-6-700x378.jpg 700w, http:\/\/www.pasadenahoy.com\/primero\/wp-content\/uploads\/2021\/08\/pic-2-6-360x195.jpg 360w, http:\/\/www.pasadenahoy.com\/primero\/wp-content\/uploads\/2021\/08\/pic-2-6-720x389.jpg 720w\" sizes=\"100vw\" \/><\/figure><\/figure>\n\n\n\n<p>El lunes, el Concejo Municipal orden\u00f3 la elaboraci\u00f3n de una ordenanza que reemplazar\u00eda los l\u00edmites de contribuci\u00f3n de campa\u00f1a respaldados por el estado durante las elecciones locales con una versi\u00f3n sin l\u00edmites de Pasadena.<\/p>\n\n\n\n<p>Un total de seis miembros del consejo votaron para aprobar la recomendaci\u00f3n de un comit\u00e9 ad hoc para que la ciudad adopte una ordenanza que estipule que no habr\u00e1 l\u00edmites en d\u00f3lares para las contribuciones de financiamiento de campa\u00f1as locales.<\/p>\n\n\n\n<p>El alcalde Victor Gordo, los concejales Tyron Hampton, John Kennedy, Steve Madison, Gene Masuda y Felicia Williams votaron a favor de la ordenanza.<\/p>\n\n\n\n<p>El concejal Jess Rivas vot\u00f3 no y el vicealcalde Andy Wilson estuvo ausente.<\/p>\n\n\n\n<p>El Proyecto de Ley 571 de la Asamblea, una ley estatal que entr\u00f3 en vigencia en enero pasado, limita las contribuciones de campa\u00f1a a $ 4,900 por contribuyente durante una elecci\u00f3n.<\/p>\n\n\n\n<p>Seg\u00fan la Secci\u00f3n 85702.5 del C\u00f3digo de Gobierno, una ciudad puede, mediante ordenanza o resoluci\u00f3n, imponer un l\u00edmite a las contribuciones de campa\u00f1a que sea diferente de lo establecido por el Estado.<\/p>\n\n\n\n<p>El 18 de junio, un comit\u00e9 ad hoc formado por Gordo, Madison y Williams se reuni\u00f3 con la fiscal municipal Michele Bagneris y el secretario municipal Mark Jomsky para discutir el tema.<\/p>\n\n\n\n<p>La reuni\u00f3n tuvo lugar despu\u00e9s de que el Ayuntamiento en su reuni\u00f3n del 8 de marzo llegara a un consenso de que los l\u00edmites de contribuci\u00f3n a la campa\u00f1a deber\u00edan determinarse localmente.<\/p>\n\n\n\n<p>Seg\u00fan Gordo, el comit\u00e9 ad hoc recomend\u00f3 un\u00e1nimemente la elaboraci\u00f3n de una ordenanza que no impondr\u00e1 l\u00edmites a las contribuciones de campa\u00f1a.<\/p>\n\n\n\n<p>\u201cEl ad hoc discuti\u00f3 tres alternativas y recomend\u00f3 por unanimidad una alternativa que es adoptar una ordenanza que estipule que no habr\u00e1 l\u00edmites en d\u00f3lares para las contribuciones de financiamiento de campa\u00f1as locales, lo cual es consistente con lo que ha existido hist\u00f3ricamente en Pasadena antes de AB 571\u201d.<\/p>\n\n\n\n<p>\u201cTomar la alternativa uno crea una oportunidad para que continuemos con la transparencia y el sol como lo ten\u00edamos y luego tambi\u00e9n permite que la gente recaude dinero y desaf\u00ede a los titulares\u201d, dijo Gordo.<\/p>\n\n\n\n<p>Una vez que la ordenanza sea aprobada por el Concejo Municipal, reemplazar\u00e1 a AB571.<\/p>\n\n\n\n<p>\u201cRegresar\u00edamos a la pr\u00e1ctica de contribuci\u00f3n a la campa\u00f1a vigente antes de que se impusiera la ley estatal en las jurisdicciones locales\u201d, dijo Gordo. &#8220;Todos los materiales de divulgaci\u00f3n de financiaci\u00f3n de campa\u00f1as de nuestro sistema se publican en l\u00ednea y est\u00e1n disponibles para el p\u00fablico&#8221;.<\/p>\n\n\n\n<p>Al explicar su voto, Rivas expres\u00f3 su preocupaci\u00f3n sobre c\u00f3mo el p\u00fablico puede percibir las grandes contribuciones de campa\u00f1a, y agreg\u00f3 que el p\u00fablico podr\u00eda pensar que los funcionarios estar\u00e1n en deuda con los donantes que aportaron grandes cantidades y priorizar\u00e1n sus intereses a expensas de la gente.<\/p>\n\n\n\n<p>\u201cNo apoyar\u00eda contribuciones ilimitadas. Personalmente, creo que el saldo l\u00edmite estatal no es tan peque\u00f1o \u201d, dijo tambi\u00e9n Rivas.<\/p>\n\n\n\n<p>Durante su reuni\u00f3n, el Ayuntamiento tambi\u00e9n ha decidido discutir m\u00e1s a fondo si limitar\u00e1 o no las contribuciones de campa\u00f1a de grupos e individuos que hacen negocios con la ciudad.<\/p>\n\n\n\n<p>La decisi\u00f3n del Concejo Municipal de proceder con una ordenanza local se realiz\u00f3 meses antes del per\u00edodo de campa\u00f1a para las Elecciones Primarias de Nominaci\u00f3n de 2022, y los Distritos 3, 5 y 7 del Concejo Municipal est\u00e1n programados para estar activos en el pr\u00f3ximo ciclo electoral.<\/p>\n\n\n\n<p>El per\u00edodo oficial de nominaciones para las elecciones del 7 de junio comienza el 14 de febrero.<\/p>\n","protected":false},"excerpt":{"rendered":"<p>El lunes, el Concejo Municipal orden\u00f3 la elaboraci\u00f3n de una ordenanza que reemplazar\u00eda los l\u00edmites de contribuci\u00f3n de campa\u00f1a respaldados por el estado durante las elecciones locales con una versi\u00f3n sin l\u00edmites de Pasadena. Un total de seis miembros del consejo votaron para aprobar la recomendaci\u00f3n de un comit\u00e9 ad hoc para que la ciudad adopte una ordenanza que estipule que no habr\u00e1 l\u00edmites en d\u00f3lares para las contribuciones de financiamiento de campa\u00f1as locales. El alcalde Victor Gordo, los concejales [&hellip;]<\/p>\n","protected":false},"author":4,"featured_media":10407,"comment_status":"open","ping_status":"closed","sticky":false,"template":"","format":"standard","meta":[],"categories":[6],"tags":[],"acf":[],"_links":{"self":[{"href":"http:\/\/www.pasadenahoy.com\/primero\/wp-json\/wp\/v2\/posts\/10406"}],"collection":[{"href":"http:\/\/www.pasadenahoy.com\/primero\/wp-json\/wp\/v2\/posts"}],"about":[{"href":"http:\/\/www.pasadenahoy.com\/primero\/wp-json\/wp\/v2\/types\/post"}],"author":[{"embeddable":true,"href":"http:\/\/www.pasadenahoy.com\/primero\/wp-json\/wp\/v2\/users\/4"}],"replies":[{"embeddable":true,"href":"http:\/\/www.pasadenahoy.com\/primero\/wp-json\/wp\/v2\/comments?post=10406"}],"version-history":[{"count":2,"href":"http:\/\/www.pasadenahoy.com\/primero\/wp-json\/wp\/v2\/posts\/10406\/revisions"}],"predecessor-version":[{"id":10409,"href":"http:\/\/www.pasadenahoy.com\/primero\/wp-json\/wp\/v2\/posts\/10406\/revisions\/10409"}],"wp:featuredmedia":[{"embeddable":true,"href":"http:\/\/www.pasadenahoy.com\/primero\/wp-json\/wp\/v2\/media\/10407"}],"wp:attachment":[{"href":"http:\/\/www.pasadenahoy.com\/primero\/wp-json\/wp\/v2\/media?parent=10406"}],"wp:term":[{"taxonomy":"category","embeddable":true,"href":"http:\/\/www.pasadenahoy.com\/primero\/wp-json\/wp\/v2\/categories?post=10406"},{"taxonomy":"post_tag","embeddable":true,"href":"http:\/\/www.pasadenahoy.com\/primero\/wp-json\/wp\/v2\/tags?post=10406"}],"curies":[{"name":"wp","href":"https:\/\/api.w.org\/{rel}","templated":true}]}}