{"id":10414,"date":"2021-08-18T15:26:20","date_gmt":"2021-08-18T15:26:20","guid":{"rendered":"http:\/\/www.pasadenahoy.com\/primero\/?p=10414"},"modified":"2021-08-18T15:26:22","modified_gmt":"2021-08-18T15:26:22","slug":"punto-de-control-del-plan-de-la-policia-de-pasadena-patrullas-adicionales-el-viernes","status":"publish","type":"post","link":"http:\/\/www.pasadenahoy.com\/primero\/la-comunidad\/punto-de-control-del-plan-de-la-policia-de-pasadena-patrullas-adicionales-el-viernes\/","title":{"rendered":"Punto de control del plan de la polic\u00eda de Pasadena, patrullas adicionales el viernes"},"content":{"rendered":"\n<figure class=\"wp-block-image alignnone size-large\"><figure class=\"alignnone\"><img loading=\"lazy\" width=\"740\" height=\"399\" src=\"http:\/\/www.pasadenahoy.com\/primero\/wp-content\/uploads\/2021\/08\/pic-4-8.jpg\" alt=\"\" class=\"wp-image-10415\" srcset=\"http:\/\/www.pasadenahoy.com\/primero\/wp-content\/uploads\/2021\/08\/pic-4-8.jpg 740w, http:\/\/www.pasadenahoy.com\/primero\/wp-content\/uploads\/2021\/08\/pic-4-8-300x162.jpg 300w, http:\/\/www.pasadenahoy.com\/primero\/wp-content\/uploads\/2021\/08\/pic-4-8-241x130.jpg 241w, http:\/\/www.pasadenahoy.com\/primero\/wp-content\/uploads\/2021\/08\/pic-4-8-334x180.jpg 334w, http:\/\/www.pasadenahoy.com\/primero\/wp-content\/uploads\/2021\/08\/pic-4-8-700x377.jpg 700w, http:\/\/www.pasadenahoy.com\/primero\/wp-content\/uploads\/2021\/08\/pic-4-8-360x194.jpg 360w, http:\/\/www.pasadenahoy.com\/primero\/wp-content\/uploads\/2021\/08\/pic-4-8-720x388.jpg 720w\" sizes=\"100vw\" \/><\/figure><\/figure>\n\n\n\n<p>Los oficiales de polic\u00eda adicionales de Pasadena patrullar\u00e1n las calles haciendo cumplir las infracciones de tr\u00e1nsito durante todo el d\u00eda del viernes, antes de un punto de control de sobriedad y licencia de conducir planificado m\u00e1s tarde esa noche, dijeron las autoridades.<\/p>\n\n\n\n<p>Despu\u00e9s de la campa\u00f1a de aplicaci\u00f3n de la ley en toda la ciudad, se llevar\u00e1 a cabo un puesto de control en un lugar no revelado dentro de la ciudad a partir de las 6 p.m. Del viernes a las 3 a.m. del s\u00e1bado, dijo el Departamento de Polic\u00eda de Pasadena en una declaraci\u00f3n escrita.<\/p>\n\n\n\n<p>\u201cLa seguridad de nuestra comunidad es y siempre ser\u00e1 nuestra misi\u00f3n\u201d, Cmdte. Dijo Mark Goodman. &#8220;Buscamos conductores ebrios porque conducir bajo los efectos del alcohol es peligroso y pone en riesgo a otras personas en la carretera&#8221;.<\/p>\n\n\n\n<p>Adem\u00e1s de las sustancias t\u00f3xicas como el alcohol y la marihuana, la polic\u00eda record\u00f3 al p\u00fablico que los medicamentos recetados o de venta libre tambi\u00e9n pueden afectar la capacidad de una persona para conducir.<\/p>\n\n\n\n<p>Los fondos para los programas del viernes son provistos por la Oficina de Seguridad del Tr\u00e1fico de California, a trav\u00e9s de la Administraci\u00f3n Nacional de Seguridad del Tr\u00e1fico en las Carreteras.<\/p>\n","protected":false},"excerpt":{"rendered":"<p>Los oficiales de polic\u00eda adicionales de Pasadena patrullar\u00e1n las calles haciendo cumplir las infracciones de tr\u00e1nsito durante todo el d\u00eda del viernes, antes de un punto de control de sobriedad y licencia de conducir planificado m\u00e1s tarde esa noche, dijeron las autoridades. Despu\u00e9s de la campa\u00f1a de aplicaci\u00f3n de la ley en toda la ciudad, se llevar\u00e1 a cabo un puesto de control en un lugar no revelado dentro de la ciudad a partir de las 6 p.m. Del viernes [&hellip;]<\/p>\n","protected":false},"author":4,"featured_media":0,"comment_status":"open","ping_status":"closed","sticky":false,"template":"","format":"standard","meta":[],"categories":[4],"tags":[],"acf":[],"_links":{"self":[{"href":"http:\/\/www.pasadenahoy.com\/primero\/wp-json\/wp\/v2\/posts\/10414"}],"collection":[{"href":"http:\/\/www.pasadenahoy.com\/primero\/wp-json\/wp\/v2\/posts"}],"about":[{"href":"http:\/\/www.pasadenahoy.com\/primero\/wp-json\/wp\/v2\/types\/post"}],"author":[{"embeddable":true,"href":"http:\/\/www.pasadenahoy.com\/primero\/wp-json\/wp\/v2\/users\/4"}],"replies":[{"embeddable":true,"href":"http:\/\/www.pasadenahoy.com\/primero\/wp-json\/wp\/v2\/comments?post=10414"}],"version-history":[{"count":2,"href":"http:\/\/www.pasadenahoy.com\/primero\/wp-json\/wp\/v2\/posts\/10414\/revisions"}],"predecessor-version":[{"id":10417,"href":"http:\/\/www.pasadenahoy.com\/primero\/wp-json\/wp\/v2\/posts\/10414\/revisions\/10417"}],"wp:attachment":[{"href":"http:\/\/www.pasadenahoy.com\/primero\/wp-json\/wp\/v2\/media?parent=10414"}],"wp:term":[{"taxonomy":"category","embeddable":true,"href":"http:\/\/www.pasadenahoy.com\/primero\/wp-json\/wp\/v2\/categories?post=10414"},{"taxonomy":"post_tag","embeddable":true,"href":"http:\/\/www.pasadenahoy.com\/primero\/wp-json\/wp\/v2\/tags?post=10414"}],"curies":[{"name":"wp","href":"https:\/\/api.w.org\/{rel}","templated":true}]}}